{"id":192160,"date":"2007-10-16T23:07:15","date_gmt":"2007-10-16T23:07:15","guid":{"rendered":"http:\/\/diariodominicano.ddns.net\/?p=192160"},"modified":"2007-10-16T23:07:15","modified_gmt":"2007-10-16T23:07:15","slug":"pina-toribio-ve-sospechoso-ex-oficiales-motoricen-denuncias-del-prd-en-contra-de-leonel","status":"publish","type":"post","link":"https:\/\/diariodominicano.com\/?p=192160","title":{"rendered":"Pina Toribio ve sospechoso ex oficiales motoricen denuncias del PRD en contra de Leonel"},"content":{"rendered":"<p><body><\/p>\n<p align=\"justify\" class=\"titulogrande1\">Pina Toribio ve sospechoso  ex oficiales motoricen denuncias del PRD en contra de Leonel<\/p>\n<p>&#13;<\/p>\n<p align=\"justify\" class=\"text1noticias\"><strong>Santo Domingo.- <\/strong>Cesar Pina Toribio , miembro del Comit\u00e9  Pol\u00edtico y delegado del Partido de la Liberaci\u00f3n Dominicana  ante la Junta Central  Electoral (JCE),\u00a0consider\u00f3 que le \u00a0resulta sospecho que un grupo de  ex oficiales\u00a0 solo se movilicen\u00a0 para respaldar denuncias del PRD y  \u00a0en contra de Leonel Fern\u00e1ndez y el Partido de la Liberaci\u00f3n Dominicana. <\/p>\n<p>&#13;<\/p>\n<p align=\"justify\" class=\"text1noticias\"> La  respuesta de Pina Toribio \u00a0es al anuncio  de oficiales en retiros\u00a0 quienes\u00a0informaron de \u00a0su presencia en  el organismo de comicios porque supuestamente es militar, un actor usado por el  equipo de publicidad de la candidatura del PLD en un spot de televisi\u00f3n. <\/p>\n<p>&#13;<\/p>\n<p align=\"justify\" class=\"text1noticias\"> Considera  que los denunciantes deben actuar con sinceridad y explicarles las verdaderas  razones de una activa movilizaci\u00f3n de esos militares en retiro solo en contra  del PLD o su propuesta electoral. <\/p>\n<p>&#13;<\/p>\n<p align=\"justify\" class=\"text1noticias\">Agreg\u00f3 que \u00abme resulta sospechoso esa  movilizaci\u00f3n de ex militares, incluso con propuestas encaminadas a la Junta Central, en el  caso solo de actuaci\u00f3n del presidente Fern\u00e1ndez y el PLD.\u00a0 Por donde anda  la politizaci\u00f3n es por ah\u00ed\u00bb, dijo Pina Toribio a los  periodistas;\u00a0declaraciones que la Secretar\u00eda de Comunicaciones del PLD rese\u00f1\u00f3. <\/p>\n<p>&#13;<\/p>\n<p align=\"justify\" class=\"text1noticias\">Explic\u00f3 que el Presidente Leonel Fern\u00e1ndez no tiene ni  aupa grupos a lo interno de los cuerpos armados, destacando que\u00a0 el Jefe  del Estado respeta la apoliticidad de esos institutos. <\/p>\n<p>&#13;<\/p>\n<p align=\"justify\" class=\"text1noticias\">A\u00f1adi\u00f3 que \u00absolo el presidente Leonel Fern\u00e1ndez  se ha preocupado de eso (la apoliticidad de los institutos armados) en el  sentido de que no tiene ni \u00a0grupos militares \u00a0y que esos\u00a0 ex  miliares se han movilizado en apoyo de los reclamos del PRD, que es por donde  anda la politizaci\u00f3n\u00bb. <\/p>\n<p>&#13;<\/p>\n<p align=\"justify\" class=\"text1noticias\">Confirm\u00f3 que este martes estar\u00e1n en la Vista de la Junta Central  Electoral presentando\u00a0la posici\u00f3n del PLD en torno al reglamento para la  campa\u00f1a que propone el pleno del organismo comicial a los partidos pol\u00edticos. <\/p>\n<p>&#13;<\/p>\n<p align=\"justify\" class=\"text1noticias\">La convocatoria a los partidos politicos se ha hecho  para este martes 16 del cursante mes de octubre. En ese escenario el PLD fijar\u00e1  la posici\u00f3n oficial sobre el proyecto de reglamento de la campa\u00f1a <\/p>\n<p>&#13;<\/p>\n<h6> 2007-10-16 23:07:15 <\/h6>\n<p><!--\n<link rel=\"stylesheet\" href=\"css\/bootstrap.min.css\">\n\n\n<ul class=\"pagination\">\n\t    \n\t\n\n<li >\n\t<a href='?page_no=34907'>Previous<\/a>\n\t<\/li>\n\n\n       \n    \n\n<li><a href='?page_no=1'>1<\/a><\/li>\n\n\n\n<li><a href='?page_no=2'>2<\/a><\/li>\n\n\n\n<li><a>...<\/a><\/li>\n\n\n\n<li><a href='?page_no=34906'>34906<\/a><\/li>\n\n\n\n<li><a href='?page_no=34907'>34907<\/a><\/li>\n\n\n\n<li class='active'><a>34908<\/a><\/li>\n\n\n\n<li><a href='?page_no=34909'>34909<\/a><\/li>\n\n\n\n<li><a href='?page_no=34910'>34910<\/a><\/li>\n\n\n\n<li><a>...<\/a><\/li>\n\n\n\n<li><a href='?page_no=36999'>36999<\/a><\/li>\n\n\n\n<li><a href='?page_no=37000'>37000<\/a><\/li>\n\n    \n\t\n\n<li >\n\t<a href='?page_no=34909'>Next<\/a>\n\t<\/li>\n\n\n    \n\n<li><a href='?page_no=37000'>Last &rsaquo;&rsaquo;<\/a><\/li>\n\n<\/ul>\n\n\n--><br \/>\n<\/body><\/p>\n","protected":false},"excerpt":{"rendered":"<p>Pina Toribio ve sospechoso ex oficiales motoricen denuncias del PRD en contra de Leonel &#13; Santo Domingo.- Cesar Pina Toribio , miembro del Comit\u00e9 Pol\u00edtico y delegado del Partido de la Liberaci\u00f3n Dominicana ante la Junta Central Electoral (JCE),\u00a0consider\u00f3 que le \u00a0resulta sospecho que un grupo de ex oficiales\u00a0 solo se movilicen\u00a0 para respaldar denuncias [&hellip;]<\/p>\n","protected":false},"author":3,"featured_media":0,"comment_status":"open","ping_status":"open","sticky":false,"template":"","format":"standard","meta":{"footnotes":""},"categories":[22],"tags":[],"class_list":["post-192160","post","type-post","status-publish","format-standard","hentry","category-politica"],"_links":{"self":[{"href":"https:\/\/diariodominicano.com\/index.php?rest_route=\/wp\/v2\/posts\/192160","targetHints":{"allow":["GET"]}}],"collection":[{"href":"https:\/\/diariodominicano.com\/index.php?rest_route=\/wp\/v2\/posts"}],"about":[{"href":"https:\/\/diariodominicano.com\/index.php?rest_route=\/wp\/v2\/types\/post"}],"author":[{"embeddable":true,"href":"https:\/\/diariodominicano.com\/index.php?rest_route=\/wp\/v2\/users\/3"}],"replies":[{"embeddable":true,"href":"https:\/\/diariodominicano.com\/index.php?rest_route=%2Fwp%2Fv2%2Fcomments&post=192160"}],"version-history":[{"count":0,"href":"https:\/\/diariodominicano.com\/index.php?rest_route=\/wp\/v2\/posts\/192160\/revisions"}],"wp:attachment":[{"href":"https:\/\/diariodominicano.com\/index.php?rest_route=%2Fwp%2Fv2%2Fmedia&parent=192160"}],"wp:term":[{"taxonomy":"category","embeddable":true,"href":"https:\/\/diariodominicano.com\/index.php?rest_route=%2Fwp%2Fv2%2Fcategories&post=192160"},{"taxonomy":"post_tag","embeddable":true,"href":"https:\/\/diariodominicano.com\/index.php?rest_route=%2Fwp%2Fv2%2Ftags&post=192160"}],"curies":[{"name":"wp","href":"https:\/\/api.w.org\/{rel}","templated":true}]}}