{"id":192159,"date":"2007-10-17T13:34:58","date_gmt":"2007-10-17T13:34:58","guid":{"rendered":"http:\/\/diariodominicano.ddns.net\/?p=192159"},"modified":"2007-10-17T13:34:58","modified_gmt":"2007-10-17T13:34:58","slug":"pld-pide-reglamento-vaya-al-congreso","status":"publish","type":"post","link":"https:\/\/diariodominicano.com\/?p=192159","title":{"rendered":"PLD pide reglamento vaya al Congreso"},"content":{"rendered":"<p><body><\/p>\n<p class=\"titulogrande1\">PLD pide  reglamento vaya al Congreso<\/p>\n<p>&#13;<\/p>\n<p align=\"justify\" class=\"text1noticias\"><strong><img loading=\"lazy\" decoding=\"async\" src=\"http:\/\/localhost:8080\/pictures\/pld269.jpg\" width=\"268\" height=\"209\" hspace=\"4\" align=\"left\" \/>Santo Domingo.-<\/strong> El Partido de la Liberaci\u00f3n Dominicana  (PLD propuso\u00a0 que el Reglamento de  Campa\u00f1a Electoral, Actos de Propaganda y Uso de Medios de Comunicaci\u00f3n\u00a0 sea ventilado en el Congreso de la Rep\u00fablica, porque excede  el marco de de la Junta Central  Electoral (JCE). <\/p>\n<p>&#13;<\/p>\n<p align=\"justify\" class=\"text1noticias\"> C\u00e9sar Pina Toribio, \u00a0delegado del PLD ante la JCE, hizo el  planteamiento\u00a0 \u00a0en \u00a0vista p\u00fablica realizada en la sala de  audiencia \u00a0de ese organismo. <br \/>&#13;<br \/>\n  <br \/>&#13;<br \/>\nEn un escrito  que deposit\u00f3 formalmente ante el Plenario, Pina Toribio a nombre del PLD  solicit\u00f3 a la JCE  \u00abRECONOCER que las medidas reglamentarias contenidas en su Proyecto de  Reglamento de Campa\u00f1a Electoral, Actos de Propaganda y Uso de Medios de  Comunicaci\u00f3n, son materia de ley adjetiva expresamente votada al efecto, en  virtud de la disposici\u00f3n del Art\u00edculo 92 de la Constituci\u00f3n de la Rep\u00fablica\u00bb.\u00a0 <\/p>\n<p>&#13;<\/p>\n<p align=\"justify\" class=\"text1noticias\"> Solicita  tambi\u00e9n a la Junta,  en virtud del Derecho que le otorga la Constituci\u00f3n para las iniciativas de leyes en  materia electoral, \u00a0que se env\u00ede al Congreso de la Rep\u00fablica la pieza con  las prerrogativas que se establece en el proyecto de Reglamento. <\/p>\n<p>&#13;<\/p>\n<p align=\"justify\" class=\"text1noticias\"><strong><\/strong>Pina Toribio ve atinado enviar al \u00abCongreso  Nacional de un Proyecto de Ley que consagre las propuestas de ese organismo, particularmente  a las que se refieren los Art\u00edculos 4, 5, 15, 16, 17, 21, 28, 30, 43, 54, 56,  57, 58, 59, 60, 61, 62, 63, 64, 66, 67, 68, 69, 70, 72 y 72 del referido  Proyecto de Reglamento\u00bb seg\u00fan lo referido en sus argumentos y \u00a0en el  escrito presentado al Plenario de la   JCE\u00bb. <\/p>\n<p>&#13;<\/p>\n<p align=\"justify\" class=\"text1noticias\"> Llam\u00f3 la  atenci\u00f3n \u00a0sobre la circunstancia de que\u00a0 el Pleno de la Junta Central  Electoral, al preparar el texto propuesto para el Reglamento, tuvo muy en  cuenta la Ley\u00a0  996 de 2006, de Colombia, ley que considera especial y que tiene una car\u00e1cter  estatutario. <br \/>&#13;<br \/>\n\u00a0\u00a0\u00a0\u00a0\u00a0\u00a0\u00a0\u00a0 <br \/>&#13;<br \/>\nEn ese tenor, el delegado pol\u00edtico del  PLD ante la Junta   Central Electoral dijo que se trata de una ley especial\u00edsima,  con car\u00e1cter estatutario, que \u00abtiene como prop\u00f3sito definir el marco legal  dentro del cual debe desarrollarse el debate electoral a la Presidencia de la Rep\u00fablica , o cuando el  Presidente de la Rep\u00fablica  en ejercicio aspire a la reelecci\u00f3n, garantizando la igualdad de condiciones  para los candidatos que re\u00fanan los requisitos de ley.\u00bb. <\/p>\n<p>&#13;<\/p>\n<p align=\"justify\" class=\"text1noticias\">Reiter\u00f3 que en el proyecto de Reglamento  se limita derechos fundamentales establecidos en la Ley Sustantiva de  la naci\u00f3n y m\u00e1s que un reglamento, \u00a0es materia de ley adjetiva, que como  tal, debe conocer el Congreso de la Rep\u00fablica. <\/p>\n<p>&#13;<\/p>\n<p align=\"justify\" class=\"text1noticias\"><strong>SECRETARIA  DE COMUNICACIONES<\/strong> <br \/>&#13;<br \/>\n  <br \/>&#13;<br \/>\n  <strong>16 DE  OCTUBRE DEL 2007<\/strong> <\/p>\n<p>&#13;<\/p>\n<p align=\"justify\" class=\"text1noticias\"><strong>DECLARACION DE PRENSA<\/strong> <\/p>\n<p>&#13;<\/p>\n<p align=\"justify\" class=\"text1noticias\"><strong>Cristina  Lizardo<\/strong> , integrante de  los\u00a0 Comit\u00e9 Pol\u00edtico y de Campa\u00f1a del  Partido de la   Liberaci\u00f3n Dominicana (PLD), calific\u00f3 de muy buena la  posici\u00f3n de la organizaci\u00f3n en la provincia Santo Domingo donde cuenta con la  aceptaci\u00f3n de mujeres y j\u00f3venes, que se tornaron euf\u00f3ricos durante la reciente  visita de su presidente y candidato, doctor Leonel Fern\u00e1ndez. <\/p>\n<p>&#13;<\/p>\n<p align=\"justify\" class=\"text1noticias\">\u00abYo realmente me qued\u00e9 sorprendida  c\u00f3mo a esa hora muchas mujeres y muchos j\u00f3venes tambi\u00e9n lo esperaban en las  calles\u00bb, sostuvo la tambi\u00e9n Vicepresidenta del Senado de la Rep\u00fablica en una rese\u00f1a  de la Secretar\u00eda  de Comunicaciones del PLD.<\/p>\n<p>&#13;<\/p>\n<p align=\"justify\" class=\"text1noticias\">Manifest\u00f3 que su partido ganar\u00e1 las  elecciones el pr\u00f3ximo 16 de mayo por la disposici\u00f3n e integraci\u00f3n de cada  pelede\u00edsta, que de manera directa o indirecta forma parte de las estructuras de  campa\u00f1a. <\/p>\n<p>&#13;<\/p>\n<p align=\"justify\" class=\"text1noticias\">\u00abYo me siento muy bien, muy dispuesta  a representar y a realizar la tarea, los trabajos que me han asignado para  lograr el \u00e9xito electoral el pr\u00f3ximo 16 de mayo\u00bb, insisti\u00f3 Lizardo. <\/p>\n<p>&#13;<\/p>\n<p align=\"justify\" class=\"text1noticias\">Destac\u00f3 la participaci\u00f3n masiva de  simpatizantes, que se movilizaron alrededor del presidente Leonel Fern\u00e1ndez en  el recorrido de \u00abcontactos populares\u00bb que hiciera en la zona oriental  de la capital. <\/p>\n<p>&#13;<\/p>\n<p align=\"justify\" class=\"text1noticias\">\u00abY le puedo asegurar que esas visitas  contaron con la participaci\u00f3n de la gente de cada comunidad, o sea, no fueron  trasladadas de un lugar a otro\u00bb, aclar\u00f3 la dirigente pelede\u00edsta e  integrante de la c\u00e1mara alta. <\/p>\n<p>&#13;<\/p>\n<p align=\"justify\" class=\"text1noticias\">La coordinara de campa\u00f1a del PLD en la Provincia Santo Domingo  precis\u00f3 que la gente se estacionaba en las esquinas al saber que el presidente  pasar\u00eda por el lugar. <\/p>\n<p>&#13;<\/p>\n<p align=\"justify\" class=\"text1noticias\">Dijo que las visitas espont\u00e1neas de Leonel  Fern\u00e1ndez sirven de calentamiento previo al inicio formal de la campa\u00f1a, que  ser\u00e1 el 18 de noviembre, pero que en las visitas se nota la euforia de quienes  lo proclaman como seguro pr\u00f3ximo presidente. <\/p>\n<p>&#13;<\/p>\n<p align=\"justify\" class=\"text1noticias\">\u00abY eso, l\u00f3gicamente, lo va a expresar  con los votos el pr\u00f3ximo 16 de mayo\u00bb, puntualiz\u00f3 la senadora. <\/p>\n<p>&#13;<\/p>\n<p align=\"justify\" class=\"text1noticias\">Dijo que estos encuentros breves, de no  m\u00e1s de 10 minutos en cada casa visitada, los\u00a0  realiza en su doble condici\u00f3n de presidente y candidato presidencial del  Partido de la   Liberaci\u00f3n Dominicana.<\/p>\n<p>&#13;<\/p>\n<p align=\"justify\" class=\"text1noticias\">\u00abPorque el Presidente tiene esa doble  condici\u00f3n y eso no le impide que \u00e9l visite un lugar y la gente lo ve como su  candidato tambi\u00e9n\u00bb, sostuvo la vicepresidenta del Senado. <\/p>\n<p>&#13;<\/p>\n<p align=\"justify\" class=\"text1noticias\">Cristina Lizardo manifest\u00f3 que el desgaste  que sufren los presidentes en su tercer a\u00f1o de gesti\u00f3n, no le ha pasado a  Leonel Fern\u00e1ndez a quien la poblaci\u00f3n responde con gran aceptaci\u00f3n. <\/p>\n<p>&#13;<\/p>\n<p align=\"justify\" class=\"text1noticias\">\u00abMantiene una simpat\u00eda, un deseo de  la gente verlo y de parparlo y de sentirlo y una manifestaci\u00f3n extraordinaria  de las mujeres\u00bb, acot\u00f3 la legisladora pelede\u00edsta. <\/p>\n<p>&#13;<\/p>\n<p align=\"justify\" class=\"text1noticias\"><strong>En  ese mismo orden,<\/strong> destac\u00f3  la simpat\u00eda de la que goza el PLD en la provincia Santo Domingo, donde a pesar  de la dimensi\u00f3n de la demarcaci\u00f3n y sus requerimientos.<\/p>\n<p>&#13;<\/p>\n<p align=\"justify\" class=\"text1noticias\">Sostuvo asimismo, que los disgustos que se  produjeron en la campa\u00f1a interna de la organizaci\u00f3n, se han ido subsanando  gradualmente, indicando que en el PLD los roces negativos son precisamente en  pro de realizar cosas positivas. <\/p>\n<p>&#13;<\/p>\n<p align=\"justify\" class=\"text1noticias\">\u00abPorque lo m\u00e1s importante de todo  esto es que en el PLD se pelea para trabajar por el Partido\u00bb, concluy\u00f3 la  integrante de la direcci\u00f3n del PLD y miembro de su Comisi\u00f3n Nacional de Campa\u00f1a  y legisladora. <\/p>\n<p>&#13;<\/p>\n<p align=\"justify\" class=\"text1noticias\"><strong>SECRETARIA DE COMUNICACIONES<\/strong> <br \/>&#13;<br \/>\n  <br \/>&#13;<br \/>\n  <strong>16 DE OCTUBRE DEL 2007 <\/strong><\/p>\n<p>&#13;<\/p>\n<p align=\"justify\" class=\"text1noticias\"><strong>DECLARACION DE PRENSA<\/strong><\/p>\n<p>&#13;<\/p>\n<p align=\"justify\" class=\"text1noticias\"><strong>Radham\u00e9s Camacho <\/strong>, miembro del Comit\u00e9 Nacional\u00a0 de campa\u00f1a del Partido de la Liberaci\u00f3n Dominicana  (PLD), asegur\u00f3 que el entusiasmo que muestra la gente durante los recorridos  del Presidente Leonel Fern\u00e1ndez por distintas provincias del pa\u00eds evidencia que  esa organizaci\u00f3n ganar\u00e1 las elecciones en la primera vuelta en mayo del 2008. <\/p>\n<p>&#13;<\/p>\n<p align=\"justify\" class=\"text1noticias\">El tambi\u00e9n miembro del Comit\u00e9 Pol\u00edtico  manifest\u00f3 que mucha gente respalda al PLD y al Presidente Leonel Fern\u00e1ndez  porque valoran como adecuado el manejo que ha hecho el gobierno de la crisis  dejada por el PRD. <\/p>\n<p>&#13;<\/p>\n<p align=\"justify\" class=\"text1noticias\">El dirigente pelede\u00edsta indic\u00f3 que el  acercamiento de partidos minoritarios y de personas independientes al PLD es un  reflejo del trabajo realizado por el partido oficialista, sobre todo en materia  econ\u00f3mica. <\/p>\n<p>&#13;<\/p>\n<p align=\"justify\" class=\"text1noticias\">\u00abEl pueblo est\u00e1 valorando la  estabilidad, la paz y la recuperaci\u00f3n de la confianza en la econom\u00eda; y los  dem\u00e1s partidos deben respetar la decisi\u00f3n de la gente en t\u00e9rminos de  preferencia electoral\u00bb, precis\u00f3 Radham\u00e9s Camacho en declaraciones  rese\u00f1adas por la Secretar\u00eda  de Comunicaciones del PLD.<\/p>\n<p>&#13;<\/p>\n<p align=\"justify\" class=\"text1noticias\">Dijo que como coordinador de la campa\u00f1a en  San Juan y El\u00edas Pi\u00f1a se siente satisfecho por el trabajo proselitista realizado  por los miembros del Comit\u00e9 Central y los dirigentes medios y provinciales en  esas localidades. <\/p>\n<p>&#13;<\/p>\n<p align=\"justify\" class=\"text1noticias\">Indic\u00f3 que en El\u00edas Pi\u00f1a la actividad que  encabez\u00f3 el presidente Leonel Fern\u00e1ndez estaba pautada para las 10:00 de la  ma\u00f1ana y fue preciso iniciarla antes, porque la gente comenz\u00f3 a concentrarse  muy temprano. <\/p>\n<p>&#13;<\/p>\n<p align=\"justify\" class=\"text1noticias\">\u00abNunca antes en El\u00edas Pi\u00f1a se hab\u00eda  juntado tanta gente en una comunidad tan apartada del centro del Distrito  Nacional y que no acostumbra a alejarse de sus laborares un s\u00e1bado en la  ma\u00f1ana\u00bb, precis\u00f3 Camacho. <\/p>\n<p>&#13;<\/p>\n<p align=\"justify\" class=\"text1noticias\">Asegur\u00f3 que en esos municipios se puede  palpar la integraci\u00f3n de los pelede\u00edstas en torno al objetivo de permanecer en  el poder.\u00a0\u00a0 \u00abResponsabilidad que  todos han asumido con gran entusiasmo\u00bb, agreg\u00f3.<\/p>\n<p>&#13;<\/p>\n<p align=\"justify\" class=\"text1noticias\">Expres\u00f3 que durante un recorrido realizado  por los municipios Juan de Herrera, El Cercado, Las Matas de Farf\u00e1n, B\u00e1nica,  Bohech\u00edo y Vallejuelo pudo contactar de que en esas comunidades existe la  intenci\u00f3n de votar masivamente para que el\u00a0\u00a0  Presidente Leonel Fern\u00e1ndez gane en la primera vuelta.<\/p>\n<p>&#13;<\/p>\n<p align=\"justify\" class=\"text1noticias\">Radham\u00e9s Camacho destac\u00f3 que a esas  actividades asisten masivamente los j\u00f3venes y las mujeres, cuya preocupaci\u00f3n  principal es que el gobierno termine la extensi\u00f3n de la UASD en San Juan para poder  formarse.<\/p>\n<p>&#13;<\/p>\n<p align=\"justify\" class=\"text1noticias\">Afirm\u00f3 que el candidato presidencial del  PRD no tiene nada que buscar en San Juan, El\u00edas Pi\u00f1as, Barahona, Azua y  Pedernales.\u00a0\u00a0 \u00abNo tienen nada que  buscar\u00bb, manifest\u00f3 al insistir que el PLD ganar\u00e1 las elecciones en la  primera vuelta. <\/p>\n<p>&#13;<\/p>\n<h6> 2007-10-17 13:34:58 <\/h6>\n<p><!--\n<link rel=\"stylesheet\" href=\"css\/bootstrap.min.css\">\n\n\n<ul class=\"pagination\">\n\t    \n\t\n\n<li >\n\t<a href='?page_no=34906'>Previous<\/a>\n\t<\/li>\n\n\n       \n    \n\n<li><a href='?page_no=1'>1<\/a><\/li>\n\n\n\n<li><a href='?page_no=2'>2<\/a><\/li>\n\n\n\n<li><a>...<\/a><\/li>\n\n\n\n<li><a href='?page_no=34905'>34905<\/a><\/li>\n\n\n\n<li><a href='?page_no=34906'>34906<\/a><\/li>\n\n\n\n<li class='active'><a>34907<\/a><\/li>\n\n\n\n<li><a href='?page_no=34908'>34908<\/a><\/li>\n\n\n\n<li><a href='?page_no=34909'>34909<\/a><\/li>\n\n\n\n<li><a>...<\/a><\/li>\n\n\n\n<li><a href='?page_no=36999'>36999<\/a><\/li>\n\n\n\n<li><a href='?page_no=37000'>37000<\/a><\/li>\n\n    \n\t\n\n<li >\n\t<a href='?page_no=34908'>Next<\/a>\n\t<\/li>\n\n\n    \n\n<li><a href='?page_no=37000'>Last &rsaquo;&rsaquo;<\/a><\/li>\n\n<\/ul>\n\n\n--><br \/>\n<\/body><\/p>\n","protected":false},"excerpt":{"rendered":"<p>PLD pide reglamento vaya al Congreso &#13; Santo Domingo.- El Partido de la Liberaci\u00f3n Dominicana (PLD propuso\u00a0 que el Reglamento de Campa\u00f1a Electoral, Actos de Propaganda y Uso de Medios de Comunicaci\u00f3n\u00a0 sea ventilado en el Congreso de la Rep\u00fablica, porque excede el marco de de la Junta Central Electoral (JCE). &#13; C\u00e9sar Pina Toribio, [&hellip;]<\/p>\n","protected":false},"author":3,"featured_media":0,"comment_status":"open","ping_status":"open","sticky":false,"template":"","format":"standard","meta":{"footnotes":""},"categories":[22],"tags":[],"class_list":["post-192159","post","type-post","status-publish","format-standard","hentry","category-politica"],"_links":{"self":[{"href":"https:\/\/diariodominicano.com\/index.php?rest_route=\/wp\/v2\/posts\/192159","targetHints":{"allow":["GET"]}}],"collection":[{"href":"https:\/\/diariodominicano.com\/index.php?rest_route=\/wp\/v2\/posts"}],"about":[{"href":"https:\/\/diariodominicano.com\/index.php?rest_route=\/wp\/v2\/types\/post"}],"author":[{"embeddable":true,"href":"https:\/\/diariodominicano.com\/index.php?rest_route=\/wp\/v2\/users\/3"}],"replies":[{"embeddable":true,"href":"https:\/\/diariodominicano.com\/index.php?rest_route=%2Fwp%2Fv2%2Fcomments&post=192159"}],"version-history":[{"count":0,"href":"https:\/\/diariodominicano.com\/index.php?rest_route=\/wp\/v2\/posts\/192159\/revisions"}],"wp:attachment":[{"href":"https:\/\/diariodominicano.com\/index.php?rest_route=%2Fwp%2Fv2%2Fmedia&parent=192159"}],"wp:term":[{"taxonomy":"category","embeddable":true,"href":"https:\/\/diariodominicano.com\/index.php?rest_route=%2Fwp%2Fv2%2Fcategories&post=192159"},{"taxonomy":"post_tag","embeddable":true,"href":"https:\/\/diariodominicano.com\/index.php?rest_route=%2Fwp%2Fv2%2Ftags&post=192159"}],"curies":[{"name":"wp","href":"https:\/\/api.w.org\/{rel}","templated":true}]}}