{"id":192158,"date":"2007-10-17T13:47:53","date_gmt":"2007-10-17T13:47:53","guid":{"rendered":"http:\/\/diariodominicano.ddns.net\/?p=192158"},"modified":"2007-10-17T13:47:53","modified_gmt":"2007-10-17T13:47:53","slug":"eduardo-estrella-promete-en-un-gobierno-suyo-no-habria-borron-y-cuenta-nueva","status":"publish","type":"post","link":"https:\/\/diariodominicano.com\/?p=192158","title":{"rendered":"Eduardo Estrella promete en un Gobierno suyo no habr\u00eda borr\u00f3n y cuenta nueva"},"content":{"rendered":"<p><body><\/p>\n<p align=\"justify\" class=\"titulogrande1\">Eduardo Estrella  promete en un Gobierno suyo no habr\u00eda  borr\u00f3n y cuenta nueva<\/p>\n<p>&#13;<\/p>\n<p align=\"justify\" class=\"text1noticias\">Dijo \u00a0que har\u00e1  una campa\u00f1a fundamentada en el di\u00e1logo con los diversos sectores de la vida  nacional, para poder o\u00edr a los que nadie oye, en \u00e1nimo de darle voz a sus  reclamos y fortalecer sus propuestas de c\u00f3mo, juntos, podemos construir una  mejor patria. <\/p>\n<p>&#13;<\/p>\n<p align=\"justify\" class=\"text1noticias\"><strong><img loading=\"lazy\" decoding=\"async\" src=\"http:\/\/localhost:8080\/pictures\/eduardo estrella pic.jpg\" width=\"269\" height=\"351\" hspace=\"4\" align=\"left\" \/>SANTO DOMINGO.-<\/strong> El candidato presidencial de la  coalici\u00f3n de partidos y movimientos Cuarta V\u00eda dijo que la corrupci\u00f3n es la principal causa de la  pobreza que sacude a diversos sectores de la vida nacional.<\/p>\n<p>&#13;<\/p>\n<p align=\"justify\" class=\"text1noticias\">Consider\u00f3 \u00a0que  la \u00fanica forma de echar a la Rep\u00fablica   Dominicana hacia adelante y enfrentar con \u00e9xitos los  acuciantes problemas que afectan a las mayor\u00edas de los dominicanos y dominicanas,  es eliminando de una vez y para siempre la cultura del borr\u00f3n y cuenta nueva.<\/p>\n<p>&#13;<\/p>\n<p align=\"justify\" class=\"text1noticias\">Eduardo Estrella acus\u00f3 al gobierno del Presidente  Leonel Fern\u00e1ndez de ser uno de los m\u00e1s corruptos de todos los tiempos. <\/p>\n<p>&#13;<\/p>\n<p align=\"justify\" class=\"text1noticias\">A su juicio, nunca antes la corrupci\u00f3n, la impunidad y el  dispendio de los recursos p\u00fablicos hab\u00edan proliferado como en el actual  r\u00e9gimen.<\/p>\n<p>&#13;<\/p>\n<p align=\"justify\" class=\"text1noticias\"> Dijo que tiene la seguridad plena de que la inmensa  mayor\u00eda de los dominicanos y dominicanas no se equivocar\u00e1n el 16 de mayo  venidero. \u201cSeguir cuatro a\u00f1os m\u00e1s con Leonel Fern\u00e1ndez o traer de nuevo al PPH  al poder con Miguel Vargas Maldonado, equivale a darle continuidad, o m\u00e1s bien,  a empeorar la dif\u00edcil situaci\u00f3n en que viven los sectores pobres y de la clase  media\u201d. <\/p>\n<p>&#13;<\/p>\n<p align=\"justify\" class=\"text1noticias\">Eduardo Estrella enfatiz\u00f3 en que \u201ctanto Leonel  Fern\u00e1ndez como Miguel Vargas representan el imperio de la corrupci\u00f3n y la  impunidad, y por ende la continuidad de la delincuencia, el aumento del  desempleo, el aumento de la tarifa el\u00e9ctrica, el incremento de los impuestos,  el aumento de la deuda externa, el deterioro de los servicios p\u00fablicos, el  aumento de los combustibles, y en definitiva el incremento de la pobreza y la  desaparici\u00f3n de la clase media.\u201d <\/p>\n<p>&#13;<\/p>\n<p align=\"justify\" class=\"text1noticias\">El candidato presidencial de la coalici\u00f3n de partidos  y movimientos Cuarta V\u00eda, expres\u00f3 estos criterios en el desarrollo de un  conversatorio con j\u00f3venes y profesionales del Distrito Nacional y la Provincia Santo  Domingo, donde discutieron sobre los principales problemas que afectan a esos  importantes segmentos de la poblaci\u00f3n dominicana. <\/p>\n<p>&#13;<\/p>\n<p align=\"justify\" class=\"text1noticias\">Dijo \u00a0que har\u00e1 una campa\u00f1a fundamentada en el  di\u00e1logo con los diversos sectores de la vida nacional, para poder o\u00edr a los que  nadie oye, en \u00e1nimo de darle voz a sus reclamos y fortalecer sus propuestas de  c\u00f3mo, juntos, podemos construir una mejor patria. <\/p>\n<p>&#13;<\/p>\n<p align=\"justify\" class=\"text1noticias\">Durante el encuentro \u00a0los j\u00f3venes hicieron preguntas a Eduardo  Estrella sobre las acciones que tomar\u00eda para enfrentar los problemas de  delincuencia, alto costo de la energ\u00eda el\u00e9ctrica, la excesiva carga impositiva  del gobierno, salud, educaci\u00f3n, desempleo, preservaci\u00f3n del medio ambiente,  migraci\u00f3n haitiana, moral y \u00e9tica pol\u00edtica. <\/p>\n<p>&#13;<\/p>\n<p align=\"justify\" class=\"text1noticias\">El candidato de la Cuarta V\u00eda hizo un llamado a  los j\u00f3venes y profesionales a que no sean indiferentes y se incorporen de lleno  a la actividad pol\u00edtica. \u201cEsa es la \u00fanica forma de cambiar el curso de la  historia y encauzar el pa\u00eds por un sendero diferente del que lo han sumergido  los gobiernos pelede\u00edstas y perredeistas.\u201d <\/p>\n<p>&#13;<\/p>\n<h6> 2007-10-17 13:47:53 <\/h6>\n<p><!--\n<link rel=\"stylesheet\" href=\"css\/bootstrap.min.css\">\n\n\n<ul class=\"pagination\">\n\t    \n\t\n\n<li >\n\t<a href='?page_no=34905'>Previous<\/a>\n\t<\/li>\n\n\n       \n    \n\n<li><a href='?page_no=1'>1<\/a><\/li>\n\n\n\n<li><a href='?page_no=2'>2<\/a><\/li>\n\n\n\n<li><a>...<\/a><\/li>\n\n\n\n<li><a href='?page_no=34904'>34904<\/a><\/li>\n\n\n\n<li><a href='?page_no=34905'>34905<\/a><\/li>\n\n\n\n<li class='active'><a>34906<\/a><\/li>\n\n\n\n<li><a href='?page_no=34907'>34907<\/a><\/li>\n\n\n\n<li><a href='?page_no=34908'>34908<\/a><\/li>\n\n\n\n<li><a>...<\/a><\/li>\n\n\n\n<li><a href='?page_no=36999'>36999<\/a><\/li>\n\n\n\n<li><a href='?page_no=37000'>37000<\/a><\/li>\n\n    \n\t\n\n<li >\n\t<a href='?page_no=34907'>Next<\/a>\n\t<\/li>\n\n\n    \n\n<li><a href='?page_no=37000'>Last &rsaquo;&rsaquo;<\/a><\/li>\n\n<\/ul>\n\n\n--><br \/>\n<\/body><\/p>\n","protected":false},"excerpt":{"rendered":"<p>Eduardo Estrella promete en un Gobierno suyo no habr\u00eda borr\u00f3n y cuenta nueva &#13; Dijo \u00a0que har\u00e1 una campa\u00f1a fundamentada en el di\u00e1logo con los diversos sectores de la vida nacional, para poder o\u00edr a los que nadie oye, en \u00e1nimo de darle voz a sus reclamos y fortalecer sus propuestas de c\u00f3mo, juntos, podemos [&hellip;]<\/p>\n","protected":false},"author":3,"featured_media":0,"comment_status":"open","ping_status":"open","sticky":false,"template":"","format":"standard","meta":{"footnotes":""},"categories":[22],"tags":[],"class_list":["post-192158","post","type-post","status-publish","format-standard","hentry","category-politica"],"_links":{"self":[{"href":"https:\/\/diariodominicano.com\/index.php?rest_route=\/wp\/v2\/posts\/192158","targetHints":{"allow":["GET"]}}],"collection":[{"href":"https:\/\/diariodominicano.com\/index.php?rest_route=\/wp\/v2\/posts"}],"about":[{"href":"https:\/\/diariodominicano.com\/index.php?rest_route=\/wp\/v2\/types\/post"}],"author":[{"embeddable":true,"href":"https:\/\/diariodominicano.com\/index.php?rest_route=\/wp\/v2\/users\/3"}],"replies":[{"embeddable":true,"href":"https:\/\/diariodominicano.com\/index.php?rest_route=%2Fwp%2Fv2%2Fcomments&post=192158"}],"version-history":[{"count":0,"href":"https:\/\/diariodominicano.com\/index.php?rest_route=\/wp\/v2\/posts\/192158\/revisions"}],"wp:attachment":[{"href":"https:\/\/diariodominicano.com\/index.php?rest_route=%2Fwp%2Fv2%2Fmedia&parent=192158"}],"wp:term":[{"taxonomy":"category","embeddable":true,"href":"https:\/\/diariodominicano.com\/index.php?rest_route=%2Fwp%2Fv2%2Fcategories&post=192158"},{"taxonomy":"post_tag","embeddable":true,"href":"https:\/\/diariodominicano.com\/index.php?rest_route=%2Fwp%2Fv2%2Ftags&post=192158"}],"curies":[{"name":"wp","href":"https:\/\/api.w.org\/{rel}","templated":true}]}}