{"id":192153,"date":"2007-10-17T16:37:28","date_gmt":"2007-10-17T16:37:28","guid":{"rendered":"http:\/\/diariodominicano.ddns.net\/?p=192153"},"modified":"2007-10-17T16:37:28","modified_gmt":"2007-10-17T16:37:28","slug":"grupo-leonel-en-primera-vuelta-escogera-directiva","status":"publish","type":"post","link":"https:\/\/diariodominicano.com\/?p=192153","title":{"rendered":"Grupo Leonel en Primera Vuelta escoger\u00e1 directiva"},"content":{"rendered":"<p><body><\/p>\n<p class=\"titulogrande1\">Grupo Leonel en  Primera Vuelta escoger\u00e1 directiva<\/p>\n<p>&#13;<\/p>\n<p align=\"justify\" class=\"text1noticias\"><strong>SANTO DOMINGO.- <\/strong>El movimiento Leonel en  Primera Vuelta escoger\u00e1 este mi\u00e9rcoles su directiva nacional y del Distrito  Nacional en un almuerzo que encabezar\u00e1 H\u00e9ctor Rodr\u00edguez Pimentel.<\/p>\n<p>&#13;<\/p>\n<p align=\"justify\" class=\"text1noticias\"> La \u00a0oficina pol\u00edtica del ex senador por  Montecristi \u00a0inform\u00f3 que en la reuni\u00f3n  participar\u00e1n dirigentes de todos pa\u00eds provincias del pa\u00eds y que se escoger\u00e1 por  votaci\u00f3n un Directorio Central Ejecutivo de 100 dirigentes, un Directorio del  Distrito nacional de 21 miembros y el Directorio de la Provincia Santo  Domingo integrado por 37 dirigentes.<\/p>\n<p>&#13;<\/p>\n<p align=\"justify\" class=\"text1noticias\">Indic\u00f3 que \u00a0estar\u00e1n presentes en el almuerzo, adem\u00e1s de  Rodr\u00edguez Pimentel, los dirigentes reformistas, Salvador G\u00f3mez Gil, Leo Matos  Berrido, Napole\u00f3n L\u00f3pez Rodr\u00edguez, Tito Hern\u00e1ndez, H\u00e9ctor Marte, Milagros D\u00edaz,  Gerardo Bogaert, Atilio Guzm\u00e1n Fern\u00e1ndez, Chino Seijas, Carmen Leyda Mora, Pura  Amadis, Maria Antonieta Bello, Oriol Guerrero, Vianela Bello, Freddy Calder\u00f3n,  Tati Matos, Rudy Nelson Fr\u00edas, Claudio de los Santos, Fulvio Lora, Mart\u00edn  Pantale\u00f3n, Fulvio Cabreja, Matilde de Rojas Tabar, Rafael Rosso, Julio Mu\u00f1oz y  Rafael Infante, entre otros. <\/p>\n<p>&#13;<\/p>\n<p align=\"justify\" class=\"text1noticias\">Dice la declaraci\u00f3n de prensa del movimiento  que el sistema organizativo que est\u00e1n adoptando es el mismo que tenia el  Partido Reformista Social Cristiano en sus or\u00edgenes y que despu\u00e9s fue  desnaturalizado por las actuales autoridades de esa organizaci\u00f3n.<\/p>\n<p>&#13;<\/p>\n<p align=\"justify\" class=\"text1noticias\">A\u00f1ade que est\u00e1n  abriendo locales en todos los municipios del pa\u00eds, as\u00ed como conquistando los  reformistas que aun quedan en la \u201cfranquicia\u201d, para estar en condiciones de  provocar el triunfo electoral de Leonel Fern\u00e1ndez en la primera vuelta el 16 de  mayo.<\/p>\n<p>&#13;<\/p>\n<h6> 2007-10-17 16:37:28 <\/h6>\n<p><!--\n<link rel=\"stylesheet\" href=\"css\/bootstrap.min.css\">\n\n\n<ul class=\"pagination\">\n\t    \n\t\n\n<li >\n\t<a href='?page_no=34900'>Previous<\/a>\n\t<\/li>\n\n\n       \n    \n\n<li><a href='?page_no=1'>1<\/a><\/li>\n\n\n\n<li><a href='?page_no=2'>2<\/a><\/li>\n\n\n\n<li><a>...<\/a><\/li>\n\n\n\n<li><a href='?page_no=34899'>34899<\/a><\/li>\n\n\n\n<li><a href='?page_no=34900'>34900<\/a><\/li>\n\n\n\n<li class='active'><a>34901<\/a><\/li>\n\n\n\n<li><a href='?page_no=34902'>34902<\/a><\/li>\n\n\n\n<li><a href='?page_no=34903'>34903<\/a><\/li>\n\n\n\n<li><a>...<\/a><\/li>\n\n\n\n<li><a href='?page_no=36999'>36999<\/a><\/li>\n\n\n\n<li><a href='?page_no=37000'>37000<\/a><\/li>\n\n    \n\t\n\n<li >\n\t<a href='?page_no=34902'>Next<\/a>\n\t<\/li>\n\n\n    \n\n<li><a href='?page_no=37000'>Last &rsaquo;&rsaquo;<\/a><\/li>\n\n<\/ul>\n\n\n--><br \/>\n<\/body><\/p>\n","protected":false},"excerpt":{"rendered":"<p>Grupo Leonel en Primera Vuelta escoger\u00e1 directiva &#13; SANTO DOMINGO.- El movimiento Leonel en Primera Vuelta escoger\u00e1 este mi\u00e9rcoles su directiva nacional y del Distrito Nacional en un almuerzo que encabezar\u00e1 H\u00e9ctor Rodr\u00edguez Pimentel. &#13; La \u00a0oficina pol\u00edtica del ex senador por Montecristi \u00a0inform\u00f3 que en la reuni\u00f3n participar\u00e1n dirigentes de todos pa\u00eds provincias del [&hellip;]<\/p>\n","protected":false},"author":3,"featured_media":0,"comment_status":"open","ping_status":"open","sticky":false,"template":"","format":"standard","meta":{"footnotes":""},"categories":[22],"tags":[],"class_list":["post-192153","post","type-post","status-publish","format-standard","hentry","category-politica"],"_links":{"self":[{"href":"https:\/\/diariodominicano.com\/index.php?rest_route=\/wp\/v2\/posts\/192153","targetHints":{"allow":["GET"]}}],"collection":[{"href":"https:\/\/diariodominicano.com\/index.php?rest_route=\/wp\/v2\/posts"}],"about":[{"href":"https:\/\/diariodominicano.com\/index.php?rest_route=\/wp\/v2\/types\/post"}],"author":[{"embeddable":true,"href":"https:\/\/diariodominicano.com\/index.php?rest_route=\/wp\/v2\/users\/3"}],"replies":[{"embeddable":true,"href":"https:\/\/diariodominicano.com\/index.php?rest_route=%2Fwp%2Fv2%2Fcomments&post=192153"}],"version-history":[{"count":0,"href":"https:\/\/diariodominicano.com\/index.php?rest_route=\/wp\/v2\/posts\/192153\/revisions"}],"wp:attachment":[{"href":"https:\/\/diariodominicano.com\/index.php?rest_route=%2Fwp%2Fv2%2Fmedia&parent=192153"}],"wp:term":[{"taxonomy":"category","embeddable":true,"href":"https:\/\/diariodominicano.com\/index.php?rest_route=%2Fwp%2Fv2%2Fcategories&post=192153"},{"taxonomy":"post_tag","embeddable":true,"href":"https:\/\/diariodominicano.com\/index.php?rest_route=%2Fwp%2Fv2%2Ftags&post=192153"}],"curies":[{"name":"wp","href":"https:\/\/api.w.org\/{rel}","templated":true}]}}