{"id":192149,"date":"2007-10-17T16:55:15","date_gmt":"2007-10-17T16:55:15","guid":{"rendered":"http:\/\/diariodominicano.ddns.net\/?p=192149"},"modified":"2007-10-17T16:55:15","modified_gmt":"2007-10-17T16:55:15","slug":"hermanos-montas-coordinaran-campana-de-leonel-en-san-cristobal","status":"publish","type":"post","link":"https:\/\/diariodominicano.com\/?p=192149","title":{"rendered":"Hermanos Mont\u00e1s coordinar\u00e1n campa\u00f1a de Leonel en San Crist\u00f3bal"},"content":{"rendered":"<p><body><\/p>\n<p class=\"titulogrande1\">Hermanos Mont\u00e1s coordinar\u00e1n campa\u00f1a de Leonel en San Crist\u00f3bal<\/p>\n<p>&#13;<\/p>\n<p align=\"justify\" class=\"text1noticias\"><strong><img loading=\"lazy\" decoding=\"async\" src=\"http:\/\/localhost:8080\/pictures\/jose montas.jpg\" width=\"269\" height=\"207\" hspace=\"4\" align=\"left\" \/>SAN CRISTOBAL.- <\/strong>Los hermanos Gamalier y Jos\u00e9 Mont\u00e1s, fueron designados como coordinadores de la  campa\u00f1a de la candidatura presidencial de Leonel Fern\u00e1ndez en san Crist\u00f3bal.<\/p>\n<p>&#13;<\/p>\n<p align=\"justify\" class=\"text1noticias\">El diputado  Gamalier Mont\u00e1s tiene a su cargo la coordinaci\u00f3n de la campa\u00f1a en la provincia  de San Crist\u00f3bal, mientras que s\u00edndico, periodista Jos\u00e9 Montas es el  responsable en el municipio cabecera de San Crist\u00f3bal.<\/p>\n<p>&#13;<\/p>\n<p align=\"justify\" class=\"text1noticias\">Asimismo, el  senador Tommy Gal\u00e1n Grull\u00f3n tiene la responsabilidad de la direcci\u00f3n de  Estrategia.<br \/>&#13;<br \/>\n  <br \/>&#13;<br \/>\n  El diputado  Mont\u00e1s, fue juramentado en la posici\u00f3n por su hermano, el miembro del Comit\u00e9  Pol\u00edtico del Partido de la Liberaci\u00f3n Dominicana (PLD), Juan Tem\u00edstocles  Mont\u00e1s.<br \/>&#13;<br \/>\n  <br \/>&#13;<br \/>\n  En el caso del  s\u00edndico no pudo ser juramentado ya que se recupera de una operaci\u00f3n quir\u00fargica.<\/p>\n<p>&#13;<\/p>\n<p align=\"justify\" class=\"text1noticias\">Todos los  responsables de las distintas \u00e1reas provinciales fueron juramentados durante un  acto celebrado en los salones de Caobas y Espejos del hotel San Crist\u00f3bal.<br \/>&#13;<br \/>\n  <br \/>&#13;<br \/>\n  Entre \u00e9stos  figura el ex jugador de Grandes Ligas, el diputado Ra\u00fal Mondes\u00ed, quien tiene  la\u00a0 responsabilidad de la direcci\u00f3n de  Asuntos Deportivos.<\/p>\n<p>&#13;<\/p>\n<p align=\"justify\" class=\"text1noticias\">Mondes\u00ed tambi\u00e9n  fue juramentado en la posici\u00f3n por el Secretario de Planificaci\u00f3n, Econom\u00eda y  Desarrollo.<br \/>&#13;<br \/>\n  <br \/>&#13;<br \/>\n  En el acto fueron  juramentados 42 coordinadores.<br \/>&#13;<br \/>\n  <br \/>&#13;<br \/>\n  Entre \u00a0los que les fueron asignadas responsabilidades  figuran el cantante y diputado Sergio Vargas, quien tiene a su cargo la  direcci\u00f3n de Asuntos Culturales; Frank Matos, en Seguridad; y el diputado Tulio  Jim\u00e9nez, en la Juventud.<\/p>\n<p>&#13;<\/p>\n<p align=\"justify\" class=\"text1noticias\">Asimismo, Nelly  P\u00e9rez, en la Direcci\u00f3n  de la Mujer;  Oquendo Medina, en direcci\u00f3n de Comunicaciones; Leonardo Reynoso, en Asuntos  Municipales; Manuel D\u00edaz en Asistencia Comunitaria; y Radham\u00e9s V\u00e1zquez, en la  direcci\u00f3n Electoral; entre otros.<\/p>\n<p>&#13;<\/p>\n<h6> 2007-10-17 16:55:15 <\/h6>\n<p><!--\n<link rel=\"stylesheet\" href=\"css\/bootstrap.min.css\">\n\n\n<ul class=\"pagination\">\n\t    \n\t\n\n<li >\n\t<a href='?page_no=34896'>Previous<\/a>\n\t<\/li>\n\n\n       \n    \n\n<li><a href='?page_no=1'>1<\/a><\/li>\n\n\n\n<li><a href='?page_no=2'>2<\/a><\/li>\n\n\n\n<li><a>...<\/a><\/li>\n\n\n\n<li><a href='?page_no=34895'>34895<\/a><\/li>\n\n\n\n<li><a href='?page_no=34896'>34896<\/a><\/li>\n\n\n\n<li class='active'><a>34897<\/a><\/li>\n\n\n\n<li><a href='?page_no=34898'>34898<\/a><\/li>\n\n\n\n<li><a href='?page_no=34899'>34899<\/a><\/li>\n\n\n\n<li><a>...<\/a><\/li>\n\n\n\n<li><a href='?page_no=36999'>36999<\/a><\/li>\n\n\n\n<li><a href='?page_no=37000'>37000<\/a><\/li>\n\n    \n\t\n\n<li >\n\t<a href='?page_no=34898'>Next<\/a>\n\t<\/li>\n\n\n    \n\n<li><a href='?page_no=37000'>Last &rsaquo;&rsaquo;<\/a><\/li>\n\n<\/ul>\n\n\n--><br \/>\n<\/body><\/p>\n","protected":false},"excerpt":{"rendered":"<p>Hermanos Mont\u00e1s coordinar\u00e1n campa\u00f1a de Leonel en San Crist\u00f3bal &#13; SAN CRISTOBAL.- Los hermanos Gamalier y Jos\u00e9 Mont\u00e1s, fueron designados como coordinadores de la campa\u00f1a de la candidatura presidencial de Leonel Fern\u00e1ndez en san Crist\u00f3bal. &#13; El diputado Gamalier Mont\u00e1s tiene a su cargo la coordinaci\u00f3n de la campa\u00f1a en la provincia de San Crist\u00f3bal, [&hellip;]<\/p>\n","protected":false},"author":3,"featured_media":0,"comment_status":"open","ping_status":"open","sticky":false,"template":"","format":"standard","meta":{"footnotes":""},"categories":[22],"tags":[],"class_list":["post-192149","post","type-post","status-publish","format-standard","hentry","category-politica"],"_links":{"self":[{"href":"https:\/\/diariodominicano.com\/index.php?rest_route=\/wp\/v2\/posts\/192149","targetHints":{"allow":["GET"]}}],"collection":[{"href":"https:\/\/diariodominicano.com\/index.php?rest_route=\/wp\/v2\/posts"}],"about":[{"href":"https:\/\/diariodominicano.com\/index.php?rest_route=\/wp\/v2\/types\/post"}],"author":[{"embeddable":true,"href":"https:\/\/diariodominicano.com\/index.php?rest_route=\/wp\/v2\/users\/3"}],"replies":[{"embeddable":true,"href":"https:\/\/diariodominicano.com\/index.php?rest_route=%2Fwp%2Fv2%2Fcomments&post=192149"}],"version-history":[{"count":0,"href":"https:\/\/diariodominicano.com\/index.php?rest_route=\/wp\/v2\/posts\/192149\/revisions"}],"wp:attachment":[{"href":"https:\/\/diariodominicano.com\/index.php?rest_route=%2Fwp%2Fv2%2Fmedia&parent=192149"}],"wp:term":[{"taxonomy":"category","embeddable":true,"href":"https:\/\/diariodominicano.com\/index.php?rest_route=%2Fwp%2Fv2%2Fcategories&post=192149"},{"taxonomy":"post_tag","embeddable":true,"href":"https:\/\/diariodominicano.com\/index.php?rest_route=%2Fwp%2Fv2%2Ftags&post=192149"}],"curies":[{"name":"wp","href":"https:\/\/api.w.org\/{rel}","templated":true}]}}