{"id":192147,"date":"2007-10-17T19:42:08","date_gmt":"2007-10-17T19:42:08","guid":{"rendered":"http:\/\/diariodominicano.ddns.net\/?p=192147"},"modified":"2007-10-17T19:42:08","modified_gmt":"2007-10-17T19:42:08","slug":"pld-dotara-de-cedulas-a-barahoneros","status":"publish","type":"post","link":"https:\/\/diariodominicano.com\/?p=192147","title":{"rendered":"PLD dotar\u00e1 de c\u00e9dulas a barahoneros"},"content":{"rendered":"<p><body><\/p>\n<p class=\"titulogrande1\"><strong>PLD dotar\u00e1 de c\u00e9dulas a barahoneros\u00a0 <\/strong><\/p>\n<p>&#13;<\/p>\n<p align=\"justify\" class=\"text1noticias\"><strong>BARAHONA.-<\/strong> El Partido de la Liberaci\u00f3n Dominicana  (PLD), iniciar\u00e1 un masivo plan de para dotar de la C\u00e9dula de Identidad y  Electoral a sus militantes, amigos y simpatizantes en esta provincia con miras  a las elecciones de mayo de 2008.<br \/>&#13;<br \/>\n  \u00a0<br \/>&#13;<br \/>\n  La informaci\u00f3n fue suministrada por Alfredo Dotel Flori\u00e1n, coordinador  electoral del Comit\u00e9 de campa\u00f1a Provincial del partido morado.<br \/>&#13;<br \/>\n  \u00a0<br \/>&#13;<br \/>\n  El tambi\u00e9n miembro del Comit\u00e9\u00a0Central Pelede\u00edsta, manifest\u00f3 que la  dirigencia de los once municipios que componen esta provincia han sido  convocada para ultimar los trabajos electorales,\u00a0que consisten en cedular  y hacer cambios de\u00a0domicilio que\u00a0garanticen que cada peledeista y  simpatizante pueda ejercer el derecho al voto el pr\u00f3ximo 16 de mayo de 2008 por\u00a0presidente  Leonel Fern\u00e1ndez Reyna.<br \/>&#13;<br \/>\n  \u00a0<br \/>&#13;<br \/>\n  El ex s\u00edndico de Vicente\u00a0Noble, se\u00f1al\u00f3 que el Partido de la Liberaci\u00f3n Dominicana,  en esta provincia esta unificado en torno a la figura y candidato presidencial Leonel\u00a0Fern\u00e1ndez, para  evitar el retorno al retroceso que significa, seg\u00fan \u00e9l Partido Revolucionario  Dominicano PRD.<\/p>\n<p>&#13;<\/p>\n<p align=\"justify\" class=\"text1noticias\">Dotel Flori\u00e1n, destac\u00f3 el  entusiasmo que est\u00e1 consistando las visitas barriales en varios pueblos del  pa\u00eds por el primer mandatario y candidato presidencial\u00a0 Fern\u00e1ndez Reyna.<br \/>&#13;<br \/>\n  \u00a0<br \/>&#13;<br \/>\n  Exhorto a los pelede\u00edstas, a acercarse a los dirigentes del partido para que  les ayuden a gestionar el documento de identidad y electoral\u00a0para  que\u00a0el 16 de mayo de 2008 y puedan votar masivamente por el PLD y sus  aliados \u201cpara que siga el progreso y la paz social para que la\u00a0Naci\u00f3n siga  pa lante\u201d.\u00a0<\/p>\n<p>&#13;<\/p>\n<h6> 2007-10-17 19:42:08 <\/h6>\n<p><!--\n<link rel=\"stylesheet\" href=\"css\/bootstrap.min.css\">\n\n\n<ul class=\"pagination\">\n\t    \n\t\n\n<li >\n\t<a href='?page_no=34894'>Previous<\/a>\n\t<\/li>\n\n\n       \n    \n\n<li><a href='?page_no=1'>1<\/a><\/li>\n\n\n\n<li><a href='?page_no=2'>2<\/a><\/li>\n\n\n\n<li><a>...<\/a><\/li>\n\n\n\n<li><a href='?page_no=34893'>34893<\/a><\/li>\n\n\n\n<li><a href='?page_no=34894'>34894<\/a><\/li>\n\n\n\n<li class='active'><a>34895<\/a><\/li>\n\n\n\n<li><a href='?page_no=34896'>34896<\/a><\/li>\n\n\n\n<li><a href='?page_no=34897'>34897<\/a><\/li>\n\n\n\n<li><a>...<\/a><\/li>\n\n\n\n<li><a href='?page_no=36999'>36999<\/a><\/li>\n\n\n\n<li><a href='?page_no=37000'>37000<\/a><\/li>\n\n    \n\t\n\n<li >\n\t<a href='?page_no=34896'>Next<\/a>\n\t<\/li>\n\n\n    \n\n<li><a href='?page_no=37000'>Last &rsaquo;&rsaquo;<\/a><\/li>\n\n<\/ul>\n\n\n--><br \/>\n<\/body><\/p>\n","protected":false},"excerpt":{"rendered":"<p>PLD dotar\u00e1 de c\u00e9dulas a barahoneros\u00a0 &#13; BARAHONA.- El Partido de la Liberaci\u00f3n Dominicana (PLD), iniciar\u00e1 un masivo plan de para dotar de la C\u00e9dula de Identidad y Electoral a sus militantes, amigos y simpatizantes en esta provincia con miras a las elecciones de mayo de 2008.&#13; \u00a0&#13; La informaci\u00f3n fue suministrada por Alfredo Dotel [&hellip;]<\/p>\n","protected":false},"author":3,"featured_media":0,"comment_status":"open","ping_status":"open","sticky":false,"template":"","format":"standard","meta":{"footnotes":""},"categories":[22],"tags":[],"class_list":["post-192147","post","type-post","status-publish","format-standard","hentry","category-politica"],"_links":{"self":[{"href":"https:\/\/diariodominicano.com\/index.php?rest_route=\/wp\/v2\/posts\/192147","targetHints":{"allow":["GET"]}}],"collection":[{"href":"https:\/\/diariodominicano.com\/index.php?rest_route=\/wp\/v2\/posts"}],"about":[{"href":"https:\/\/diariodominicano.com\/index.php?rest_route=\/wp\/v2\/types\/post"}],"author":[{"embeddable":true,"href":"https:\/\/diariodominicano.com\/index.php?rest_route=\/wp\/v2\/users\/3"}],"replies":[{"embeddable":true,"href":"https:\/\/diariodominicano.com\/index.php?rest_route=%2Fwp%2Fv2%2Fcomments&post=192147"}],"version-history":[{"count":0,"href":"https:\/\/diariodominicano.com\/index.php?rest_route=\/wp\/v2\/posts\/192147\/revisions"}],"wp:attachment":[{"href":"https:\/\/diariodominicano.com\/index.php?rest_route=%2Fwp%2Fv2%2Fmedia&parent=192147"}],"wp:term":[{"taxonomy":"category","embeddable":true,"href":"https:\/\/diariodominicano.com\/index.php?rest_route=%2Fwp%2Fv2%2Fcategories&post=192147"},{"taxonomy":"post_tag","embeddable":true,"href":"https:\/\/diariodominicano.com\/index.php?rest_route=%2Fwp%2Fv2%2Ftags&post=192147"}],"curies":[{"name":"wp","href":"https:\/\/api.w.org\/{rel}","templated":true}]}}