{"id":192146,"date":"2007-10-17T19:44:13","date_gmt":"2007-10-17T19:44:13","guid":{"rendered":"http:\/\/diariodominicano.ddns.net\/?p=192146"},"modified":"2007-10-17T19:44:13","modified_gmt":"2007-10-17T19:44:13","slug":"el-programa-internacional-para-la-erradicacion-del-trabajo-infantil-de-la-oit-ipec-invertira-us150000-en-programas-de-accion-para-santiago","status":"publish","type":"post","link":"https:\/\/diariodominicano.com\/?p=192146","title":{"rendered":"El Programa Internacional para la Erradicaci\u00f3n del Trabajo Infantil de la OIT IPEC invertir\u00e1  US$150,000 en programas de acci\u00f3n para Santiago"},"content":{"rendered":"<p><body><\/p>\n<p align=\"justify\" class=\"titulogrande1\">El Programa Internacional para la Erradicaci\u00f3n del  Trabajo Infantil de la OIT IPEC invertir\u00e1\u00a0 US$150,000 en programas de acci\u00f3n para  Santiago<\/p>\n<p>&#13;<\/p>\n<p align=\"justify\" class=\"text1noticias\">El Programa Internacional para la Erradicaci\u00f3n del  Trabajo Infantil de la OIT,  apoyar\u00e1 en Santiago iniciativas de tres organizaciones de la sociedad civil  comprometidas de \u00a0en erradicar las peores  formas de trabajo infantil y en aplicar programas de acci\u00f3n que se basan  en experiencias exitosas para ese prop\u00f3sito.<\/p>\n<p>&#13;<\/p>\n<p align=\"justify\" class=\"text1noticias\">Con el apoyo financiero de US$150,000 del Departamento de Trabajo de los Estados Unidos (USDOL), OIT  IPEC impulsa acciones y programas de acci\u00f3n que se enmarcan en los compromisos  asumidos con el Estado dominicano, de asistir a las instancias nacionales que  conforman el Comit\u00e9 Directivo Nacional para la Erradicaci\u00f3n del  Trabajo Infantil en la definici\u00f3n de su agenda.<\/p>\n<p>&#13;<\/p>\n<p align=\"justify\" class=\"text1noticias\">La prioridad fundamental del programa es la  implementaci\u00f3n del Plan Nacional para la Erradicaci\u00f3n de las  Peores Formas del Trabajo Infantil en la Republica Dominicana(2006-2016).<\/p>\n<p>&#13;<\/p>\n<p align=\"justify\" class=\"text1noticias\">Estas organizaciones, reconocidas por su  trayectoria y experiencia de trabajo, han sido avaladas previamente por la Secretar\u00eda de Estado de  Trabajo, y cumplen los requisitos de selecci\u00f3n de la OIT para agencias ejecutoras.<\/p>\n<p>&#13;<\/p>\n<p align=\"justify\" class=\"text1noticias\">Las iniciativas procuran establecer  modelos de abordajes contra las perores formas de trabajo infantil en el barrio  de Cienfuegos, que a su vez se conviertan en experiencias replicables, es  decir, que puedan servir de insumos a pol\u00edticas nacionales. <\/p>\n<p>&#13;<\/p>\n<p align=\"justify\" class=\"text1noticias\">Las medidas ser\u00e1n implementadas por las  ONGs locales: Acci\u00f3n Callejera, N\u00facleo de Apoyo a la Mujer, y Ni\u00f1os con una  Esperanza.<\/p>\n<p>&#13;<\/p>\n<p align=\"justify\" class=\"text1noticias\">Estas organizaciones, en coordinaci\u00f3n con  instancias p\u00fablicas nacionales y locales, impulsar\u00e1n las estrategias para  prevenir y retirar a 650 ni\u00f1os, ni\u00f1as y adolescentes de las Peores Formas del  Trabajo Infantil (PFTI), siendo el fuerte de esta intervenci\u00f3n la coordinaci\u00f3n  y la articulaci\u00f3n de los esfuerzos para favorecer a los grupos socialmente  vulnerables de la zona.<\/p>\n<p>&#13;<\/p>\n<p align=\"justify\" class=\"text1noticias\">OIT IPEC reafirm\u00f3 que mantiene los  compromisos asumidos en t\u00e9rminos de asistencia t\u00e9cnica y financiera para  ejecutar las iniciativas tendentes a la prevenci\u00f3n y erradicaci\u00f3n del trabajo  infantil en el Barrio de Cienfuegos del municipio de Santiago.<\/p>\n<p>&#13;<\/p>\n<h6> 2007-10-17 19:44:13 <\/h6>\n<p><!--\n<link rel=\"stylesheet\" href=\"css\/bootstrap.min.css\">\n\n\n<ul class=\"pagination\">\n\t    \n\t\n\n<li >\n\t<a href='?page_no=34893'>Previous<\/a>\n\t<\/li>\n\n\n       \n    \n\n<li><a href='?page_no=1'>1<\/a><\/li>\n\n\n\n<li><a href='?page_no=2'>2<\/a><\/li>\n\n\n\n<li><a>...<\/a><\/li>\n\n\n\n<li><a href='?page_no=34892'>34892<\/a><\/li>\n\n\n\n<li><a href='?page_no=34893'>34893<\/a><\/li>\n\n\n\n<li class='active'><a>34894<\/a><\/li>\n\n\n\n<li><a href='?page_no=34895'>34895<\/a><\/li>\n\n\n\n<li><a href='?page_no=34896'>34896<\/a><\/li>\n\n\n\n<li><a>...<\/a><\/li>\n\n\n\n<li><a href='?page_no=36999'>36999<\/a><\/li>\n\n\n\n<li><a href='?page_no=37000'>37000<\/a><\/li>\n\n    \n\t\n\n<li >\n\t<a href='?page_no=34895'>Next<\/a>\n\t<\/li>\n\n\n    \n\n<li><a href='?page_no=37000'>Last &rsaquo;&rsaquo;<\/a><\/li>\n\n<\/ul>\n\n\n--><br \/>\n<\/body><\/p>\n","protected":false},"excerpt":{"rendered":"<p>El Programa Internacional para la Erradicaci\u00f3n del Trabajo Infantil de la OIT IPEC invertir\u00e1\u00a0 US$150,000 en programas de acci\u00f3n para Santiago &#13; El Programa Internacional para la Erradicaci\u00f3n del Trabajo Infantil de la OIT, apoyar\u00e1 en Santiago iniciativas de tres organizaciones de la sociedad civil comprometidas de \u00a0en erradicar las peores formas de trabajo infantil [&hellip;]<\/p>\n","protected":false},"author":3,"featured_media":0,"comment_status":"open","ping_status":"open","sticky":false,"template":"","format":"standard","meta":{"footnotes":""},"categories":[22],"tags":[],"class_list":["post-192146","post","type-post","status-publish","format-standard","hentry","category-politica"],"_links":{"self":[{"href":"https:\/\/diariodominicano.com\/index.php?rest_route=\/wp\/v2\/posts\/192146","targetHints":{"allow":["GET"]}}],"collection":[{"href":"https:\/\/diariodominicano.com\/index.php?rest_route=\/wp\/v2\/posts"}],"about":[{"href":"https:\/\/diariodominicano.com\/index.php?rest_route=\/wp\/v2\/types\/post"}],"author":[{"embeddable":true,"href":"https:\/\/diariodominicano.com\/index.php?rest_route=\/wp\/v2\/users\/3"}],"replies":[{"embeddable":true,"href":"https:\/\/diariodominicano.com\/index.php?rest_route=%2Fwp%2Fv2%2Fcomments&post=192146"}],"version-history":[{"count":0,"href":"https:\/\/diariodominicano.com\/index.php?rest_route=\/wp\/v2\/posts\/192146\/revisions"}],"wp:attachment":[{"href":"https:\/\/diariodominicano.com\/index.php?rest_route=%2Fwp%2Fv2%2Fmedia&parent=192146"}],"wp:term":[{"taxonomy":"category","embeddable":true,"href":"https:\/\/diariodominicano.com\/index.php?rest_route=%2Fwp%2Fv2%2Fcategories&post=192146"},{"taxonomy":"post_tag","embeddable":true,"href":"https:\/\/diariodominicano.com\/index.php?rest_route=%2Fwp%2Fv2%2Ftags&post=192146"}],"curies":[{"name":"wp","href":"https:\/\/api.w.org\/{rel}","templated":true}]}}