{"id":192145,"date":"2007-10-18T02:36:48","date_gmt":"2007-10-18T02:36:48","guid":{"rendered":"http:\/\/diariodominicano.ddns.net\/?p=192145"},"modified":"2007-10-18T02:36:48","modified_gmt":"2007-10-18T02:36:48","slug":"pared-perez-considera-pld-tiene-supremacia-en-electorado","status":"publish","type":"post","link":"https:\/\/diariodominicano.com\/?p=192145","title":{"rendered":"Pared P\u00e9rez considera PLD tiene supremac\u00eda en electorado"},"content":{"rendered":"<p><body><\/p>\n<p class=\"titulogrande1\">Pared  P\u00e9rez considera PLD tiene supremac\u00eda en electorado<\/p>\n<p>&#13;<\/p>\n<p align=\"justify\" class=\"text1noticias\"><strong><img loading=\"lazy\" decoding=\"async\" src=\"http:\/\/localhost:8080\/pictures\/reynaldo pared perez pic.jpg\" width=\"269\" height=\"213\" hspace=\"4\" align=\"left\" \/>Santo Domingo.-<\/strong> El secretario  general del Partido de la Liberaci\u00f3n Dominicana (PLD) consider\u00f3 que teniendo  la supremac\u00eda en\u00a0 la simpat\u00eda del  electorado, se inicia\u00a0 el proceso de  campa\u00f1a electoral del Presidente \u00a0Leonel  Fern\u00e1ndez.<\/p>\n<p>&#13;<\/p>\n<p align=\"justify\" class=\"text1noticias\">Resalt\u00f3 \u00a0que ya se inici\u00f3 el proceso de campa\u00f1a y que  desde ahora se ver\u00e1 al PLD en las calles. <br \/>&#13;<br \/>\n  <br \/>&#13;<br \/>\nAgreg\u00f3 que nunca antes el PLD hab\u00eda  iniciado una campa\u00f1a teniendo un 47% de aceptaci\u00f3n, con lo que se puede  avisorar un seguro triunfo luego de aplicarse el esquema de trabajo que se ha  concebido. <\/p>\n<p>&#13;<\/p>\n<p align=\"justify\" class=\"text1noticias\">Sobre supuestas debilidades  en la plaza de Santiago que se le enrostra al PLD, dijo que no es as\u00ed,  explicando que la presencia del candidato all\u00ed se debe a que es lugar con una  significativa concentraci\u00f3n de votantes y esa, como otras, son plazas que no se  pueden descuidar. <\/p>\n<p>&#13;<\/p>\n<p align=\"justify\" class=\"text1noticias\"> Explicar aspectos metodol\u00f3gicos de la campa\u00f1a esquema  que produce movilizaciones simult\u00e1neas en todo el pa\u00eds. <\/p>\n<p>&#13;<\/p>\n<p align=\"justify\" class=\"text1noticias\">Dijo  que mientras el Presidente estuvo en tres de las Provincias de la Regi\u00f3n Norte el  pasado fin de semana,\u00a0 en el Sur se  montaban extraordinarias concentraciones en los actos de juramentaci\u00f3n de los  Comit\u00e9s de Campa\u00f1a. <\/p>\n<p>&#13;<\/p>\n<p align=\"justify\" class=\"text1noticias\">Adelant\u00f3 que\u00a0 el fin de semana\u00a0 pr\u00f3ximo el papel se invertir\u00e1: el Presidente  Leonel Fern\u00e1ndez estar\u00e1 en la regi\u00f3n sur y los actos de juramentaci\u00f3n de los  Comit\u00e9s de Campa\u00f1a se efectuaran en la regi\u00f3n norte. <\/p>\n<p>&#13;<\/p>\n<p align=\"justify\" class=\"text1noticias\">\u00abEsto arranc\u00f3. Miguel y el PRD  ven\u00edan bailando solo y disfrutando de la fiesta; ahora hay otro bailador  \u00abdijo, destacando que a partir de este momento se sabr\u00e1 quien es quien <\/p>\n<p>&#13;<\/p>\n<p align=\"justify\" class=\"text1noticias\">En Otro orden Reinaldo Pared P\u00e9rez  reiter\u00f3\u00a0 que se desconoc\u00eda la condici\u00f3n  de militar\u00a0 del actor de un spot  publicitario del PLD. Considera que con el mismo se le ha dado\u00a0 un golpe contundente al PRD y su candidato  presidencial.<br \/>  &#13;<br \/>\n  <br \/>&#13;<br \/>\n\u00abHabr\u00eda  que ser muy est\u00fapido para a sabiendas ponerse de pechuga al PRD, ponerle el  pechazo\u00bb dijo en t\u00e9rminos coloquiales respondiendo las interrogantes  formuladas <\/p>\n<p>&#13;<\/p>\n<p align=\"justify\" class=\"text1noticias\">Calific\u00f3  de excelente el spot ya que en el mismo se recuerda la \u00faltima gesti\u00f3n del  gobierno del PRD, que lleva ahora de candidato presidencial un importante  funcionario de dicha gesti\u00f3n. <\/p>\n<p>&#13;<\/p>\n<p align=\"justify\" class=\"text1noticias\">\u00abSi  hay algo que ha caracterizado a Leonel es de siempre ser un enamorado por el  respeto a la institucionalidad del pa\u00eds y este se\u00f1or tiene un largo historial  de filmaci\u00f3n y la agencia de publicidad\u00a0  lo procur\u00f3 a \u00e9l porque es buen actor y se desempe\u00f1aba bien\u00bb,  puntualiz\u00f3. <\/p>\n<p>&#13;<\/p>\n<p align=\"justify\" class=\"text1noticias\">Insisti\u00f3 en calificar de  excelente la producci\u00f3n de televisi\u00f3n\u00a0 y  que esto es lo que ha llamado la atenci\u00f3n , muy distinto a la propuesta  publicitaria del candidato perrede\u00edsta\u00a0  con mas de cinco spots presentado sin que los mismos llamen la atenci\u00f3n  a los espectadores <\/p>\n<p>&#13;<\/p>\n<p align=\"justify\" class=\"text1noticias\">\u00abLo que pasa es que los  anuncios de Miguel Vargas y del PRD, como me dec\u00eda un amigo, son anuncios  samuros, que no son ni chicha ni limon\u00e1\u00bb, sostuvo. <\/p>\n<p>&#13;<\/p>\n<p align=\"justify\" class=\"text1noticias\">Adelant\u00f3 que si el referido  anuncio fue\u00a0\u00a0 muy bueno, mejor es uno que  har\u00e1 salir el partido pr\u00f3ximamente. <\/p>\n<p>&#13;<\/p>\n<p align=\"justify\" class=\"text1noticias\">\u00abTenemos que agradece al  PRD por ser el mejor mercadologo de ese anuncio, le estaremos eternamente  agradecido, saben por qu\u00e9? Porque nuestra campa\u00f1a publicitaria ha empezado  excelentemente bien con ese anuncio e insisto, debemos agradec\u00e9rselo al Partido  Revolucionario Dominicano\u00bb, concluy\u00f3 el vocero del PLD- <\/p>\n<p>&#13;<\/p>\n<h6> 2007-10-18 02:36:48 <\/h6>\n<p><!--\n<link rel=\"stylesheet\" href=\"css\/bootstrap.min.css\">\n\n\n<ul class=\"pagination\">\n\t    \n\t\n\n<li >\n\t<a href='?page_no=34892'>Previous<\/a>\n\t<\/li>\n\n\n       \n    \n\n<li><a href='?page_no=1'>1<\/a><\/li>\n\n\n\n<li><a href='?page_no=2'>2<\/a><\/li>\n\n\n\n<li><a>...<\/a><\/li>\n\n\n\n<li><a href='?page_no=34891'>34891<\/a><\/li>\n\n\n\n<li><a href='?page_no=34892'>34892<\/a><\/li>\n\n\n\n<li class='active'><a>34893<\/a><\/li>\n\n\n\n<li><a href='?page_no=34894'>34894<\/a><\/li>\n\n\n\n<li><a href='?page_no=34895'>34895<\/a><\/li>\n\n\n\n<li><a>...<\/a><\/li>\n\n\n\n<li><a href='?page_no=36999'>36999<\/a><\/li>\n\n\n\n<li><a href='?page_no=37000'>37000<\/a><\/li>\n\n    \n\t\n\n<li >\n\t<a href='?page_no=34894'>Next<\/a>\n\t<\/li>\n\n\n    \n\n<li><a href='?page_no=37000'>Last &rsaquo;&rsaquo;<\/a><\/li>\n\n<\/ul>\n\n\n--><br \/>\n<\/body><\/p>\n","protected":false},"excerpt":{"rendered":"<p>Pared P\u00e9rez considera PLD tiene supremac\u00eda en electorado &#13; Santo Domingo.- El secretario general del Partido de la Liberaci\u00f3n Dominicana (PLD) consider\u00f3 que teniendo la supremac\u00eda en\u00a0 la simpat\u00eda del electorado, se inicia\u00a0 el proceso de campa\u00f1a electoral del Presidente \u00a0Leonel Fern\u00e1ndez. &#13; Resalt\u00f3 \u00a0que ya se inici\u00f3 el proceso de campa\u00f1a y que desde [&hellip;]<\/p>\n","protected":false},"author":3,"featured_media":0,"comment_status":"open","ping_status":"open","sticky":false,"template":"","format":"standard","meta":{"footnotes":""},"categories":[22],"tags":[],"class_list":["post-192145","post","type-post","status-publish","format-standard","hentry","category-politica"],"_links":{"self":[{"href":"https:\/\/diariodominicano.com\/index.php?rest_route=\/wp\/v2\/posts\/192145","targetHints":{"allow":["GET"]}}],"collection":[{"href":"https:\/\/diariodominicano.com\/index.php?rest_route=\/wp\/v2\/posts"}],"about":[{"href":"https:\/\/diariodominicano.com\/index.php?rest_route=\/wp\/v2\/types\/post"}],"author":[{"embeddable":true,"href":"https:\/\/diariodominicano.com\/index.php?rest_route=\/wp\/v2\/users\/3"}],"replies":[{"embeddable":true,"href":"https:\/\/diariodominicano.com\/index.php?rest_route=%2Fwp%2Fv2%2Fcomments&post=192145"}],"version-history":[{"count":0,"href":"https:\/\/diariodominicano.com\/index.php?rest_route=\/wp\/v2\/posts\/192145\/revisions"}],"wp:attachment":[{"href":"https:\/\/diariodominicano.com\/index.php?rest_route=%2Fwp%2Fv2%2Fmedia&parent=192145"}],"wp:term":[{"taxonomy":"category","embeddable":true,"href":"https:\/\/diariodominicano.com\/index.php?rest_route=%2Fwp%2Fv2%2Fcategories&post=192145"},{"taxonomy":"post_tag","embeddable":true,"href":"https:\/\/diariodominicano.com\/index.php?rest_route=%2Fwp%2Fv2%2Ftags&post=192145"}],"curies":[{"name":"wp","href":"https:\/\/api.w.org\/{rel}","templated":true}]}}