{"id":192144,"date":"2007-10-18T03:24:09","date_gmt":"2007-10-18T03:24:09","guid":{"rendered":"http:\/\/diariodominicano.ddns.net\/?p=192144"},"modified":"2007-10-18T03:24:09","modified_gmt":"2007-10-18T03:24:09","slug":"vargas-maldonado-promete-elevar-la-eficiencia-de-la-lucha-contra-la-pobreza-en-la-rd","status":"publish","type":"post","link":"https:\/\/diariodominicano.com\/?p=192144","title":{"rendered":"Vargas Maldonado promete elevar la eficiencia de la lucha contra la pobreza en la RD"},"content":{"rendered":"<p><body><\/p>\n<p align=\"justify\" class=\"titulogrande1\">Vargas  Maldonado promete \u00a0elevar la eficiencia  de la lucha contra la pobreza en la   RD<\/p>\n<p>&#13;<\/p>\n<p align=\"justify\" class=\"text1noticias\">El candidato  presidencial del PRD, dijo a su llegada a esta ciudad que los estudios han  demostrado que la probabilidad de ser pobre en la Rep\u00fablica Dominicana  depende fundamentalmente del nivel de educaci\u00f3n, del nivel de desempleo, de la  zona de residencia,\u00a0 de la disponibilidad de servicios b\u00e1sicos y de si  tiene o no un familiares en el  extranjero. <\/p>\n<p>&#13;<\/p>\n<p align=\"justify\" class=\"text1noticias\"><strong><img loading=\"lazy\" decoding=\"async\" src=\"http:\/\/localhost:8080\/pictures\/maldonado.jpg\" width=\"269\" height=\"368\" hspace=\"4\" align=\"left\" \/>AEROPUERTO J. F.  KENNEDY, New York<\/strong>.<strong>&#8211; <\/strong>El candidato presidencial del Partido Revolucionario Dominicano, Miguel  Vargas Maldonado, prometi\u00f3 realizar un  gobierno cuyas acciones se concentrar\u00edan en dotar a la familia dominicana de la  capacidad necesaria para aumentar sus ingresos mediante el trabajo productivo. <br \/>&#13;<br \/>\n  <br \/>&#13;<br \/>\n  Dijo\u00a0 que s\u00f3lo a trav\u00e9s de la creaci\u00f3n de empleos  de calidad y del incremento de la productividad laboral se podr\u00e1 lograr que  cada hogar experimente una mejora de sus ingresos per c\u00e1pita y, en  consecuencia, se reduzca la incidencia de la pobreza en la Rep\u00fablica Dominicana. <br \/>&#13;<br \/>\n  <br \/>&#13;<br \/>\n  El candidato  presidencial del PRD, dijo a su llegada a esta ciudad que los estudios han  demostrado que la probabilidad de ser pobre en la Rep\u00fablica Dominicana  depende fundamentalmente del nivel de educaci\u00f3n, del nivel de desempleo, de la  zona de residencia,\u00a0 de la disponibilidad de servicios b\u00e1sicos y de si  tiene o no un familiare \u00a0en el  extranjero. <br \/>&#13;<br \/>\n  <br \/>&#13;<br \/>\n  <br \/>&#13;<br \/>\n  Vargas  Maldonado,\u00a0 consider\u00f3 \u00a0que debemos  partir del hecho de que una persona con un bajo nivel educativo, desempleado o  con un empleo informal, residente en la zona rural o en la zona fronteriza, sin  servicios b\u00e1sicos y sin un familiar en el extranjero tiene una elevada  probabilidad de ser pobre. <br \/>&#13;<br \/>\n  <br \/>&#13;<br \/>\n  Dijo \u00a0que durante su administraci\u00f3n proceder\u00eda a  ejecutar una pol\u00edtica econ\u00f3mica y social que eleve la capacidad de generaci\u00f3n  de empleo de calidad del sector privado para que pueda absorber la fuerza  laboral dominicana. <br \/>&#13;<br \/>\n  <br \/>&#13;<br \/>\n\u201cLa experiencia  nacional e internacional revela que la mejor forma de reducir la pobreza es  mediante el aumento del ingreso familiar. Nuestra pol\u00edtica econ\u00f3mica promover\u00e1  el aumento del empleo para que de esa forma se \u00a0incremente el ingreso  familiar\u201d. <br \/>&#13;<br \/>\n<br \/>&#13;<br \/>\nEl aspirante  a la presidencia de la   Rep\u00fablica \u00a0por el PRD, indic\u00f3 que su compromiso es  revertir la tendencia actual que \u00a0a su  juicio destruye empleo, afectando al jefe de familia, cuyo ingreso constituye  la columna vertebral de los hogares dominicanos. <br \/>&#13;<br \/>\n<br \/>&#13;<br \/>\nAfirm\u00f3 que la  reducci\u00f3n del costo de la vida que promover\u00e1 en su gobierno tambi\u00e9n ayudar\u00e1  directamente a la reducci\u00f3n de la pobreza, se\u00f1alando \u201cque la disminuci\u00f3n de los  precios de los principales productos de la canasta ayudar\u00e1 a elevar el poder de  compra del presupuesto familiar y nuestro gobierno tendr\u00e1 como meta reducir los  costos de producci\u00f3n de la econom\u00eda dominicana para que se reduzcan los precios  de los art\u00edculos que consume el pueblo dominicano\u00bb. <br \/>&#13;<br \/>\n<br \/>&#13;<br \/>\nIndic\u00f3 \u00a0que con relaci\u00f3n a los productos agropecuarios  adoptar\u00eda \u00a0medidas para elevar la productividad, como es la promoci\u00f3n de  la inversi\u00f3n en invernaderos mediante la creaci\u00f3n de una legislaci\u00f3n especial  de zonas francas para ese tipo de actividad econ\u00f3mica, y de reducci\u00f3n de los  costos de intermediaci\u00f3n para que los productos lleguen del campo a la ciudad  con el menor aumento de precios posible. <br \/>&#13;<br \/>\n<br \/>&#13;<br \/>\nPrometi\u00f3 \u00a0 que  durante una \u00a0administraci\u00f3n \u00a0suya\u00a0 promover\u00eda un aumento de la calidad de  la educaci\u00f3n p\u00fablica para lo cual asignar\u00e1 los recursos establecidos por  Ley. <br \/>&#13;<br \/>\n<br \/>&#13;<br \/>\n\u201cDe cada 100  trabajadores con educaci\u00f3n universitaria, 74 laboran en el mercado formal,  mientras que de cada 100 trabajadores con educaci\u00f3n primaria, s\u00f3lo 31 se ganan  la vida en actividades formales lo que demuestra que los empleados con bajo  nivel educativo participan en actividades laborales muy vulnerables y de  ingresos muy reducidos\u201d,\u00a0 manifest\u00f3 el candidato del PRD. <br \/>&#13;<br \/>\n<br \/>&#13;<br \/>\nRefiri\u00f3 \u00a0que es verdaderamente notable el aporte de los  dominicanos residentes en el exterior a la reducci\u00f3n de la pobreza. \u201cAlrededor  del 10% del ingreso nacional es suplido anualmente en forma de remesas por el  tesonero trabajo de los dominicanos que viven fuera de su pa\u00eds. Las remesas  representan el 66% del ingreso per c\u00e1pita a los hogares pobres que las reciben,  mientras que representan el 30% del ingreso per c\u00e1pita de los hogares menos  pobres. Esta realidad nos llevar\u00e1 a ejecutar pol\u00edticas que ayuden a mejorar el  aporte al desarrollo nacional de las remesas que env\u00edan los dominicanos a sus  familiares\u201d.\u00a0 <br \/>&#13;<br \/>\n<br \/>&#13;<br \/>\nVargas Maldonado  dijo \u00a0que su programa de lucha contra la  pobreza tomar\u00eda en consideraci\u00f3n la gravedad de la incidencia de la pobreza por  regiones, por lo que adoptar\u00eda medidas para favorecer a la l\u00ednea  fronteriza. <br \/>&#13;<br \/>\n<br \/>&#13;<br \/>\n\u201cEl\u00edas Pi\u00f1a, Azua, Bahoruco,  Independencia, San Juan de la   Maguana y Pedernales tienen una incidencia de la pobreza que  triplica el nivel del Distrito Nacional, mientras que\u00a0 Dajab\u00f3n, Santiago  Rodr\u00edguez y Montecristi duplican la incidencia de pobreza del Distrito  Nacional\u201d, expres\u00f3 \u00a0el aspirante  presidencial del PRD. <br \/>&#13;<br \/>\n<br \/>&#13;<br \/>\nVargas Maldonado \u00a0agotar\u00e1 una intensa agenda pol\u00edtica en el Estado  de New York que se inici\u00f3 este mi\u00e9rcoles 17 de octubre. Fue recibido por una  nutrida delegaci\u00f3n de dirigentes y seguidores tanto de esta ciudad, como de las  seccionales de New Jersey, Boston, Massachussets, Filadelphia, Providence, Road  Island y Washington, respectivamente.<br \/>&#13;<br \/>\n<br \/> &#13;<br \/>\nPermanecer\u00e1 aqu\u00ed hasta el lunes 22 del cursante  mes, inform\u00f3 su Direcci\u00f3n de Comunicaciones. <\/p>\n<p>&#13;<\/p>\n<h6> 2007-10-18 03:24:09 <\/h6>\n<p><!--\n<link rel=\"stylesheet\" href=\"css\/bootstrap.min.css\">\n\n\n<ul class=\"pagination\">\n\t    \n\t\n\n<li >\n\t<a href='?page_no=34891'>Previous<\/a>\n\t<\/li>\n\n\n       \n    \n\n<li><a href='?page_no=1'>1<\/a><\/li>\n\n\n\n<li><a href='?page_no=2'>2<\/a><\/li>\n\n\n\n<li><a>...<\/a><\/li>\n\n\n\n<li><a href='?page_no=34890'>34890<\/a><\/li>\n\n\n\n<li><a href='?page_no=34891'>34891<\/a><\/li>\n\n\n\n<li class='active'><a>34892<\/a><\/li>\n\n\n\n<li><a href='?page_no=34893'>34893<\/a><\/li>\n\n\n\n<li><a href='?page_no=34894'>34894<\/a><\/li>\n\n\n\n<li><a>...<\/a><\/li>\n\n\n\n<li><a href='?page_no=36999'>36999<\/a><\/li>\n\n\n\n<li><a href='?page_no=37000'>37000<\/a><\/li>\n\n    \n\t\n\n<li >\n\t<a href='?page_no=34893'>Next<\/a>\n\t<\/li>\n\n\n    \n\n<li><a href='?page_no=37000'>Last &rsaquo;&rsaquo;<\/a><\/li>\n\n<\/ul>\n\n\n--><br \/>\n<\/body><\/p>\n","protected":false},"excerpt":{"rendered":"<p>Vargas Maldonado promete \u00a0elevar la eficiencia de la lucha contra la pobreza en la RD &#13; El candidato presidencial del PRD, dijo a su llegada a esta ciudad que los estudios han demostrado que la probabilidad de ser pobre en la Rep\u00fablica Dominicana depende fundamentalmente del nivel de educaci\u00f3n, del nivel de desempleo, de la [&hellip;]<\/p>\n","protected":false},"author":3,"featured_media":0,"comment_status":"open","ping_status":"open","sticky":false,"template":"","format":"standard","meta":{"footnotes":""},"categories":[22],"tags":[],"class_list":["post-192144","post","type-post","status-publish","format-standard","hentry","category-politica"],"_links":{"self":[{"href":"https:\/\/diariodominicano.com\/index.php?rest_route=\/wp\/v2\/posts\/192144","targetHints":{"allow":["GET"]}}],"collection":[{"href":"https:\/\/diariodominicano.com\/index.php?rest_route=\/wp\/v2\/posts"}],"about":[{"href":"https:\/\/diariodominicano.com\/index.php?rest_route=\/wp\/v2\/types\/post"}],"author":[{"embeddable":true,"href":"https:\/\/diariodominicano.com\/index.php?rest_route=\/wp\/v2\/users\/3"}],"replies":[{"embeddable":true,"href":"https:\/\/diariodominicano.com\/index.php?rest_route=%2Fwp%2Fv2%2Fcomments&post=192144"}],"version-history":[{"count":0,"href":"https:\/\/diariodominicano.com\/index.php?rest_route=\/wp\/v2\/posts\/192144\/revisions"}],"wp:attachment":[{"href":"https:\/\/diariodominicano.com\/index.php?rest_route=%2Fwp%2Fv2%2Fmedia&parent=192144"}],"wp:term":[{"taxonomy":"category","embeddable":true,"href":"https:\/\/diariodominicano.com\/index.php?rest_route=%2Fwp%2Fv2%2Fcategories&post=192144"},{"taxonomy":"post_tag","embeddable":true,"href":"https:\/\/diariodominicano.com\/index.php?rest_route=%2Fwp%2Fv2%2Ftags&post=192144"}],"curies":[{"name":"wp","href":"https:\/\/api.w.org\/{rel}","templated":true}]}}