{"id":192143,"date":"2007-10-18T15:17:45","date_gmt":"2007-10-18T15:17:45","guid":{"rendered":"http:\/\/diariodominicano.ddns.net\/?p=192143"},"modified":"2007-10-18T15:17:45","modified_gmt":"2007-10-18T15:17:45","slug":"amable-promete-erradicar-en-dos-anos","status":"publish","type":"post","link":"https:\/\/diariodominicano.com\/?p=192143","title":{"rendered":"Amable promete erradicar en dos a\u00f1os"},"content":{"rendered":"<p><body><\/p>\n<p align=\"justify\" class=\"titulogrande1\">Amable  promete erradicar en dos a\u00f1os la  indigencia en Rep\u00fablica Dominicana<\/p>\n<p>&#13;<\/p>\n<p align=\"justify\" class=\"text1noticias\"><strong>Santo Domingo.-<\/strong> El candidato  presidencial reformista Amable Aristy prometi\u00f3 erradicar en los dos primeros a\u00f1os de su gobierno la indigencia  en la que viven m\u00e1s de tres \u00a0millones de  dominicanos con la creaci\u00f3n de miles de empleos en las \u00a0diferentes regiones del pa\u00eds y una efectiva  pol\u00edtica de construcci\u00f3n \u00a0dirigida a  beneficiar ese segmento de la poblaci\u00f3n.<\/p>\n<p>&#13;<\/p>\n<p align=\"justify\" class=\"text1noticias\">Dijo que para ello su  administraci\u00f3n desarrollar\u00eda los esfuerzos necesarios \u00a0para cumplir con esas ambiciosas metas que  sacar\u00edan de la miseria a familias que han perdido la esperanza  de vivir con dignidad.<\/p>\n<p>&#13;<\/p>\n<p align=\"justify\" class=\"text1noticias\">Aristy sostuvo que el trabajo  bien remunerado es el camino para escapar de \u00a0la pobreza e indigencia, por lo que se propone  estimular la inversi\u00f3n \u00a0privada en las  diferentes vertientes de la econom\u00eda para crear m\u00e1s y mejores \u00a0empleos.<\/p>\n<p>&#13;<\/p>\n<p align=\"justify\" class=\"text1noticias\">\u201cEntre los objetivos que nos  hemos trazados esta lo de impulsar el \u00a0desarrollo  de nuevos destinos tur\u00edsticos en la regi\u00f3n sur, con grandes \u00a0inversiones locales y extranjeras\u201d, expres\u00f3.<\/p>\n<p>&#13;<\/p>\n<p align=\"justify\" class=\"text1noticias\">Igualmente, impulsar la  reconversi\u00f3n de los parques industriales y la \u00a0incorporaci\u00f3n de terreno a la producci\u00f3n  agropecuaria e invernaderos con la \u00a0utilizaci\u00f3n  de alta tecnolog\u00eda.<\/p>\n<p>&#13;<\/p>\n<p align=\"justify\" class=\"text1noticias\">Tambi\u00e9n anunci\u00f3 que crear\u00e1 el  Banco de los Pobres, \u201cque prometi\u00f3 mi amigo \u00a0Danilo Medina, que dar\u00e1 cr\u00e9dito a bajos  intereses para impulsar a negocios \u00a0familiares  en los barrios y a peque\u00f1as y medianas empresas, sin los requisitos de la banca  formal\u201d.<\/p>\n<p>&#13;<\/p>\n<p align=\"justify\" class=\"text1noticias\">El aspirante a la Presidencia de la Rep\u00fablica por el PRSC  habl\u00f3 sobre el \u00a0tema al celebrarse hoy el  D\u00eda Internacional para la   Erradicaci\u00f3n de la \u00a0Pobreza,  cuando encabezaba una concentraci\u00f3n denominada \u201ccacerolazo contra la pobreza\u201d en los barrios La Ca\u00f1ita y 24 de Abril, de la Capital, donde \u00a0distribuy\u00f3 pollos, sillas de ruedas,  mosquiteros, colchones y dinero a miles de personas que le  acompa\u00f1aron en el recorrido.<\/p>\n<p>&#13;<\/p>\n<p align=\"justify\" class=\"text1noticias\">Previamente, Amable visit\u00f3 la Fundaci\u00f3n Doctor  Cruz Jiminian, en Cristo Rey, \u00a0donde  convers\u00f3 con el personal medico, param\u00e9dico y pacientes.<\/p>\n<p>&#13;<\/p>\n<p align=\"justify\" class=\"text1noticias\">Prometi\u00f3 asimismo desarrollar  un basto programa de inversi\u00f3n social que \u00a0incluye proyectos habitacionales, acueductos,  escuelas, hospitales, caminos vecinales y otros que son  determinantes para mejorar las condiciones de vida \u00a0de esas familias que en su mayor\u00eda ganan menos  de 33 pesos para poder \u00a0subsistir.<\/p>\n<p>&#13;<\/p>\n<p align=\"justify\" class=\"text1noticias\">\u201cVamos a desarrollar  programas especiales bien estructurados para reducir la \u00a0pobreza y eliminar la pobreza extrema\u201d,  insisti\u00f3.<\/p>\n<p>&#13;<\/p>\n<p align=\"justify\" class=\"text1noticias\">Aristy afirm\u00f3 que su meta es  sacar de la pobreza extrema a dos millones de \u00a0personas en el primer a\u00f1o y en el segundo  dejar definitivamente erradicada \u00a0la  indigencia en el pa\u00eds.<\/p>\n<p>&#13;<\/p>\n<p align=\"justify\" class=\"text1noticias\">Result\u00f3 que es imperdonable  que m\u00e1s de tres millones de dominicanos tengan \u00a0que sobrevivir con treinta y tres pesos, lo  que demuestra claramente el \u00a0hambre y la  miseria por la que atraviesa una parte importante de la poblaci\u00f3n.<\/p>\n<p>&#13;<\/p>\n<p align=\"justify\" class=\"text1noticias\">Amable Aristy record\u00f3 que  Balaguer dej\u00f3 en 20 por ciento a los indigentes y \u00a0en los gobiernos de los partidos de la Liberaci\u00f3n Dominicana  (PLD) y \u00a0Revolucionario Dominicano (PRD)  se elev\u00f3 a un 33%.<\/p>\n<p>&#13;<\/p>\n<p align=\"justify\" class=\"text1noticias\">Consider\u00f3 vergonzoso que los  gobiernos pelede\u00edsta y perredeista solo hayan \u00a0servidos \u201cpara hacer a los pobres m\u00e1s pobres,  convirti\u00e9ndolo en indigentes, \u00a0y  desplazando a la clase media hacia la pobreza\u201d.<\/p>\n<p>&#13;<\/p>\n<p align=\"justify\" class=\"text1noticias\">\u201cEl pa\u00eds ha sido convertido  por los dos \u00faltimos gobiernos en un cementerio \u00a0de muertos en vida por la carencia de  oportunidades y del alto costo de la \u00a0vida,  hacinamiento, insalubridad, desempleo, falta de servicios de agua potable, energ\u00eda el\u00e9ctrica y  la ausencia de un r\u00e9gimen fiscal justo y una \u00a0pol\u00edtica social m\u00e1s adecuada\u201d, expres\u00f3.<\/p>\n<p>&#13;<\/p>\n<p align=\"justify\" class=\"text1noticias\">Amable Aristy sostuvo que  tras siete a\u00f1os y meses de gobiernos de Leonel \u00a0Fern\u00e1ndez y los cuatro \u00faltimos del PRD, en la Rep\u00fablica Dominicana  hay m\u00e1s pobres \u201cy los que eran pobres  pasaron a la pobreza extrema\u201d.<\/p>\n<p>&#13;<\/p>\n<h6> 2007-10-18 15:17:45 <\/h6>\n<p><!--\n<link rel=\"stylesheet\" href=\"css\/bootstrap.min.css\">\n\n\n<ul class=\"pagination\">\n\t    \n\t\n\n<li >\n\t<a href='?page_no=34890'>Previous<\/a>\n\t<\/li>\n\n\n       \n    \n\n<li><a href='?page_no=1'>1<\/a><\/li>\n\n\n\n<li><a href='?page_no=2'>2<\/a><\/li>\n\n\n\n<li><a>...<\/a><\/li>\n\n\n\n<li><a href='?page_no=34889'>34889<\/a><\/li>\n\n\n\n<li><a href='?page_no=34890'>34890<\/a><\/li>\n\n\n\n<li class='active'><a>34891<\/a><\/li>\n\n\n\n<li><a href='?page_no=34892'>34892<\/a><\/li>\n\n\n\n<li><a href='?page_no=34893'>34893<\/a><\/li>\n\n\n\n<li><a>...<\/a><\/li>\n\n\n\n<li><a href='?page_no=36999'>36999<\/a><\/li>\n\n\n\n<li><a href='?page_no=37000'>37000<\/a><\/li>\n\n    \n\t\n\n<li >\n\t<a href='?page_no=34892'>Next<\/a>\n\t<\/li>\n\n\n    \n\n<li><a href='?page_no=37000'>Last &rsaquo;&rsaquo;<\/a><\/li>\n\n<\/ul>\n\n\n--><br \/>\n<\/body><\/p>\n","protected":false},"excerpt":{"rendered":"<p>Amable promete erradicar en dos a\u00f1os la indigencia en Rep\u00fablica Dominicana &#13; Santo Domingo.- El candidato presidencial reformista Amable Aristy prometi\u00f3 erradicar en los dos primeros a\u00f1os de su gobierno la indigencia en la que viven m\u00e1s de tres \u00a0millones de dominicanos con la creaci\u00f3n de miles de empleos en las \u00a0diferentes regiones del pa\u00eds [&hellip;]<\/p>\n","protected":false},"author":3,"featured_media":0,"comment_status":"open","ping_status":"open","sticky":false,"template":"","format":"standard","meta":{"footnotes":""},"categories":[22],"tags":[],"class_list":["post-192143","post","type-post","status-publish","format-standard","hentry","category-politica"],"_links":{"self":[{"href":"https:\/\/diariodominicano.com\/index.php?rest_route=\/wp\/v2\/posts\/192143","targetHints":{"allow":["GET"]}}],"collection":[{"href":"https:\/\/diariodominicano.com\/index.php?rest_route=\/wp\/v2\/posts"}],"about":[{"href":"https:\/\/diariodominicano.com\/index.php?rest_route=\/wp\/v2\/types\/post"}],"author":[{"embeddable":true,"href":"https:\/\/diariodominicano.com\/index.php?rest_route=\/wp\/v2\/users\/3"}],"replies":[{"embeddable":true,"href":"https:\/\/diariodominicano.com\/index.php?rest_route=%2Fwp%2Fv2%2Fcomments&post=192143"}],"version-history":[{"count":0,"href":"https:\/\/diariodominicano.com\/index.php?rest_route=\/wp\/v2\/posts\/192143\/revisions"}],"wp:attachment":[{"href":"https:\/\/diariodominicano.com\/index.php?rest_route=%2Fwp%2Fv2%2Fmedia&parent=192143"}],"wp:term":[{"taxonomy":"category","embeddable":true,"href":"https:\/\/diariodominicano.com\/index.php?rest_route=%2Fwp%2Fv2%2Fcategories&post=192143"},{"taxonomy":"post_tag","embeddable":true,"href":"https:\/\/diariodominicano.com\/index.php?rest_route=%2Fwp%2Fv2%2Ftags&post=192143"}],"curies":[{"name":"wp","href":"https:\/\/api.w.org\/{rel}","templated":true}]}}