{"id":192141,"date":"2007-10-18T15:28:58","date_gmt":"2007-10-18T15:28:58","guid":{"rendered":"http:\/\/diariodominicano.ddns.net\/?p=192141"},"modified":"2007-10-18T15:28:58","modified_gmt":"2007-10-18T15:28:58","slug":"pld-prepara-actos-sexto-aniversario-fallecimiento-de-juan-bosch","status":"publish","type":"post","link":"https:\/\/diariodominicano.com\/?p=192141","title":{"rendered":"PLD prepara actos sexto aniversario fallecimiento de Juan Bosch"},"content":{"rendered":"<p><body><\/p>\n<p class=\"titulogrande1\">PLD  prepara actos sexto aniversario fallecimiento de Juan Bosch<\/p>\n<p>&#13;<\/p>\n<p align=\"justify\"> <span class=\"text1noticias\"><strong>Santo Domingo.-<\/strong> El Partido de la Liberaci\u00f3n Dominicana  se prepara para la conmemoraci\u00f3n del sexto aniversario del fallecimiento de su  fundador y gu\u00eda, profesor Juan Bosch. <\/span><\/p>\n<p>&#13;<\/p>\n<p align=\"justify\" class=\"text1noticias\">Con tales fines se ha conformado una  comisi\u00f3n coordinada por Cristina Lizardo, integrante del Comit\u00e9 Pol\u00edtico quien  conjuntamente con la   Secretar\u00eda General y las Secretar\u00edas\u00a0 de Actos, Cultura y Comunicaciones vienen  planificando y organizando los actos a desarrollarse los d\u00edas primero y dos de  noviembre. <\/p>\n<p>&#13;<\/p>\n<p align=\"justify\" class=\"text1noticias\">Lizardo se\u00f1al\u00f3 que\u00a0 \u00abcomo es ya una tradici\u00f3n celebraremos  ceremonias religiosas, ofrendas, actos p\u00fablicos,\u00a0 realizaremos impresos y actos art\u00edsticos para  recordar nuestro l\u00edder hist\u00f3rico\u00bb. <\/p>\n<p>&#13;<\/p>\n<p align=\"justify\" class=\"text1noticias\">Adelant\u00f3 que se organizan actividades  masivas en La Vega,  ciudad que vio nacer al Profesor Juan Bosch y donde descansan sus restos en el  Cementerio Ornamental de la tambi\u00e9n\u00a0  llamada ciudad culta y ol\u00edmpica. <\/p>\n<p>&#13;<\/p>\n<p align=\"justify\" class=\"text1noticias\">La Casa Nacional del  PLD, ubicada en el sector de Gazcue en la Capital dominicana y donde Bosch coordin\u00f3  importantes trabajos pol\u00edticos, ser\u00e1 escenario para la realizaci\u00f3n de otras  actividades. <\/p>\n<p>&#13;<\/p>\n<p align=\"justify\" class=\"text1noticias\">En cada una de los actos se ha  confirmado la presencia de la dirigencia pelede\u00edsta representada en los  miembros de su Comit\u00e9 Pol\u00edtico y Comit\u00e9 Central. <\/p>\n<p>&#13;<\/p>\n<p align=\"justify\" class=\"text1noticias\">Juan  Bosch, ex presidente de la   Republica, quien le devino la muerte siendo Presidente Ad  Vitam del PLD, partido que fundara en 1973, con un peque\u00f1o grupo de dirigentes  renunciantes del PRD, falleci\u00f3 v\u00edctima de una afecci\u00f3n respiratoria el primero  de noviembre del 2001. <\/p>\n<p>&#13;<\/p>\n<p align=\"justify\" class=\"text1noticias\">Su  sepelio fue una verdadera manifestaci\u00f3n de duelo nacional y motivo de env\u00edo de  cientos de mensajes de condolencias desde exterior de\u00a0\u00a0 personalidades internacionales. <\/p>\n<p>&#13;<\/p>\n<h6> 2007-10-18 15:28:58 <\/h6>\n<p><!--\n<link rel=\"stylesheet\" href=\"css\/bootstrap.min.css\">\n\n\n<ul class=\"pagination\">\n\t    \n\t\n\n<li >\n\t<a href='?page_no=34888'>Previous<\/a>\n\t<\/li>\n\n\n       \n    \n\n<li><a href='?page_no=1'>1<\/a><\/li>\n\n\n\n<li><a href='?page_no=2'>2<\/a><\/li>\n\n\n\n<li><a>...<\/a><\/li>\n\n\n\n<li><a href='?page_no=34887'>34887<\/a><\/li>\n\n\n\n<li><a href='?page_no=34888'>34888<\/a><\/li>\n\n\n\n<li class='active'><a>34889<\/a><\/li>\n\n\n\n<li><a href='?page_no=34890'>34890<\/a><\/li>\n\n\n\n<li><a href='?page_no=34891'>34891<\/a><\/li>\n\n\n\n<li><a>...<\/a><\/li>\n\n\n\n<li><a href='?page_no=36999'>36999<\/a><\/li>\n\n\n\n<li><a href='?page_no=37000'>37000<\/a><\/li>\n\n    \n\t\n\n<li >\n\t<a href='?page_no=34890'>Next<\/a>\n\t<\/li>\n\n\n    \n\n<li><a href='?page_no=37000'>Last &rsaquo;&rsaquo;<\/a><\/li>\n\n<\/ul>\n\n\n--><br \/>\n<\/body><\/p>\n","protected":false},"excerpt":{"rendered":"<p>PLD prepara actos sexto aniversario fallecimiento de Juan Bosch &#13; Santo Domingo.- El Partido de la Liberaci\u00f3n Dominicana se prepara para la conmemoraci\u00f3n del sexto aniversario del fallecimiento de su fundador y gu\u00eda, profesor Juan Bosch. &#13; Con tales fines se ha conformado una comisi\u00f3n coordinada por Cristina Lizardo, integrante del Comit\u00e9 Pol\u00edtico quien conjuntamente [&hellip;]<\/p>\n","protected":false},"author":3,"featured_media":0,"comment_status":"open","ping_status":"open","sticky":false,"template":"","format":"standard","meta":{"footnotes":""},"categories":[22],"tags":[],"class_list":["post-192141","post","type-post","status-publish","format-standard","hentry","category-politica"],"_links":{"self":[{"href":"https:\/\/diariodominicano.com\/index.php?rest_route=\/wp\/v2\/posts\/192141","targetHints":{"allow":["GET"]}}],"collection":[{"href":"https:\/\/diariodominicano.com\/index.php?rest_route=\/wp\/v2\/posts"}],"about":[{"href":"https:\/\/diariodominicano.com\/index.php?rest_route=\/wp\/v2\/types\/post"}],"author":[{"embeddable":true,"href":"https:\/\/diariodominicano.com\/index.php?rest_route=\/wp\/v2\/users\/3"}],"replies":[{"embeddable":true,"href":"https:\/\/diariodominicano.com\/index.php?rest_route=%2Fwp%2Fv2%2Fcomments&post=192141"}],"version-history":[{"count":0,"href":"https:\/\/diariodominicano.com\/index.php?rest_route=\/wp\/v2\/posts\/192141\/revisions"}],"wp:attachment":[{"href":"https:\/\/diariodominicano.com\/index.php?rest_route=%2Fwp%2Fv2%2Fmedia&parent=192141"}],"wp:term":[{"taxonomy":"category","embeddable":true,"href":"https:\/\/diariodominicano.com\/index.php?rest_route=%2Fwp%2Fv2%2Fcategories&post=192141"},{"taxonomy":"post_tag","embeddable":true,"href":"https:\/\/diariodominicano.com\/index.php?rest_route=%2Fwp%2Fv2%2Ftags&post=192141"}],"curies":[{"name":"wp","href":"https:\/\/api.w.org\/{rel}","templated":true}]}}