{"id":192140,"date":"2007-10-18T15:31:38","date_gmt":"2007-10-18T15:31:38","guid":{"rendered":"http:\/\/diariodominicano.ddns.net\/?p=192140"},"modified":"2007-10-18T15:31:38","modified_gmt":"2007-10-18T15:31:38","slug":"rd-y-palestina-iniciaran-proceso-de-dialogo-y-cooperacion","status":"publish","type":"post","link":"https:\/\/diariodominicano.com\/?p=192140","title":{"rendered":"RD y Palestina iniciar\u00e1n proceso de di\u00e1logo y cooperaci\u00f3n"},"content":{"rendered":"<p><body><\/p>\n<p class=\"titulogrande1\">RD  y Palestina iniciar\u00e1n proceso  de di\u00e1logo y cooperaci\u00f3n<\/p>\n<p>&#13;<\/p>\n<p align=\"justify\" class=\"text1noticias\"><strong>Santo Domingo.- <\/strong>La Rep\u00fablica Dominicana  y la Autoridad   Palestina iniciar\u00e1n un proceso de di\u00e1logo encaminado al  desarrollo de relaciones de amistad y cooperaci\u00f3n, y a identificar otros temas  de inter\u00e9s com\u00fan. <\/p>\n<p>&#13;<\/p>\n<p align=\"justify\" class=\"text1noticias\">El comienzo de ese di\u00e1logo  ser\u00e1 formalizado mediante la firma de un comunicado conjunto por parte de  representantes de ambos pa\u00edses, en los pr\u00f3ximos d\u00edas. <\/p>\n<p>&#13;<\/p>\n<p align=\"justify\" class=\"text1noticias\">Seg\u00fan explic\u00f3 el Secretario  de Estado de Relaciones Exteriores, ingeniero Carlos Morales Troncoso, este  acercamiento se enmarcar\u00e1 dentro de los principios de la Carta de las Naciones  Unidas.<\/p>\n<p>&#13;<\/p>\n<p align=\"justify\" class=\"text1noticias\">El documento ser\u00e1 firmado por  el embajador Enriquillo A. Del Rosario, Representante Permanente adjunto  Encargado de Negocios de Rep\u00fablica Dominicana ante Naciones Unidas, y Riyad H.  Manssur, Embajador, Observador Permanente de Palestina ante Naciones Unidas.<\/p>\n<p>&#13;<\/p>\n<p align=\"justify\" class=\"text1noticias\">Las Naciones Unidas catalogan  a Palestina dentro de las Entidades y organizaciones intergubernamentales que  han recibido invitaci\u00f3n permanente para participar en calidad de observadores  en los per\u00edodos de sesiones y en los trabajos de la Asamblea General  y que mantienen oficinas permanentes en la sede de las Naciones Unidas. <br \/>&#13;<br \/>\n  <br \/>&#13;<br \/>\n  La principal tarea que se le  atribuye a la   Autoridad Palestina es la de conseguir el reconocimiento  internacional de un territorio perfectamente delimitado. Para obtener este  objetivo, la   Autoridad Palestina despliega intensas actividades  diplom\u00e1ticas con aquellos pa\u00edses que considera sus aliados, en primera  prioridad y con otros pa\u00edses que simpatizan con su causa.<\/p>\n<p>&#13;<\/p>\n<h6> 2007-10-18 15:31:38 <\/h6>\n<p><!--\n<link rel=\"stylesheet\" href=\"css\/bootstrap.min.css\">\n\n\n<ul class=\"pagination\">\n\t    \n\t\n\n<li >\n\t<a href='?page_no=34887'>Previous<\/a>\n\t<\/li>\n\n\n       \n    \n\n<li><a href='?page_no=1'>1<\/a><\/li>\n\n\n\n<li><a href='?page_no=2'>2<\/a><\/li>\n\n\n\n<li><a>...<\/a><\/li>\n\n\n\n<li><a href='?page_no=34886'>34886<\/a><\/li>\n\n\n\n<li><a href='?page_no=34887'>34887<\/a><\/li>\n\n\n\n<li class='active'><a>34888<\/a><\/li>\n\n\n\n<li><a href='?page_no=34889'>34889<\/a><\/li>\n\n\n\n<li><a href='?page_no=34890'>34890<\/a><\/li>\n\n\n\n<li><a>...<\/a><\/li>\n\n\n\n<li><a href='?page_no=36999'>36999<\/a><\/li>\n\n\n\n<li><a href='?page_no=37000'>37000<\/a><\/li>\n\n    \n\t\n\n<li >\n\t<a href='?page_no=34889'>Next<\/a>\n\t<\/li>\n\n\n    \n\n<li><a href='?page_no=37000'>Last &rsaquo;&rsaquo;<\/a><\/li>\n\n<\/ul>\n\n\n--><br \/>\n<\/body><\/p>\n","protected":false},"excerpt":{"rendered":"<p>RD y Palestina iniciar\u00e1n proceso de di\u00e1logo y cooperaci\u00f3n &#13; Santo Domingo.- La Rep\u00fablica Dominicana y la Autoridad Palestina iniciar\u00e1n un proceso de di\u00e1logo encaminado al desarrollo de relaciones de amistad y cooperaci\u00f3n, y a identificar otros temas de inter\u00e9s com\u00fan. &#13; El comienzo de ese di\u00e1logo ser\u00e1 formalizado mediante la firma de un comunicado [&hellip;]<\/p>\n","protected":false},"author":3,"featured_media":0,"comment_status":"open","ping_status":"open","sticky":false,"template":"","format":"standard","meta":{"footnotes":""},"categories":[22],"tags":[],"class_list":["post-192140","post","type-post","status-publish","format-standard","hentry","category-politica"],"_links":{"self":[{"href":"https:\/\/diariodominicano.com\/index.php?rest_route=\/wp\/v2\/posts\/192140","targetHints":{"allow":["GET"]}}],"collection":[{"href":"https:\/\/diariodominicano.com\/index.php?rest_route=\/wp\/v2\/posts"}],"about":[{"href":"https:\/\/diariodominicano.com\/index.php?rest_route=\/wp\/v2\/types\/post"}],"author":[{"embeddable":true,"href":"https:\/\/diariodominicano.com\/index.php?rest_route=\/wp\/v2\/users\/3"}],"replies":[{"embeddable":true,"href":"https:\/\/diariodominicano.com\/index.php?rest_route=%2Fwp%2Fv2%2Fcomments&post=192140"}],"version-history":[{"count":0,"href":"https:\/\/diariodominicano.com\/index.php?rest_route=\/wp\/v2\/posts\/192140\/revisions"}],"wp:attachment":[{"href":"https:\/\/diariodominicano.com\/index.php?rest_route=%2Fwp%2Fv2%2Fmedia&parent=192140"}],"wp:term":[{"taxonomy":"category","embeddable":true,"href":"https:\/\/diariodominicano.com\/index.php?rest_route=%2Fwp%2Fv2%2Fcategories&post=192140"},{"taxonomy":"post_tag","embeddable":true,"href":"https:\/\/diariodominicano.com\/index.php?rest_route=%2Fwp%2Fv2%2Ftags&post=192140"}],"curies":[{"name":"wp","href":"https:\/\/api.w.org\/{rel}","templated":true}]}}