{"id":192139,"date":"2007-10-18T15:37:57","date_gmt":"2007-10-18T15:37:57","guid":{"rendered":"http:\/\/diariodominicano.ddns.net\/?p=192139"},"modified":"2007-10-18T15:37:57","modified_gmt":"2007-10-18T15:37:57","slug":"udc-plantea-necesidad-de-mayor-integracion-de-medicos-y-maestros-en-programas-de-desarrollo","status":"publish","type":"post","link":"https:\/\/diariodominicano.com\/?p=192139","title":{"rendered":"UDC plantea necesidad de mayor integraci\u00f3n de m\u00e9dicos y maestros, en programas de desarrollo"},"content":{"rendered":"<p><body><\/p>\n<p align=\"justify\" class=\"titulogrande1\">UDC plantea necesidad de mayor integraci\u00f3n de m\u00e9dicos  y maestros, en programas de desarrollo<\/p>\n<p>&#13;<\/p>\n<p align=\"justify\" class=\"text1noticias\">El Partido Uni\u00f2n Dem\u00f2crata Cristiana (UDC) consider\u00f3  hoy que la educaci\u00f3n y la salud, son renglones b\u00e0sicos y fundamentales para el  desarrollo dominicano, y que se debe dar una gran cruzada, entre sector p\u00f9blico  y privado, para mejorar los niveles de asistencia a la poblaci\u00f3n.<\/p>\n<p>&#13;<\/p>\n<p align=\"justify\" class=\"text1noticias\">Luis Acosta Moreta, Luis \u201cEl Gallo\u201d, asever\u00f2 que\u00a0 m\u00e9dicos, maestros y todos los sectores que  directas o indirectamente se encuentran en el campo de la salud, deben tomar  las medidas de lugar, para mejorar y modernizar la\u00a0 ense\u00f1anza y la asistencia m\u00e9dica.<\/p>\n<p>&#13;<\/p>\n<p align=\"justify\" class=\"text1noticias\">Agreg\u00f3 que representantes del sector m\u00e8dico, que  tienen todav\u00eda puntos encontrados con la reforma del sistema sanitario, tienen  que limar asperezas, entrar al di\u00e1logo, y buscar soluciones y alternativas a  los problemas, buscando soluciones para las grandes mayor\u00edas.<\/p>\n<p>&#13;<\/p>\n<p align=\"justify\" class=\"text1noticias\">Pidi\u00f2 que los m\u00e8dicos tengan una mayor dosis\u00a0 de sensibilidad social, y que apetencias  personales o de grupos sean minimizadas y silenciadas, a favor de la armon\u00eda y  el desarrollo de una verdadera cobertura m\u00e8dico social.<\/p>\n<p>&#13;<\/p>\n<p align=\"justify\" class=\"text1noticias\">Dijo que\u00a0 los  programas de medicina preventiva tienen que ser llevados a todo el territorio  nacional,\u00a0 contando con la colaboraci\u00f3n y  la atenci\u00f3n de autoridades y grupos m\u00e8dicos privados,\u00a0 para realizar una amplia cobertura nacional,  en especial de las enfermedades infecto contagiosas.<\/p>\n<p>&#13;<\/p>\n<p align=\"justify\" class=\"text1noticias\">A\u00f1adi\u00f2 que los primeros que se deben integrar a las  jornadas de prevenci\u00f2n del dengue y el paludismo, entre otras enfermedades,\u00a0 que sufre en forma ancestral una parte  considerable de la poblaci\u00f3n<\/p>\n<p>&#13;<\/p>\n<p align=\"justify\" class=\"text1noticias\">Dijo que\u00a0\u00a0 todos  los sectores se deben integrar a una campa\u00f1a masiva de prevenci\u00f2n, para hacer  frente a las enfermedades infecto contagiosas, y a los principales problemas  sanitarios que tiene el pa\u00ecs.<\/p>\n<p>&#13;<\/p>\n<p align=\"justify\" class=\"text1noticias\">Tambi\u00e8n pidi\u00f2 a los maestros que se integren a los  programas nacionales de alfabetizaci\u00f2n\u00a0 y  mejoramiento de los niveles de la ense\u00f1anza, para preparar a la juventud, para  que haga frente a los nuevos tiempos.<\/p>\n<p>&#13;<\/p>\n<h6> 2007-10-18 15:37:57 <\/h6>\n<p><!--\n<link rel=\"stylesheet\" href=\"css\/bootstrap.min.css\">\n\n\n<ul class=\"pagination\">\n\t    \n\t\n\n<li >\n\t<a href='?page_no=34886'>Previous<\/a>\n\t<\/li>\n\n\n       \n    \n\n<li><a href='?page_no=1'>1<\/a><\/li>\n\n\n\n<li><a href='?page_no=2'>2<\/a><\/li>\n\n\n\n<li><a>...<\/a><\/li>\n\n\n\n<li><a href='?page_no=34885'>34885<\/a><\/li>\n\n\n\n<li><a href='?page_no=34886'>34886<\/a><\/li>\n\n\n\n<li class='active'><a>34887<\/a><\/li>\n\n\n\n<li><a href='?page_no=34888'>34888<\/a><\/li>\n\n\n\n<li><a href='?page_no=34889'>34889<\/a><\/li>\n\n\n\n<li><a>...<\/a><\/li>\n\n\n\n<li><a href='?page_no=36999'>36999<\/a><\/li>\n\n\n\n<li><a href='?page_no=37000'>37000<\/a><\/li>\n\n    \n\t\n\n<li >\n\t<a href='?page_no=34888'>Next<\/a>\n\t<\/li>\n\n\n    \n\n<li><a href='?page_no=37000'>Last &rsaquo;&rsaquo;<\/a><\/li>\n\n<\/ul>\n\n\n--><br \/>\n<\/body><\/p>\n","protected":false},"excerpt":{"rendered":"<p>UDC plantea necesidad de mayor integraci\u00f3n de m\u00e9dicos y maestros, en programas de desarrollo &#13; El Partido Uni\u00f2n Dem\u00f2crata Cristiana (UDC) consider\u00f3 hoy que la educaci\u00f3n y la salud, son renglones b\u00e0sicos y fundamentales para el desarrollo dominicano, y que se debe dar una gran cruzada, entre sector p\u00f9blico y privado, para mejorar los niveles [&hellip;]<\/p>\n","protected":false},"author":3,"featured_media":0,"comment_status":"open","ping_status":"open","sticky":false,"template":"","format":"standard","meta":{"footnotes":""},"categories":[22],"tags":[],"class_list":["post-192139","post","type-post","status-publish","format-standard","hentry","category-politica"],"_links":{"self":[{"href":"https:\/\/diariodominicano.com\/index.php?rest_route=\/wp\/v2\/posts\/192139","targetHints":{"allow":["GET"]}}],"collection":[{"href":"https:\/\/diariodominicano.com\/index.php?rest_route=\/wp\/v2\/posts"}],"about":[{"href":"https:\/\/diariodominicano.com\/index.php?rest_route=\/wp\/v2\/types\/post"}],"author":[{"embeddable":true,"href":"https:\/\/diariodominicano.com\/index.php?rest_route=\/wp\/v2\/users\/3"}],"replies":[{"embeddable":true,"href":"https:\/\/diariodominicano.com\/index.php?rest_route=%2Fwp%2Fv2%2Fcomments&post=192139"}],"version-history":[{"count":0,"href":"https:\/\/diariodominicano.com\/index.php?rest_route=\/wp\/v2\/posts\/192139\/revisions"}],"wp:attachment":[{"href":"https:\/\/diariodominicano.com\/index.php?rest_route=%2Fwp%2Fv2%2Fmedia&parent=192139"}],"wp:term":[{"taxonomy":"category","embeddable":true,"href":"https:\/\/diariodominicano.com\/index.php?rest_route=%2Fwp%2Fv2%2Fcategories&post=192139"},{"taxonomy":"post_tag","embeddable":true,"href":"https:\/\/diariodominicano.com\/index.php?rest_route=%2Fwp%2Fv2%2Ftags&post=192139"}],"curies":[{"name":"wp","href":"https:\/\/api.w.org\/{rel}","templated":true}]}}