{"id":192136,"date":"2007-10-18T20:03:57","date_gmt":"2007-10-18T20:03:57","guid":{"rendered":"http:\/\/diariodominicano.ddns.net\/?p=192136"},"modified":"2007-10-18T20:03:57","modified_gmt":"2007-10-18T20:03:57","slug":"amable-asegura-el-pueblo-esta-decidido-cambiar-de-medicoen-comicios-2008","status":"publish","type":"post","link":"https:\/\/diariodominicano.com\/?p=192136","title":{"rendered":"Amable asegura el pueblo est\u00e1 decidido \u201ccambiar de m\u00e9dico\u201den comicios 2008"},"content":{"rendered":"<p><body><\/p>\n<p align=\"justify\" class=\"titulogrande1\">Amable asegura el pueblo est\u00e1 decidido  \u201ccambiar de m\u00e9dico\u201d en comicios 2008<\/p>\n<p>&#13;<\/p>\n<p align=\"justify\" class=\"text1noticias\"><strong>SANTODOMINGO.-<\/strong> El candidato presidencial  reformista, Amable Aristy, asegur\u00f3 que el pueblo se decidi\u00f3 a \u201ccambiar de m\u00e9dico\u201d en las  elecciones del pr\u00f3ximo a\u00f1o para \u00a0instaurar  un gobierno centro humanista que ayude a salir de la pobreza a millones de dominicanos.<\/p>\n<p>&#13;<\/p>\n<p align=\"justify\" class=\"text1noticias\">En una clara alusi\u00f3n al nuevo spot  televisivo del Partido de la Liberaci\u00f3n   \u00a0Dominicana (PLD),  donde aparece el presidente Fern\u00e1ndez ayudando a un paciente que simboliza el  pueblo, Aristy Castro dijo que el comercial \u201ces una especie de pel\u00edcula de  ciencia ficci\u00f3n, porque el drama real que vive el \u00a0pueblo fue la expresi\u00f3n de repudio que dieron  en Santiago al mandatario\u201d.<\/p>\n<p>&#13;<\/p>\n<p align=\"justify\" class=\"text1noticias\">\u201cLa inmensa mayor\u00eda de los dominicanos, de  manera\u00a0 especial los pobres, esta \u00a0ansiosa que llegue el 16 de mayo para cambiar  de m\u00e9dico y escoger un doctor humanista, que le duela el pr\u00f3jimo, que  tenga sensibilidad social y pol\u00edtica \u00a0para  ayudar a los sectores pobres y excluidos del pa\u00eds\u201d, indic\u00f3.<\/p>\n<p>&#13;<\/p>\n<p align=\"justify\" class=\"text1noticias\">Explic\u00f3 en ese sentido que no importa que  el PLD siga pasando el controversial spot\u00a0  porque entiende que con el mismo no se lograr\u00e1 confundir \u00a0a la poblaci\u00f3n, que a su juicio, \u201cest\u00e1  conciente de la dif\u00edcil situaci\u00f3n \u00a0econ\u00f3mica  y social que viven los dominicanos en el gobierno del presidente Fern\u00e1ndez\u201d.<br \/>&#13;<br \/>\n  <br \/>&#13;<br \/>\n\u201cSe trata de un comercial de ciencia  ficci\u00f3n, alejado talmente de la triste realidad que viven los pobres, los  indigentes y la clase media del pa\u00eds\u201d, insisti\u00f3.<\/p>\n<p>&#13;<\/p>\n<p align=\"justify\" class=\"text1noticias\">El aspirante a la Presidencia\u00a0 por el Partido Reformista Social Cristiano \u00a0(PRSC) sostuvo que en el \u201csegundo  internamiento\u201d del pueblo en las manos del \u00a0presidente Fern\u00e1ndez \u201cen tres a\u00f1os y medio no  ha podido curar del hambre y \u00a0la miseria  a la mayor\u00eda del pueblo\u201d.<\/p>\n<p>&#13;<\/p>\n<p align=\"justify\" class=\"text1noticias\">En ese sentido, dijo que la administraci\u00f3n  pelede\u00edsta ha condenado al pueblo a pagar la energ\u00eda el\u00e9ctrica m\u00e1s cara del  mundo y le ha privado de los \u00a0servicios  fundamentales, como educaci\u00f3n, salud, agua potable y transporte \u201cy ha permitido que reine el temor, la  inseguridad y la delincuencia\u201d.<\/p>\n<p>&#13;<\/p>\n<p align=\"justify\" class=\"text1noticias\">\u201cLa realidad es que en estos tres a\u00f1os y  medio baj\u00f3 el d\u00f3lar, creci\u00f3 la econom\u00eda, pero al mismo tiempo creci\u00f3 el n\u00famero  de pobres e indigentes en la Rep\u00fablica Dominicana\u201d, asever\u00f3.<\/p>\n<p>&#13;<\/p>\n<p align=\"justify\" class=\"text1noticias\">Amable Aristy habl\u00f3 en esos t\u00e9rminos en el  marco de un \u201ccacerolazo contra la pobreza\u201d en el kilometro Ocho y Medio de la  carretera S\u00e1nchez, donde distribuy\u00f3 gallinas, sillas de ruedas, mosquiteros,  colchones, computadoras y dinero a familias necesitadas.<\/p>\n<p>&#13;<\/p>\n<p align=\"justify\" class=\"text1noticias\">Miles de personas le acompa\u00f1aron durante  el recorrido por los diferentes pobres de la circunscripci\u00f3n n\u00famero uno, de la Capital, al ritmo del  ruido sonido de las cacerolas vac\u00edas que hac\u00edan sonar con cucharones y piedras,  adem\u00e1s de m\u00fasica alusiva a su candidatura y consignas de que \u201cPor donde Amable  pasa se enciende la cocina\u201d.<\/p>\n<p>&#13;<\/p>\n<p align=\"justify\" class=\"text1noticias\">Dijo que la estabilidad, el crecimiento  econ\u00f3mico y la bonanza en las arcas del Estado solo han servido para beneficiar  a un grupito de funcionarios y allegados al Gobierno, mientras que las  condiciones de vida de ocho millones de dominicanos ha empeorado notablemente  en los \u00faltimos tres gobiernos.<\/p>\n<p>&#13;<\/p>\n<p align=\"justify\" class=\"text1noticias\">El candidato reformista dijo que la  pobreza extrema ha aumentado de un 20 por ciento a un 33 por ciento, mientras  el Fondo Monetario Internacional dice que la econom\u00eda crecer\u00e1 un por ciento.<\/p>\n<p>&#13;<\/p>\n<p align=\"justify\" class=\"text1noticias\">Manifest\u00f3 que si volver el PRD \u201cser\u00eda una  reca\u00edda, seguir con el PLD es un suicidio\u201d.<\/p>\n<p>&#13;<\/p>\n<p align=\"justify\" class=\"text1noticias\">\u201cNi le\u00f3n ni bacalao, este es el tiempo del  gallo colorado. Lleg\u00f3 la hora de\u00a0 los  pobres\u201d, dijo finalmente.<\/p>\n<p>&#13;<\/p>\n<h6> 2007-10-18 20:03:57 <\/h6>\n<p><!--\n<link rel=\"stylesheet\" href=\"css\/bootstrap.min.css\">\n\n\n<ul class=\"pagination\">\n\t    \n\t\n\n<li >\n\t<a href='?page_no=34883'>Previous<\/a>\n\t<\/li>\n\n\n       \n    \n\n<li><a href='?page_no=1'>1<\/a><\/li>\n\n\n\n<li><a href='?page_no=2'>2<\/a><\/li>\n\n\n\n<li><a>...<\/a><\/li>\n\n\n\n<li><a href='?page_no=34882'>34882<\/a><\/li>\n\n\n\n<li><a href='?page_no=34883'>34883<\/a><\/li>\n\n\n\n<li class='active'><a>34884<\/a><\/li>\n\n\n\n<li><a href='?page_no=34885'>34885<\/a><\/li>\n\n\n\n<li><a href='?page_no=34886'>34886<\/a><\/li>\n\n\n\n<li><a>...<\/a><\/li>\n\n\n\n<li><a href='?page_no=36999'>36999<\/a><\/li>\n\n\n\n<li><a href='?page_no=37000'>37000<\/a><\/li>\n\n    \n\t\n\n<li >\n\t<a href='?page_no=34885'>Next<\/a>\n\t<\/li>\n\n\n    \n\n<li><a href='?page_no=37000'>Last &rsaquo;&rsaquo;<\/a><\/li>\n\n<\/ul>\n\n\n--><br \/>\n<\/body><\/p>\n","protected":false},"excerpt":{"rendered":"<p>Amable asegura el pueblo est\u00e1 decidido \u201ccambiar de m\u00e9dico\u201d en comicios 2008 &#13; SANTODOMINGO.- El candidato presidencial reformista, Amable Aristy, asegur\u00f3 que el pueblo se decidi\u00f3 a \u201ccambiar de m\u00e9dico\u201d en las elecciones del pr\u00f3ximo a\u00f1o para \u00a0instaurar un gobierno centro humanista que ayude a salir de la pobreza a millones de dominicanos. &#13; En [&hellip;]<\/p>\n","protected":false},"author":3,"featured_media":0,"comment_status":"open","ping_status":"open","sticky":false,"template":"","format":"standard","meta":{"footnotes":""},"categories":[22],"tags":[],"class_list":["post-192136","post","type-post","status-publish","format-standard","hentry","category-politica"],"_links":{"self":[{"href":"https:\/\/diariodominicano.com\/index.php?rest_route=\/wp\/v2\/posts\/192136","targetHints":{"allow":["GET"]}}],"collection":[{"href":"https:\/\/diariodominicano.com\/index.php?rest_route=\/wp\/v2\/posts"}],"about":[{"href":"https:\/\/diariodominicano.com\/index.php?rest_route=\/wp\/v2\/types\/post"}],"author":[{"embeddable":true,"href":"https:\/\/diariodominicano.com\/index.php?rest_route=\/wp\/v2\/users\/3"}],"replies":[{"embeddable":true,"href":"https:\/\/diariodominicano.com\/index.php?rest_route=%2Fwp%2Fv2%2Fcomments&post=192136"}],"version-history":[{"count":0,"href":"https:\/\/diariodominicano.com\/index.php?rest_route=\/wp\/v2\/posts\/192136\/revisions"}],"wp:attachment":[{"href":"https:\/\/diariodominicano.com\/index.php?rest_route=%2Fwp%2Fv2%2Fmedia&parent=192136"}],"wp:term":[{"taxonomy":"category","embeddable":true,"href":"https:\/\/diariodominicano.com\/index.php?rest_route=%2Fwp%2Fv2%2Fcategories&post=192136"},{"taxonomy":"post_tag","embeddable":true,"href":"https:\/\/diariodominicano.com\/index.php?rest_route=%2Fwp%2Fv2%2Ftags&post=192136"}],"curies":[{"name":"wp","href":"https:\/\/api.w.org\/{rel}","templated":true}]}}