{"id":192135,"date":"2007-10-18T20:26:24","date_gmt":"2007-10-18T20:26:24","guid":{"rendered":"http:\/\/diariodominicano.ddns.net\/?p=192135"},"modified":"2007-10-18T20:26:24","modified_gmt":"2007-10-18T20:26:24","slug":"leonel-sigue-arriba-en-santiago-con-mas-de-40-por-ciento","status":"publish","type":"post","link":"https:\/\/diariodominicano.com\/?p=192135","title":{"rendered":"Leonel sigue arriba en Santiago con m\u00e1s de 40 por ciento"},"content":{"rendered":"<p><body><\/p>\n<p class=\"titulogrande1\"><strong>Leonel sigue arriba en Santiago con m\u00e1s de 40 por  ciento <\/strong><\/p>\n<p>&#13;<\/p>\n<p align=\"justify\" class=\"text1noticias\"><strong><img loading=\"lazy\" decoding=\"async\" src=\"http:\/\/localhost:8080\/pictures\/jose tomas foto.jpg\" width=\"269\" height=\"222\" hspace=\"4\" align=\"left\" \/>SANTO DOMINGO.-<\/strong> El ex precandidato,  presidencial, Jos\u00e9 Tom\u00e1s P\u00e9rez, asegur\u00f3 este jueves que la candidatura de Leonel  Fern\u00e1ndez se mantiene por encima de cualquier candidato opositor en todas las provincias  del pa\u00eds, inclusive en Santiago de los Caballeros, donde el PLD no ha dejado de  liderar la preferencia, por encima de sus contrarios.<\/p>\n<p>&#13;<\/p>\n<p align=\"justify\" class=\"text1noticias\">P\u00e9rez  enfatiz\u00f3 que los que pronunciamientos de Miguel Vargas Maldonado, de que domina  las preferencias en Santiago son un mito y un chisme medi\u00e1tico para ganar  opini\u00f3n.<\/p>\n<p>&#13;<\/p>\n<p align=\"justify\" class=\"text1noticias\">Dijo  que este recurso del partido blanco de querer aparentar estar ganados ha sido  usado con frecuencia, a falta de un discurso coherente y de propuestas.<\/p>\n<p>&#13;<\/p>\n<p align=\"justify\" class=\"text1noticias\">\u201cNaturalmente,  cada candidato quiere decir que est\u00e1 en primer lugar y a Miguel Vargas  Maldonado le toca la posibilidad de decirlo en los medios de comunicaci\u00f3n\u201d,  sostuvo P\u00e9rez, en relaci\u00f3n a la presencia abultada del candidato blanco en la  prensa.<\/p>\n<p>&#13;<\/p>\n<p align=\"justify\" class=\"text1noticias\">Sostuvo  que en la ciudad cibae\u00f1a, el PLD est\u00e1 por encima de un 40 por ciento sobre el  PRD y el PRSC, y que esa cifra se disparar\u00e1 a partir de la proclamaci\u00f3n oficial  de Fern\u00e1ndez el pr\u00f3ximo mes. <\/p>\n<p>&#13;<\/p>\n<p align=\"justify\" class=\"text1noticias\">El  ex senador por el Distrito Nacional destac\u00f3 que el presidente Fern\u00e1ndez va  consolid\u00e1ndose en todos los rincones del pa\u00eds, aun sin haber salido a las  calles de manera formal, como se espera a partir del pr\u00f3ximo 18 de noviembre.<\/p>\n<p>&#13;<\/p>\n<p align=\"justify\" class=\"text1noticias\">Finaliz\u00f3  se\u00f1alando que el proceso interno de reorganizaci\u00f3n del partido morado marcha en  armon\u00eda, mediante la conformaci\u00f3n en todo el pa\u00eds de los comit\u00e9s de campa\u00f1a a  nivel provincial y de los municipios, que asegurar\u00e1n la victoria del PLD en  primera vuelta.<\/p>\n<p>&#13;<\/p>\n<p align=\"justify\" class=\"text1noticias\">El  miembro del Comit\u00e9 Pol\u00edtico y coordinador de la campa\u00f1a en el Distrito Nacional  del PLD fue entrevistado esta ma\u00f1ana en el programa Hoy Mismo de Color Visi\u00f3n.<\/p>\n<p>&#13;<\/p>\n<h6> 2007-10-18 20:26:24 <\/h6>\n<p><!--\n<link rel=\"stylesheet\" href=\"css\/bootstrap.min.css\">\n\n\n<ul class=\"pagination\">\n\t    \n\t\n\n<li >\n\t<a href='?page_no=34882'>Previous<\/a>\n\t<\/li>\n\n\n       \n    \n\n<li><a href='?page_no=1'>1<\/a><\/li>\n\n\n\n<li><a href='?page_no=2'>2<\/a><\/li>\n\n\n\n<li><a>...<\/a><\/li>\n\n\n\n<li><a href='?page_no=34881'>34881<\/a><\/li>\n\n\n\n<li><a href='?page_no=34882'>34882<\/a><\/li>\n\n\n\n<li class='active'><a>34883<\/a><\/li>\n\n\n\n<li><a href='?page_no=34884'>34884<\/a><\/li>\n\n\n\n<li><a href='?page_no=34885'>34885<\/a><\/li>\n\n\n\n<li><a>...<\/a><\/li>\n\n\n\n<li><a href='?page_no=36999'>36999<\/a><\/li>\n\n\n\n<li><a href='?page_no=37000'>37000<\/a><\/li>\n\n    \n\t\n\n<li >\n\t<a href='?page_no=34884'>Next<\/a>\n\t<\/li>\n\n\n    \n\n<li><a href='?page_no=37000'>Last &rsaquo;&rsaquo;<\/a><\/li>\n\n<\/ul>\n\n\n--><br \/>\n<\/body><\/p>\n","protected":false},"excerpt":{"rendered":"<p>Leonel sigue arriba en Santiago con m\u00e1s de 40 por ciento &#13; SANTO DOMINGO.- El ex precandidato, presidencial, Jos\u00e9 Tom\u00e1s P\u00e9rez, asegur\u00f3 este jueves que la candidatura de Leonel Fern\u00e1ndez se mantiene por encima de cualquier candidato opositor en todas las provincias del pa\u00eds, inclusive en Santiago de los Caballeros, donde el PLD no ha [&hellip;]<\/p>\n","protected":false},"author":3,"featured_media":0,"comment_status":"open","ping_status":"open","sticky":false,"template":"","format":"standard","meta":{"footnotes":""},"categories":[22],"tags":[],"class_list":["post-192135","post","type-post","status-publish","format-standard","hentry","category-politica"],"_links":{"self":[{"href":"https:\/\/diariodominicano.com\/index.php?rest_route=\/wp\/v2\/posts\/192135","targetHints":{"allow":["GET"]}}],"collection":[{"href":"https:\/\/diariodominicano.com\/index.php?rest_route=\/wp\/v2\/posts"}],"about":[{"href":"https:\/\/diariodominicano.com\/index.php?rest_route=\/wp\/v2\/types\/post"}],"author":[{"embeddable":true,"href":"https:\/\/diariodominicano.com\/index.php?rest_route=\/wp\/v2\/users\/3"}],"replies":[{"embeddable":true,"href":"https:\/\/diariodominicano.com\/index.php?rest_route=%2Fwp%2Fv2%2Fcomments&post=192135"}],"version-history":[{"count":0,"href":"https:\/\/diariodominicano.com\/index.php?rest_route=\/wp\/v2\/posts\/192135\/revisions"}],"wp:attachment":[{"href":"https:\/\/diariodominicano.com\/index.php?rest_route=%2Fwp%2Fv2%2Fmedia&parent=192135"}],"wp:term":[{"taxonomy":"category","embeddable":true,"href":"https:\/\/diariodominicano.com\/index.php?rest_route=%2Fwp%2Fv2%2Fcategories&post=192135"},{"taxonomy":"post_tag","embeddable":true,"href":"https:\/\/diariodominicano.com\/index.php?rest_route=%2Fwp%2Fv2%2Ftags&post=192135"}],"curies":[{"name":"wp","href":"https:\/\/api.w.org\/{rel}","templated":true}]}}