{"id":192134,"date":"2007-10-18T20:39:50","date_gmt":"2007-10-18T20:39:50","guid":{"rendered":"http:\/\/diariodominicano.ddns.net\/?p=192134"},"modified":"2007-10-18T20:39:50","modified_gmt":"2007-10-18T20:39:50","slug":"pld-juramenta-comites-de-region-este-con-miras-a-elecciones-de-2008","status":"publish","type":"post","link":"https:\/\/diariodominicano.com\/?p=192134","title":{"rendered":"PLD juramenta comit\u00e9s de regi\u00f3n este con miras a elecciones de 2008"},"content":{"rendered":"<p><body><\/p>\n<p align=\"justify\" class=\"titulogrande1\"><strong>PLD  juramenta comit\u00e9s de regi\u00f3n este con miras a elecciones de 2008 <\/strong><\/p>\n<p>&#13;<\/p>\n<p align=\"justify\" class=\"text1noticias\"><strong><img loading=\"lazy\" decoding=\"async\" src=\"http:\/\/localhost:8080\/pictures\/juramentacion foto.jpg\" width=\"269\" height=\"159\" hspace=\"4\" align=\"left\" \/>LA ROMANA.-<\/strong> El Comit\u00e9 Provincial  del Partido de la   Liberaci\u00f3n Dominicana, en La Romana, jurament\u00f3 el comit\u00e9  de campa\u00f1a de esa organizaci\u00f3n pol\u00edtica, en un acto que cont\u00f3 con la asistencia  de los principales dirigentes y cientos de militantes de la regi\u00f3n Este.<\/p>\n<p>&#13;<\/p>\n<p align=\"justify\" class=\"text1noticias\">Enrique Mart\u00ednez, presidente  del comit\u00e9 provincial del PLD y Coordinador de la campa\u00f1a de esa organizaci\u00f3n pol\u00edtica  en La Romana,  tom\u00f3 el juramento al comit\u00e9 de campa\u00f1a integrado por el Sindico Jos\u00e9 Reyes, la Senadora Amarilis  Santana, los Diputados Plutarco P\u00e9rez y Teodoro Ursino Reyes, el Gobernador  Provincial, Pedro Delis del Rosario, entre otros altos dirigentes de la regi\u00f3n.<\/p>\n<p>&#13;<\/p>\n<p align=\"justify\" class=\"text1noticias\">Al tomar el juramento, los  integrantes del Comit\u00e9 de Campa\u00f1a del PLD en la provincia, se comprometieron a  trabajar hasta lograr la victoria del presidente Leonel Fern\u00e1ndez, en los  comicios presidenciales ha celebrarse en mayo de 2008.<\/p>\n<p>&#13;<\/p>\n<p align=\"justify\" class=\"text1noticias\">Mart\u00ednez, en su discurso, exhort\u00f3  a la oposici\u00f3n a desarrollar una campa\u00f1a entre el PLD y el PRD con respeto y  altura, en donde se debatan las ideas en el terreno de las realizaciones de  obras sociales.<br \/>&#13;<br \/>\n  <br \/>&#13;<br \/>\n\u201cUna campa\u00f1a, en donde impere  el respeto mutuo, en donde respetemos los espacios, en donde podamos poder  transitar de manera conjunta por la provincia, en donde debemos confrontar las  ideas.\u201d, <br \/>&#13;<br \/>\n<br \/>&#13;<br \/>\nAfirm\u00f3 que para debatir las  ideas del partido que haya gobernado mejor deben hacerse en base a los n\u00fameros de  los tres gobiernos del PRD, en contra de los dos del PLD.<br \/>&#13;<br \/>\n  \u00a0<br \/>&#13;<br \/>\n  Al pronunciar un discurso Mart\u00ednez,  dijo, que unos de los principales logros en estos tres a\u00f1os de gobierno del PLD  es la estabilizaci\u00f3n de la econom\u00eda, indicando que al asumir en el 2004,  recibieron el gobierno con un menos dos por ciento en el Producto Interno Bruto  PIB y hoy los par\u00e1metros con que se mide la econom\u00eda est\u00e1n sobre el siete por  ciento del PIB.<\/p>\n<p>&#13;<\/p>\n<p align=\"justify\" class=\"text1noticias\">Expres\u00f3 que en salud, el  presidente Leonel Fern\u00e1ndez, ha puesto en ejecuci\u00f3n el Seguro Familiar de  Salud, una de las medidas m\u00e1s revolucionarias a favor de la poblaci\u00f3n  dominicana, que a su juicio, les garantizar\u00e1 en el futuro la salud al cien por  ciento de todos los dominicanos. \u00a0<br \/>&#13;<br \/>\nEl dirigente peledeista dijo  que la oposici\u00f3n trata de confundir a la poblaci\u00f3n con falsos testimonios en  contra del PLD y el presidente Leones Fern\u00e1ndez, para con esto torpedear las  ejecutorias del gobierno a favor de la poblaci\u00f3n dominicana.<\/p>\n<p>&#13;<\/p>\n<p align=\"justify\" class=\"text1noticias\">Cit\u00f3 como ejemplo el caso del  Instituto de las telecomiunicaciones INDOTEL con la implementaci\u00f3n de centros  de inform\u00e1tica, para capacitar a los estudiantes, las remodelaciones y  construcciones de centros regionales de la UASD, el Metro de Santo Domingo entre otras obras  de inter\u00e9s social.<\/p>\n<p>&#13;<\/p>\n<p align=\"justify\" class=\"text1noticias\">\u201cMe parece verlo haciendo fila en las estaciones  del metro, no nos van a querer dejar montar en el metro, por que son ellos los  primeros que van a querer andar en ese transporte tan moderno\u201d, expres\u00f3 el  dirigente pol\u00edtico. <\/p>\n<p>&#13;<\/p>\n<p align=\"justify\" class=\"text1noticias\">El Comit\u00e9 de Campa\u00f1a del PLD  en la Provincia  de la Romana  esta integrado adem\u00e1s de Mart\u00ednez, que act\u00faa como coordinador Provincial , por del  Diputado Plutarco P\u00e9rez quien es director, \u00a0el Gobernador Pedro Delis del Rosario, en la Direcci\u00f3n de Estrategia,  Jos\u00e9 Reyes, en la Direcci\u00f3n  de Propaganda, \u00a0Miguel Reyna y Carlos  Ravelo, en la Direcci\u00f3n   Electoral.<\/p>\n<p>&#13;<\/p>\n<p align=\"justify\" class=\"text1noticias\">Tambi\u00e9n, Rafael Almeyda, Arnaldo  P\u00e9rez, F\u00e9lix Severino y Jos\u00e9 Polanco, quienes estar\u00e1n a cargo de la Direcci\u00f3n de Finanzas,  Marcos Veras y Rafael Pimentel, en la Direcci\u00f3n de Seguridad, Antonio Vincen y F\u00e9lix  Morla, en la Direcci\u00f3n  de Asistencia Comunitaria, la Senadora Amarilis Santana, en la Direcci\u00f3n por el sector  externo, Manuel Santana, en al Direcci\u00f3n de la Mujer, y M\u00f3nica Lorenzo, en la Direcci\u00f3n de la Juventud.<\/p>\n<p>&#13;<\/p>\n<p align=\"justify\" class=\"text1noticias\">Asimismo, Maria Guerrero, se  encargar\u00e1 de la Direcci\u00f3n  de Partidos Aliados, y como Coordinadores Provinciales estan el Diputado Teodoro  Ursino Reyes, Jos\u00e9 Reyes, y\u00a0\u00a0 \u00a0Enrique Mart\u00ednez.<\/p>\n<p>&#13;<\/p>\n<p align=\"justify\" class=\"text1noticias\">Momentos que el Doctor Enrique Mart\u00ednez,  Coordinador de la Campa\u00f1a  del PLD en la Provincia  de la Romana,  toma el juramento a los integrantes del Comit\u00e9 de Campa\u00f1a de esa organizaci\u00f3n  pol\u00edtica, que trabajar\u00e1 a favor de la repostulacion del presidente Leonel  Fern\u00e1ndez para los comicios presidenciales del 2008, en esa provincia.<\/p>\n<p>&#13;<\/p>\n<h6> 2007-10-18 20:39:50 <\/h6>\n<p><!--\n<link rel=\"stylesheet\" href=\"css\/bootstrap.min.css\">\n\n\n<ul class=\"pagination\">\n\t    \n\t\n\n<li >\n\t<a href='?page_no=34881'>Previous<\/a>\n\t<\/li>\n\n\n       \n    \n\n<li><a href='?page_no=1'>1<\/a><\/li>\n\n\n\n<li><a href='?page_no=2'>2<\/a><\/li>\n\n\n\n<li><a>...<\/a><\/li>\n\n\n\n<li><a href='?page_no=34880'>34880<\/a><\/li>\n\n\n\n<li><a href='?page_no=34881'>34881<\/a><\/li>\n\n\n\n<li class='active'><a>34882<\/a><\/li>\n\n\n\n<li><a href='?page_no=34883'>34883<\/a><\/li>\n\n\n\n<li><a href='?page_no=34884'>34884<\/a><\/li>\n\n\n\n<li><a>...<\/a><\/li>\n\n\n\n<li><a href='?page_no=36999'>36999<\/a><\/li>\n\n\n\n<li><a href='?page_no=37000'>37000<\/a><\/li>\n\n    \n\t\n\n<li >\n\t<a href='?page_no=34883'>Next<\/a>\n\t<\/li>\n\n\n    \n\n<li><a href='?page_no=37000'>Last &rsaquo;&rsaquo;<\/a><\/li>\n\n<\/ul>\n\n\n--><br \/>\n<\/body><\/p>\n","protected":false},"excerpt":{"rendered":"<p>PLD juramenta comit\u00e9s de regi\u00f3n este con miras a elecciones de 2008 &#13; LA ROMANA.- El Comit\u00e9 Provincial del Partido de la Liberaci\u00f3n Dominicana, en La Romana, jurament\u00f3 el comit\u00e9 de campa\u00f1a de esa organizaci\u00f3n pol\u00edtica, en un acto que cont\u00f3 con la asistencia de los principales dirigentes y cientos de militantes de la regi\u00f3n [&hellip;]<\/p>\n","protected":false},"author":3,"featured_media":0,"comment_status":"open","ping_status":"open","sticky":false,"template":"","format":"standard","meta":{"footnotes":""},"categories":[22],"tags":[],"class_list":["post-192134","post","type-post","status-publish","format-standard","hentry","category-politica"],"_links":{"self":[{"href":"https:\/\/diariodominicano.com\/index.php?rest_route=\/wp\/v2\/posts\/192134","targetHints":{"allow":["GET"]}}],"collection":[{"href":"https:\/\/diariodominicano.com\/index.php?rest_route=\/wp\/v2\/posts"}],"about":[{"href":"https:\/\/diariodominicano.com\/index.php?rest_route=\/wp\/v2\/types\/post"}],"author":[{"embeddable":true,"href":"https:\/\/diariodominicano.com\/index.php?rest_route=\/wp\/v2\/users\/3"}],"replies":[{"embeddable":true,"href":"https:\/\/diariodominicano.com\/index.php?rest_route=%2Fwp%2Fv2%2Fcomments&post=192134"}],"version-history":[{"count":0,"href":"https:\/\/diariodominicano.com\/index.php?rest_route=\/wp\/v2\/posts\/192134\/revisions"}],"wp:attachment":[{"href":"https:\/\/diariodominicano.com\/index.php?rest_route=%2Fwp%2Fv2%2Fmedia&parent=192134"}],"wp:term":[{"taxonomy":"category","embeddable":true,"href":"https:\/\/diariodominicano.com\/index.php?rest_route=%2Fwp%2Fv2%2Fcategories&post=192134"},{"taxonomy":"post_tag","embeddable":true,"href":"https:\/\/diariodominicano.com\/index.php?rest_route=%2Fwp%2Fv2%2Ftags&post=192134"}],"curies":[{"name":"wp","href":"https:\/\/api.w.org\/{rel}","templated":true}]}}