{"id":192132,"date":"2007-10-19T13:51:33","date_gmt":"2007-10-19T13:51:33","guid":{"rendered":"http:\/\/diariodominicano.ddns.net\/?p=192132"},"modified":"2007-10-19T13:51:33","modified_gmt":"2007-10-19T13:51:33","slug":"francisco-javier-garcia-da-por-cerrada-la-controversia-por-el-spot-de-television-y-confia-en-triunfo-del-pld","status":"publish","type":"post","link":"https:\/\/diariodominicano.com\/?p=192132","title":{"rendered":"Francisco Javier Garc\u00eda da por cerrada la controversia por el Spot de televisi\u00f3n y conf\u00eda en triunfo del PLD"},"content":{"rendered":"<p><body><\/p>\n<p align=\"justify\" class=\"titulogrande1\">Francisco Javier Garc\u00eda da por cerrada la controversia por  el Spot de televisi\u00f3n y conf\u00eda en triunfo del PLD<\/p>\n<p>&#13;<\/p>\n<p align=\"justify\" class=\"text1noticias\"><strong><img loading=\"lazy\" decoding=\"async\" src=\"http:\/\/localhost:8080\/pictures\/francisco javier garcia foto.jpg\" width=\"269\" height=\"293\" hspace=\"4\" align=\"left\" \/>Santo Domingo.-<\/strong> Francisco Javier Garc\u00eda, Coordinador General del Comit\u00e9 Nacional de  Campa\u00f1a del Partido de la Liberaci\u00f3n Dominicana (PLD) dio por cerrado los  casos del spot de su partido, denunciado por un grupo de ex militares y  lapol\u00e9mica en torno a las condiciones del profesional de la Medicina, Doctor Jos\u00e9 Joaqu\u00edn Puello.<\/p>\n<p>&#13;<\/p>\n<p align=\"justify\" class=\"text1noticias\">Al responder a los periodistas que le abordaron en el  Palacio Nacional Garc\u00eda destac\u00f3 que en su partido hay una verdadera  integraci\u00f3n de su dirigencia en las responsabilidades de la campa\u00f1a electoral.<\/p>\n<p>&#13;<\/p>\n<p align=\"justify\" class=\"text1noticias\"> Sobre el caso del spot de televisi\u00f3n\u00a0 en donde se compara la situaci\u00f3n econ\u00f3mica\u00a0 heredada de  la pasada gesti\u00f3n con un paciente en Cuidados Intensivos, dijo que es caso cerrado en raz\u00f3n de las  explicaciones ofrecidas y porque adem\u00e1s el propio PRD ha dicho que \u00abno tiene  posici\u00f3n sobre el spot\u00bb<\/p>\n<p>&#13;<\/p>\n<p align=\"justify\" class=\"text1noticias\">Explic\u00f3\u00a0\u00a0 que es el fondo de la producci\u00f3n de  televisi\u00f3n lo que ha quedado claro, no los aspectos formales sobre el que se ha  pretendido montar un debate.<\/p>\n<p>&#13;<\/p>\n<p align=\"justify\" class=\"text1noticias\">\u00abLa gente esta consciente que lo que dice el spot es  una verdad, no es mentira, no es un invento. Lo que dice que en los pasado  cuatro a\u00f1os el pa\u00eds estaba en una situaci\u00f3n catastr\u00f3fica y que fue dejado,  haciendo una relaci\u00f3n con la medicina, como si se tratara de un paciente  en estado de coma\u00bb contest\u00f3 a los periodistas tal y como se rese\u00f1a  por la Secretar\u00eda  de Comunicaciones del PLD.<\/p>\n<p>&#13;<\/p>\n<p align=\"justify\" class=\"text1noticias\">Dijo que lo  denunciado de que el PLD estaba usando militares para la campa\u00f1a pol\u00edtica es una mentira, como tambi\u00e9n de mentira,  calific\u00f3\u00a0 la versi\u00f3n de que se hab\u00eda obligado a un oficial a realizar la  producci\u00f3n de publicidad.<\/p>\n<p>&#13;<\/p>\n<p align=\"justify\" class=\"text1noticias\">Confirm\u00f3 que spot pol\u00edtico\u00a0  continuara difundi\u00e9ndose y que en ese sentido agradece la promoci\u00f3n que ofreci\u00f3 el PRD a la  publicidad del Partido de la Liberaci\u00f3n Dominicana.<\/p>\n<p>&#13;<\/p>\n<p align=\"justify\" class=\"text1noticias\">\u00abAgradecemos al  PRD el hecho de que hayan promocionado este spot.<br \/>&#13;<br \/>\n  <br \/>&#13;<br \/>\nNo pens\u00e1bamos que se  iba tener tanto deseos de verlo hasta el extremo de que se llama a los cabales para la inserci\u00f3n del  mismo\u00bb, coment\u00f3.<\/p>\n<p>&#13;<\/p>\n<p align=\"justify\" class=\"text1noticias\">Dio tambi\u00e9n como  cerrado el debate en torno al Doctor Jos\u00e9 Joaqu\u00edn Puello, de quien pondero sus\u00a0\u00a0 condiciones de profesional de la medicina: \u00bb Es un  hombre decente, respetuoso, es persona que siempre ha respetado al Presidente de la Republica y en consecuencia lo \u00fanico que hay del  PLD al Doctor Jos\u00e9 Joaqu\u00edn Puello es admiraci\u00f3n y respeto\u00bb\u00a0 dijo Garc\u00eda.<\/p>\n<p>&#13;<\/p>\n<p align=\"justify\" class=\"text1noticias\">Considera que el reconocido neurocirujano sea asimilado de las Fuerzas Armadas, prestigia a los cuerpos armados. \u00abLo  \u00fanico que le pudi\u00e9ramos criticar es que \u00e9l\u00a0\u00a0 viviendo en Republica Dominica los cuatro a\u00f1os del PRD , sabiendo del desastre que hizo dicha gesti\u00f3n  en donde la econom\u00eda colaps\u00f3 y hubo crisis en todos los sectores, est\u00e9  apoyando un candidato que lo que quiere es llevar el nuevamente a una  situaci\u00f3n similar\u00bb coment\u00f3.<\/p>\n<p>&#13;<\/p>\n<p align=\"justify\" class=\"text1noticias\">En otro aspecto *Francisco Javier Garc\u00eda*, respondiendo a  los periodistas dijo que todos los dirigentes de su partido,  incluyendo Danilo Medina, quien compiti\u00f3 en las elecciones internas de ese  partido, est\u00e1n apoyando al Doctor Leonel Fern\u00e1ndez como candidato  presidencial.<\/p>\n<p>&#13;<\/p>\n<p align=\"justify\" class=\"text1noticias\">\u00abNo hay la  menor duda; Danilo Medina y todos\u00a0\u00a0 los  dirigentes del PLD est\u00e1n apoyando al Presidente de la Republica\u00bb  confirm\u00f3.<\/p>\n<p>&#13;<\/p>\n<p align=\"justify\" class=\"text1noticias\">Explic\u00f3 que la Integraci\u00f3n de la  dirigencia de su partido en los trabajos electorales no es problema en el PLD.<\/p>\n<p>&#13;<\/p>\n<p align=\"justify\" class=\"text1noticias\">\u00abMientras hay  partidos que sus dirigentes no quieren integrarse a trabajar,\u00a0 en el PLD  lo que hay es deseo de\u00a0 trabajar\u00bb  coment\u00f3 Francisco Javier Garc\u00eda calificando esto como una clara se\u00f1al de un  seguro triunfo electoral<\/p>\n<p>&#13;<\/p>\n<p align=\"justify\" class=\"text1noticias\">Confiado en el triunfo<\/p>\n<p>&#13;<\/p>\n<p align=\"justify\" class=\"text1noticias\">El Coordinador nacional\u00a0  de campa\u00f1a del Partido de la Liberaci\u00f3n Dominicana  (PLD) se mostr\u00f3 este jueves completamente \u00a0confiado en que el Reglamento de Campa\u00f1a que  propone la Junta Central  Electoral ser\u00e1 aprobado.<br \/>&#13;<br \/>\n  \u00a0<br \/>&#13;<br \/>\n  Francisco Javier Garc\u00eda consider\u00f3\u00a0 que el reglamento no debe violar la  constituci\u00f3n de la Rep\u00fablica  bajo ninguna circunstancia.<br \/>&#13;<br \/>\n  \u00a0<br \/>&#13;<br \/>\n  Expres\u00f3 que el papel del tribunal de elecciones,\u00a0 es servir como ente de moderaci\u00f3n entre los  partidos.<br \/>&#13;<br \/>\n  \u00a0<br \/>&#13;<br \/>\n  Indico  que el alto tribunal electoral sabra ponderar bien su papel frente al  reglamento que debera regir el\u00a0 proceso  de campa\u00f1a electoral que se avecina .<br \/>&#13;<br \/>\n  \u00a0<br \/>&#13;<br \/>\nFrancisco Javier hablo a los periodistas tras realizar una visita al  Palacio Nacional, donde se reuni\u00f3 con el Presidente Leonel Fernandez .<\/p>\n<p>&#13;<\/p>\n<p align=\"justify\" class=\"text1noticias\">Roberto Rodr\u00edguez\/Diario Dominicano<\/p>\n<p>&#13;<\/p>\n<h6> 2007-10-19 13:51:33 <\/h6>\n<p><!--\n<link rel=\"stylesheet\" href=\"css\/bootstrap.min.css\">\n\n\n<ul class=\"pagination\">\n\t    \n\t\n\n<li >\n\t<a href='?page_no=34879'>Previous<\/a>\n\t<\/li>\n\n\n       \n    \n\n<li><a href='?page_no=1'>1<\/a><\/li>\n\n\n\n<li><a href='?page_no=2'>2<\/a><\/li>\n\n\n\n<li><a>...<\/a><\/li>\n\n\n\n<li><a href='?page_no=34878'>34878<\/a><\/li>\n\n\n\n<li><a href='?page_no=34879'>34879<\/a><\/li>\n\n\n\n<li class='active'><a>34880<\/a><\/li>\n\n\n\n<li><a href='?page_no=34881'>34881<\/a><\/li>\n\n\n\n<li><a href='?page_no=34882'>34882<\/a><\/li>\n\n\n\n<li><a>...<\/a><\/li>\n\n\n\n<li><a href='?page_no=36999'>36999<\/a><\/li>\n\n\n\n<li><a href='?page_no=37000'>37000<\/a><\/li>\n\n    \n\t\n\n<li >\n\t<a href='?page_no=34881'>Next<\/a>\n\t<\/li>\n\n\n    \n\n<li><a href='?page_no=37000'>Last &rsaquo;&rsaquo;<\/a><\/li>\n\n<\/ul>\n\n\n--><br \/>\n<\/body><\/p>\n","protected":false},"excerpt":{"rendered":"<p>Francisco Javier Garc\u00eda da por cerrada la controversia por el Spot de televisi\u00f3n y conf\u00eda en triunfo del PLD &#13; Santo Domingo.- Francisco Javier Garc\u00eda, Coordinador General del Comit\u00e9 Nacional de Campa\u00f1a del Partido de la Liberaci\u00f3n Dominicana (PLD) dio por cerrado los casos del spot de su partido, denunciado por un grupo de ex [&hellip;]<\/p>\n","protected":false},"author":3,"featured_media":0,"comment_status":"open","ping_status":"open","sticky":false,"template":"","format":"standard","meta":{"footnotes":""},"categories":[22],"tags":[],"class_list":["post-192132","post","type-post","status-publish","format-standard","hentry","category-politica"],"_links":{"self":[{"href":"https:\/\/diariodominicano.com\/index.php?rest_route=\/wp\/v2\/posts\/192132","targetHints":{"allow":["GET"]}}],"collection":[{"href":"https:\/\/diariodominicano.com\/index.php?rest_route=\/wp\/v2\/posts"}],"about":[{"href":"https:\/\/diariodominicano.com\/index.php?rest_route=\/wp\/v2\/types\/post"}],"author":[{"embeddable":true,"href":"https:\/\/diariodominicano.com\/index.php?rest_route=\/wp\/v2\/users\/3"}],"replies":[{"embeddable":true,"href":"https:\/\/diariodominicano.com\/index.php?rest_route=%2Fwp%2Fv2%2Fcomments&post=192132"}],"version-history":[{"count":0,"href":"https:\/\/diariodominicano.com\/index.php?rest_route=\/wp\/v2\/posts\/192132\/revisions"}],"wp:attachment":[{"href":"https:\/\/diariodominicano.com\/index.php?rest_route=%2Fwp%2Fv2%2Fmedia&parent=192132"}],"wp:term":[{"taxonomy":"category","embeddable":true,"href":"https:\/\/diariodominicano.com\/index.php?rest_route=%2Fwp%2Fv2%2Fcategories&post=192132"},{"taxonomy":"post_tag","embeddable":true,"href":"https:\/\/diariodominicano.com\/index.php?rest_route=%2Fwp%2Fv2%2Ftags&post=192132"}],"curies":[{"name":"wp","href":"https:\/\/api.w.org\/{rel}","templated":true}]}}