{"id":192131,"date":"2007-10-19T14:52:15","date_gmt":"2007-10-19T14:52:15","guid":{"rendered":"http:\/\/diariodominicano.ddns.net\/?p=192131"},"modified":"2007-10-19T14:52:15","modified_gmt":"2007-10-19T14:52:15","slug":"dan-a-conocer-sueldo-de-jose-joaquin-puello-como-asimilado-militar","status":"publish","type":"post","link":"https:\/\/diariodominicano.com\/?p=192131","title":{"rendered":"Dan a conocer sueldo de Jos\u00e9 Joaqu\u00edn Puello como asimilado militar"},"content":{"rendered":"<p><body><\/p>\n<p class=\"titulogrande1\">Dan  a conocer sueldo de Jos\u00e9 Joaqu\u00edn Puello  como asimilado militar<\/p>\n<p>&#13;<\/p>\n<p><strong>Por<\/strong><span class=\"textogrande\"> Roberto Rodr\u00edguez <\/span><\/p>\n<p>&#13;<\/p>\n<p align=\"justify\" class=\"text1noticias\"><strong><img loading=\"lazy\" decoding=\"async\" src=\"http:\/\/localhost:8080\/pictures\/jose joaquin puello foto.jpg\" width=\"269\" height=\"182\" hspace=\"4\" align=\"left\" \/>Santo Domingo.-<\/strong> El Secretario  Administrativo de la   Presidencia,\u00a0 Luis  Manuel Bonetti, dio a conocer de forma p\u00fablica\u00a0  el nombramiento de Jos\u00e9 Joaqu\u00edn Puello\u00a0  como asimilado\u00a0 militar m\u00e9dico,  con el sueldo de un oficial superior con grado de coronel.<\/p>\n<p>&#13;<\/p>\n<p align=\"justify\" class=\"text1noticias\">Destac\u00f3 en una declaraci\u00f3n  escrita servida a los medios de comunicaci\u00f3n\u00a0\u00a0  de que el presidente del Sector Externo ,de la candidatura de Miguel  Vargas Maldonado\u00a0 disfruta de su  condici\u00f3n de asimilado militar, con sueldo de coronel.<br \/>&#13;<br \/>\n  \u00a0<br \/>&#13;<br \/>\n  Bonetti\u00a0 dio a conocer \u00a0un memorandum del secretario de las Fuerzas  Armadas, Jos\u00e9 Miguel Soto Jim\u00e9nez, al director del hospital de las Fuerzas  Armadas y la Policia   Nacional para que recomiende el sueldo de coronel a favor de  Puello Herrera.<br \/>&#13;<br \/>\n  \u00a0<br \/>&#13;<br \/>\n  El despacho emitido por el  funcionario tiene fecha del cinco de mayo de 2004 y dice que las instrucciones  fueron dadas por el \u00a0presidente Hip\u00f3lito  Mej\u00eda.<br \/>&#13;<br \/>\n  \u00a0<br \/>&#13;<br \/>\n  Seg\u00fan una relaci\u00f3n de pagos, Puello  devenga un salario de RD$ 31,823.54 como oficial superior, con sueldo de  coronel.<br \/>&#13;<br \/>\n  \u00a0<br \/>&#13;<br \/>\n  El ex presidente del Comit\u00e9  Ol\u00edmpico Dominicano ha declarado que solamente es asimilado de la secretar\u00eda de  las Fuerzas Armadas.<br \/>&#13;<br \/>\n  \u00a0<br \/>&#13;<br \/>\n  El conflicto estall\u00f3 luego  que generales retirados denunciaron que un mayor del Ej\u00e9rcito Nacional sal\u00eda en  un comercial con el Presidente de la Rep\u00fablica, doctor Leonel Fern\u00e1ndez Reyna.<\/p>\n<p>&#13;<\/p>\n<h6> 2007-10-19 14:52:15 <\/h6>\n<p><!--\n<link rel=\"stylesheet\" href=\"css\/bootstrap.min.css\">\n\n\n<ul class=\"pagination\">\n\t    \n\t\n\n<li >\n\t<a href='?page_no=34878'>Previous<\/a>\n\t<\/li>\n\n\n       \n    \n\n<li><a href='?page_no=1'>1<\/a><\/li>\n\n\n\n<li><a href='?page_no=2'>2<\/a><\/li>\n\n\n\n<li><a>...<\/a><\/li>\n\n\n\n<li><a href='?page_no=34877'>34877<\/a><\/li>\n\n\n\n<li><a href='?page_no=34878'>34878<\/a><\/li>\n\n\n\n<li class='active'><a>34879<\/a><\/li>\n\n\n\n<li><a href='?page_no=34880'>34880<\/a><\/li>\n\n\n\n<li><a href='?page_no=34881'>34881<\/a><\/li>\n\n\n\n<li><a>...<\/a><\/li>\n\n\n\n<li><a href='?page_no=36999'>36999<\/a><\/li>\n\n\n\n<li><a href='?page_no=37000'>37000<\/a><\/li>\n\n    \n\t\n\n<li >\n\t<a href='?page_no=34880'>Next<\/a>\n\t<\/li>\n\n\n    \n\n<li><a href='?page_no=37000'>Last &rsaquo;&rsaquo;<\/a><\/li>\n\n<\/ul>\n\n\n--><br \/>\n<\/body><\/p>\n","protected":false},"excerpt":{"rendered":"<p>Dan a conocer sueldo de Jos\u00e9 Joaqu\u00edn Puello como asimilado militar &#13; Por Roberto Rodr\u00edguez &#13; Santo Domingo.- El Secretario Administrativo de la Presidencia,\u00a0 Luis Manuel Bonetti, dio a conocer de forma p\u00fablica\u00a0 el nombramiento de Jos\u00e9 Joaqu\u00edn Puello\u00a0 como asimilado\u00a0 militar m\u00e9dico, con el sueldo de un oficial superior con grado de coronel. &#13; [&hellip;]<\/p>\n","protected":false},"author":3,"featured_media":0,"comment_status":"open","ping_status":"open","sticky":false,"template":"","format":"standard","meta":{"footnotes":""},"categories":[22],"tags":[],"class_list":["post-192131","post","type-post","status-publish","format-standard","hentry","category-politica"],"_links":{"self":[{"href":"https:\/\/diariodominicano.com\/index.php?rest_route=\/wp\/v2\/posts\/192131","targetHints":{"allow":["GET"]}}],"collection":[{"href":"https:\/\/diariodominicano.com\/index.php?rest_route=\/wp\/v2\/posts"}],"about":[{"href":"https:\/\/diariodominicano.com\/index.php?rest_route=\/wp\/v2\/types\/post"}],"author":[{"embeddable":true,"href":"https:\/\/diariodominicano.com\/index.php?rest_route=\/wp\/v2\/users\/3"}],"replies":[{"embeddable":true,"href":"https:\/\/diariodominicano.com\/index.php?rest_route=%2Fwp%2Fv2%2Fcomments&post=192131"}],"version-history":[{"count":0,"href":"https:\/\/diariodominicano.com\/index.php?rest_route=\/wp\/v2\/posts\/192131\/revisions"}],"wp:attachment":[{"href":"https:\/\/diariodominicano.com\/index.php?rest_route=%2Fwp%2Fv2%2Fmedia&parent=192131"}],"wp:term":[{"taxonomy":"category","embeddable":true,"href":"https:\/\/diariodominicano.com\/index.php?rest_route=%2Fwp%2Fv2%2Fcategories&post=192131"},{"taxonomy":"post_tag","embeddable":true,"href":"https:\/\/diariodominicano.com\/index.php?rest_route=%2Fwp%2Fv2%2Ftags&post=192131"}],"curies":[{"name":"wp","href":"https:\/\/api.w.org\/{rel}","templated":true}]}}