{"id":192130,"date":"2007-10-19T15:56:53","date_gmt":"2007-10-19T15:56:53","guid":{"rendered":"http:\/\/diariodominicano.ddns.net\/?p=192130"},"modified":"2007-10-19T15:56:53","modified_gmt":"2007-10-19T15:56:53","slug":"presidente-fernandez-agotara-extensa-agenda-este-fin-de-semana","status":"publish","type":"post","link":"https:\/\/diariodominicano.com\/?p=192130","title":{"rendered":"Presidente Fern\u00e1ndez agotar\u00e1 extensa agenda este fin de semana"},"content":{"rendered":"<p><body><\/p>\n<p class=\"titulogrande1\">Presidente Fern\u00e1ndez agotar\u00e1  extensa agenda este fin de semana<\/p>\n<p>&#13;<\/p>\n<p align=\"justify\" class=\"text1noticias\"><strong>Santo  Domingo.- <\/strong>Este fin de semana, el presidente Leonel Fern\u00e1ndez agotar\u00e1 una extensa  agenda proselitista, en la cual \u00a0encabezar\u00e1 un recorrido este viernes a las  04:00 PM en las circunscripciones 2 y 3 del Distrito Nacional. <\/p>\n<p>&#13;<\/p>\n<p align=\"justify\" class=\"text1noticias\">La  calle Francisco del Rosario S\u00e1nchez, esquina Teniente Amado Garc\u00eda, del sector  de Guachupita ser\u00e1 el punto de partida de dicho recorrido.<br \/>&#13;<br \/>\n  \u00a0<br \/>&#13;<br \/>\n  Este  s\u00e1bado desde las 11:00 AM, Fern\u00e1ndez encabezar\u00e1 un acto en San Crist\u00f3bal  iniciando el recorrido desde el sector La Pared de Haina. <\/p>\n<p>&#13;<\/p>\n<p align=\"justify\" class=\"text1noticias\">El  pr\u00f3ximo domingo a las 11:00 AM,\u00a0 en el  Hotel Dominican Fiesta, el presidente del partido morado y candidato  presidencial para las pr\u00f3ximas elecciones del 2008, estar\u00e1 presente en un  encuentro pol\u00edtico del Frente Nacional de Comerciantes con Leonel. Ese mismo  d\u00eda a la 01:00 PM, participar\u00e1 de un almuerzo con la Federaci\u00f3n Nacional  de Comerciantes con Leonel en el Hotel Lina.<\/p>\n<p>&#13;<\/p>\n<p align=\"justify\" class=\"text1noticias\">Fern\u00e1ndez  estar\u00e1 encabezando tambi\u00e9n un recorrido pol\u00edtico a las 03:00 PM en la provincia  de BANI. <\/p>\n<p>&#13;<\/p>\n<h6> 2007-10-19 15:56:53 <\/h6>\n<p><!--\n<link rel=\"stylesheet\" href=\"css\/bootstrap.min.css\">\n\n\n<ul class=\"pagination\">\n\t    \n\t\n\n<li >\n\t<a href='?page_no=34877'>Previous<\/a>\n\t<\/li>\n\n\n       \n    \n\n<li><a href='?page_no=1'>1<\/a><\/li>\n\n\n\n<li><a href='?page_no=2'>2<\/a><\/li>\n\n\n\n<li><a>...<\/a><\/li>\n\n\n\n<li><a href='?page_no=34876'>34876<\/a><\/li>\n\n\n\n<li><a href='?page_no=34877'>34877<\/a><\/li>\n\n\n\n<li class='active'><a>34878<\/a><\/li>\n\n\n\n<li><a href='?page_no=34879'>34879<\/a><\/li>\n\n\n\n<li><a href='?page_no=34880'>34880<\/a><\/li>\n\n\n\n<li><a>...<\/a><\/li>\n\n\n\n<li><a href='?page_no=36999'>36999<\/a><\/li>\n\n\n\n<li><a href='?page_no=37000'>37000<\/a><\/li>\n\n    \n\t\n\n<li >\n\t<a href='?page_no=34879'>Next<\/a>\n\t<\/li>\n\n\n    \n\n<li><a href='?page_no=37000'>Last &rsaquo;&rsaquo;<\/a><\/li>\n\n<\/ul>\n\n\n--><br \/>\n<\/body><\/p>\n","protected":false},"excerpt":{"rendered":"<p>Presidente Fern\u00e1ndez agotar\u00e1 extensa agenda este fin de semana &#13; Santo Domingo.- Este fin de semana, el presidente Leonel Fern\u00e1ndez agotar\u00e1 una extensa agenda proselitista, en la cual \u00a0encabezar\u00e1 un recorrido este viernes a las 04:00 PM en las circunscripciones 2 y 3 del Distrito Nacional. &#13; La calle Francisco del Rosario S\u00e1nchez, esquina Teniente [&hellip;]<\/p>\n","protected":false},"author":3,"featured_media":0,"comment_status":"open","ping_status":"open","sticky":false,"template":"","format":"standard","meta":{"footnotes":""},"categories":[22],"tags":[],"class_list":["post-192130","post","type-post","status-publish","format-standard","hentry","category-politica"],"_links":{"self":[{"href":"https:\/\/diariodominicano.com\/index.php?rest_route=\/wp\/v2\/posts\/192130","targetHints":{"allow":["GET"]}}],"collection":[{"href":"https:\/\/diariodominicano.com\/index.php?rest_route=\/wp\/v2\/posts"}],"about":[{"href":"https:\/\/diariodominicano.com\/index.php?rest_route=\/wp\/v2\/types\/post"}],"author":[{"embeddable":true,"href":"https:\/\/diariodominicano.com\/index.php?rest_route=\/wp\/v2\/users\/3"}],"replies":[{"embeddable":true,"href":"https:\/\/diariodominicano.com\/index.php?rest_route=%2Fwp%2Fv2%2Fcomments&post=192130"}],"version-history":[{"count":0,"href":"https:\/\/diariodominicano.com\/index.php?rest_route=\/wp\/v2\/posts\/192130\/revisions"}],"wp:attachment":[{"href":"https:\/\/diariodominicano.com\/index.php?rest_route=%2Fwp%2Fv2%2Fmedia&parent=192130"}],"wp:term":[{"taxonomy":"category","embeddable":true,"href":"https:\/\/diariodominicano.com\/index.php?rest_route=%2Fwp%2Fv2%2Fcategories&post=192130"},{"taxonomy":"post_tag","embeddable":true,"href":"https:\/\/diariodominicano.com\/index.php?rest_route=%2Fwp%2Fv2%2Ftags&post=192130"}],"curies":[{"name":"wp","href":"https:\/\/api.w.org\/{rel}","templated":true}]}}