{"id":192128,"date":"2007-10-19T16:03:29","date_gmt":"2007-10-19T16:03:29","guid":{"rendered":"http:\/\/diariodominicano.ddns.net\/?p=192128"},"modified":"2007-10-19T16:03:29","modified_gmt":"2007-10-19T16:03:29","slug":"prd-somete-a-suprema-corte-de-justicia-caso-de-sund-land","status":"publish","type":"post","link":"https:\/\/diariodominicano.com\/?p=192128","title":{"rendered":"PRD somete a Suprema Corte de Justicia caso de Sund Land"},"content":{"rendered":"<p><body><\/p>\n<p class=\"titulogrande1\">PRD somete a Suprema Corte  de Justicia caso de Sund Land<\/p>\n<p>&#13;<\/p>\n<p align=\"justify\" class=\"text1noticias\"><strong>SANTO DOMINGO.-<\/strong> La \u00a0dirigencia del Partido Revolucionario  Dominicano (PRD) deposit\u00f3 ante la Suprema Corte de Justicia, un recurso en procura  de que el \u00a0Pleno declare inconstitucional  y violatorio el contrato de pr\u00e9stamo de 130 millones de d\u00f3lares hecho por el  Gobierno\u00a0 a la compa\u00f1\u00eda Sund Land.<\/p>\n<p>&#13;<\/p>\n<p align=\"justify\" class=\"text1noticias\">El documento  fue llevado por el presidente\u00a0 \u00a0del PRD, Ram\u00f3n Alburquerque y el secretario  general, \u00a0Orlando Jorge Mera.<br \/>&#13;<br \/>\n  <br \/>&#13;<br \/>\n  El PRD dice que esa es la primera etapa de un plan de  acciones legales que mantendr\u00e1n contra todo lo que tenga que ver con lo que  califican de robo y enga\u00f1o al congreso y al pueblo dominicano.<br \/>&#13;<br \/>\n  <br \/>&#13;<br \/>\n  No descarta que otro paso incluya un sometimiento del  director de la Oficina  de Ingeniero Supervisores, F\u00e9lix Bautista o el presidente Leonel Fern\u00e1ndez,  como responsables del pr\u00e9stamo.<\/p>\n<p>&#13;<\/p>\n<h6> 2007-10-19 16:03:29 <\/h6>\n<p><!--\n<link rel=\"stylesheet\" href=\"css\/bootstrap.min.css\">\n\n\n<ul class=\"pagination\">\n\t    \n\t\n\n<li >\n\t<a href='?page_no=34875'>Previous<\/a>\n\t<\/li>\n\n\n       \n    \n\n<li><a href='?page_no=1'>1<\/a><\/li>\n\n\n\n<li><a href='?page_no=2'>2<\/a><\/li>\n\n\n\n<li><a>...<\/a><\/li>\n\n\n\n<li><a href='?page_no=34874'>34874<\/a><\/li>\n\n\n\n<li><a href='?page_no=34875'>34875<\/a><\/li>\n\n\n\n<li class='active'><a>34876<\/a><\/li>\n\n\n\n<li><a href='?page_no=34877'>34877<\/a><\/li>\n\n\n\n<li><a href='?page_no=34878'>34878<\/a><\/li>\n\n\n\n<li><a>...<\/a><\/li>\n\n\n\n<li><a href='?page_no=36999'>36999<\/a><\/li>\n\n\n\n<li><a href='?page_no=37000'>37000<\/a><\/li>\n\n    \n\t\n\n<li >\n\t<a href='?page_no=34877'>Next<\/a>\n\t<\/li>\n\n\n    \n\n<li><a href='?page_no=37000'>Last &rsaquo;&rsaquo;<\/a><\/li>\n\n<\/ul>\n\n\n--><br \/>\n<\/body><\/p>\n","protected":false},"excerpt":{"rendered":"<p>PRD somete a Suprema Corte de Justicia caso de Sund Land &#13; SANTO DOMINGO.- La \u00a0dirigencia del Partido Revolucionario Dominicano (PRD) deposit\u00f3 ante la Suprema Corte de Justicia, un recurso en procura de que el \u00a0Pleno declare inconstitucional y violatorio el contrato de pr\u00e9stamo de 130 millones de d\u00f3lares hecho por el Gobierno\u00a0 a la [&hellip;]<\/p>\n","protected":false},"author":3,"featured_media":0,"comment_status":"open","ping_status":"open","sticky":false,"template":"","format":"standard","meta":{"footnotes":""},"categories":[22],"tags":[],"class_list":["post-192128","post","type-post","status-publish","format-standard","hentry","category-politica"],"_links":{"self":[{"href":"https:\/\/diariodominicano.com\/index.php?rest_route=\/wp\/v2\/posts\/192128","targetHints":{"allow":["GET"]}}],"collection":[{"href":"https:\/\/diariodominicano.com\/index.php?rest_route=\/wp\/v2\/posts"}],"about":[{"href":"https:\/\/diariodominicano.com\/index.php?rest_route=\/wp\/v2\/types\/post"}],"author":[{"embeddable":true,"href":"https:\/\/diariodominicano.com\/index.php?rest_route=\/wp\/v2\/users\/3"}],"replies":[{"embeddable":true,"href":"https:\/\/diariodominicano.com\/index.php?rest_route=%2Fwp%2Fv2%2Fcomments&post=192128"}],"version-history":[{"count":0,"href":"https:\/\/diariodominicano.com\/index.php?rest_route=\/wp\/v2\/posts\/192128\/revisions"}],"wp:attachment":[{"href":"https:\/\/diariodominicano.com\/index.php?rest_route=%2Fwp%2Fv2%2Fmedia&parent=192128"}],"wp:term":[{"taxonomy":"category","embeddable":true,"href":"https:\/\/diariodominicano.com\/index.php?rest_route=%2Fwp%2Fv2%2Fcategories&post=192128"},{"taxonomy":"post_tag","embeddable":true,"href":"https:\/\/diariodominicano.com\/index.php?rest_route=%2Fwp%2Fv2%2Ftags&post=192128"}],"curies":[{"name":"wp","href":"https:\/\/api.w.org\/{rel}","templated":true}]}}