{"id":192127,"date":"2007-10-19T16:07:09","date_gmt":"2007-10-19T16:07:09","guid":{"rendered":"http:\/\/diariodominicano.ddns.net\/?p=192127"},"modified":"2007-10-19T16:07:09","modified_gmt":"2007-10-19T16:07:09","slug":"amable-dice-el-pais-cambiara-de-medico-considera-el-crecimiento-debe-favorecer-a-los-pobres","status":"publish","type":"post","link":"https:\/\/diariodominicano.com\/?p=192127","title":{"rendered":"Amable dice el pa\u00eds cambiar\u00e1 de m\u00e9dico; considera el crecimiento debe favorecer a los pobres"},"content":{"rendered":"<p><body><\/p>\n<p align=\"justify\" class=\"titulogrande1\"><strong>Amable  dice el pa\u00eds cambiar\u00e1 de m\u00e9dico; considera \u00a0el crecimiento debe favorecer a los  pobres\u00a0 <\/strong> <\/p>\n<p>&#13;<\/p>\n<p align=\"justify\" class=\"text1noticias\"><strong>SANTO DOMINGO.-<\/strong> El candidato presidencial  reformista, Amable Aristy Castro, ret\u00f3 a quienes hablan de crecimiento  econ\u00f3mico a que vallan a los barrios y comprueben la pobreza y dijo que por la  situaci\u00f3n calamitosa del pa\u00eds el 16 de mayo \u201cel pueblo cambiar\u00e1 de medico\u201d. <br \/>&#13;<br \/>\n  <br \/>&#13;<br \/>\nEn  referencia al spot televisivo donde aparece el presidente Leonel Fern\u00e1ndez  ayudando a un paciente que simboliza el pueblo, Aristy Castro dijo que el  comercial \u201ces una especie de pel\u00edcula de ciencia ficci\u00f3n, porque el drama real  que vive el pueblo fue la expresi\u00f3n de repudio que dieron en Santiago  Presidente\u201d. <br \/>&#13;<br \/>\n<br \/>&#13;<br \/>\n\u201cLa  inmensa mayor\u00eda de los dominicanos, de manera\u00a0 especial los pobres, esta  ansiosa que llegue el 16 de mayo para cambiar de m\u00e9dico y escoger un doctor  humanista, que le duela el pr\u00f3jimo, que tenga sensibilidad social y pol\u00edtica  para ayudar a los sectores pobres y excluidos del pa\u00eds\u201d, indic\u00f3. <br \/>&#13;<br \/>\n<br \/>&#13;<br \/>\nExplic\u00f3  que no importa que el PLD siga pasando el controversial spot\u00a0 porque  entiende que con el mismo no se lograr\u00e1 confundir a la poblaci\u00f3n, que a su  juicio, \u201cest\u00e1 conciente de la dif\u00edcil situaci\u00f3n econ\u00f3mica y social que viven  los dominicanos en el gobierno del presidente Fern\u00e1ndez\u201d. <br \/>&#13;<br \/>\n<br \/>&#13;<br \/>\n\u201cSe trata  de un comercial de ciencia ficci\u00f3n, alejado talmente de la triste realidad que  viven los pobres, los indigentes y la clase media del pa\u00eds\u201d, insisti\u00f3. <br \/>&#13;<br \/>\n<br \/>&#13;<br \/>\nSostuvo  que en el \u201csegundo internamiento\u201d del pueblo en las manos del presidente  Fern\u00e1ndez \u201cen tres a\u00f1os y medio no ha podido curar del hambre y la miseria a la  mayor\u00eda del pueblo\u201d. <br \/>&#13;<br \/>\n<br \/>&#13;<br \/>\nDijo  que la administraci\u00f3n pelede\u00edsta ha condenado al pueblo a pagar la energ\u00eda  el\u00e9ctrica m\u00e1s cara del mundo y le ha privado de los servicios fundamentales,  como educaci\u00f3n, salud, agua potable y transporte \u201cy ha permitido que reine el  temor, la inseguridad y la delincuencia\u201d. <br \/>&#13;<br \/>\n<br \/>&#13;<br \/>\n\u201cLa  realidad es que en estos tres a\u00f1os y medio baj\u00f3 el d\u00f3lar, creci\u00f3 la econom\u00eda,  pero al mismo tiempo creci\u00f3 el n\u00famero de pobres e indigentes en la Rep\u00fablica Dominicana\u201d,  asever\u00f3. <br \/>&#13;<br \/>\n<br \/>&#13;<br \/>\nEl  candidato reformista afirm\u00f3 que la estabilidad, el crecimiento econ\u00f3mico y la  bonanza en las arcas del Estado solo han servido para beneficiar a un grupito  de funcionarios y allegados al Gobierno, mientras que las condiciones de vida  de ocho millones de dominicanos ha empeorado notablemente en los \u00faltimos tres  gobiernos. <\/p>\n<p>&#13;<\/p>\n<p align=\"justify\" class=\"text1noticias\"><strong>Otro  cacerolazo<\/strong><br \/>&#13;<br \/>\n  <br \/>&#13;<br \/>\n  El  dirigente reformista habl\u00f3 del tema durante un \u201ccacerolazo contra la pobreza\u201d  en el kil\u00f3metro Ocho y Medio de la carretera S\u00e1nchez. Este recorrido tuvo un  nuevo ingrediente: adem\u00e1s de regalar\u00a0 gallinas vivas, sillas de ruedas,  mosquiteros, colchones, computadoras, dinero, se obsequiaban pl\u00e1tanos. Tambi\u00e9n  un cami\u00f3n cisterna iba regalando agua a los parroquianos. <br \/>&#13;<br \/>\n  <br \/>&#13;<br \/>\n  Las gallinas eran tiradas  desde un cami\u00f3n y algunas hasta pon\u00edan huevos en el tira y jala de la gente. <br \/>&#13;<br \/>\n  <br \/>&#13;<br \/>\n  Miles  de personas le acompa\u00f1aron durante el recorrido por los diferentes sectores de  la circunscripci\u00f3n n\u00famero uno, de la   Capital, al ritmo del ruido sonido de las cacerolas vac\u00edas  que hac\u00edan sonar con cucharones y piedras, adem\u00e1s de m\u00fasica alusiva a su  candidatura y consignas de que \u201cPor donde Amable pasa se enciende la cocina\u201d. <br \/>&#13;<br \/>\n  <br \/>&#13;<br \/>\n  El  candidato reformista dijo que la pobreza extrema ha aumentado de un 20 por  ciento a un 33%, mientras el Fondo Monetario Internacional dice que la econom\u00eda  crecer\u00e1 un 8 %. <br \/>&#13;<br \/>\n  <br \/>&#13;<br \/>\n  Manifest\u00f3  que si volver el PRD \u201cser\u00eda una reca\u00edda, seguir con el PLD es un suicidio\u201d. <br \/>&#13;<br \/>\n  <br \/>&#13;<br \/>\n\u201cNi  le\u00f3n (Fern\u00e1ndez) ni bacalao (Vargas Maldonado), este es el tiempo del gallo  colorado.<br \/>&#13;<br \/>\n<br \/> &#13;<br \/>\nLleg\u00f3 la hora de los pobres\u201d, dijo finalmente. <\/p>\n<p>&#13;<\/p>\n<h6> 2007-10-19 16:07:09 <\/h6>\n<p><!--\n<link rel=\"stylesheet\" href=\"css\/bootstrap.min.css\">\n\n\n<ul class=\"pagination\">\n\t    \n\t\n\n<li >\n\t<a href='?page_no=34874'>Previous<\/a>\n\t<\/li>\n\n\n       \n    \n\n<li><a href='?page_no=1'>1<\/a><\/li>\n\n\n\n<li><a href='?page_no=2'>2<\/a><\/li>\n\n\n\n<li><a>...<\/a><\/li>\n\n\n\n<li><a href='?page_no=34873'>34873<\/a><\/li>\n\n\n\n<li><a href='?page_no=34874'>34874<\/a><\/li>\n\n\n\n<li class='active'><a>34875<\/a><\/li>\n\n\n\n<li><a href='?page_no=34876'>34876<\/a><\/li>\n\n\n\n<li><a href='?page_no=34877'>34877<\/a><\/li>\n\n\n\n<li><a>...<\/a><\/li>\n\n\n\n<li><a href='?page_no=36999'>36999<\/a><\/li>\n\n\n\n<li><a href='?page_no=37000'>37000<\/a><\/li>\n\n    \n\t\n\n<li >\n\t<a href='?page_no=34876'>Next<\/a>\n\t<\/li>\n\n\n    \n\n<li><a href='?page_no=37000'>Last &rsaquo;&rsaquo;<\/a><\/li>\n\n<\/ul>\n\n\n--><br \/>\n<\/body><\/p>\n","protected":false},"excerpt":{"rendered":"<p>Amable dice el pa\u00eds cambiar\u00e1 de m\u00e9dico; considera \u00a0el crecimiento debe favorecer a los pobres\u00a0 &#13; SANTO DOMINGO.- El candidato presidencial reformista, Amable Aristy Castro, ret\u00f3 a quienes hablan de crecimiento econ\u00f3mico a que vallan a los barrios y comprueben la pobreza y dijo que por la situaci\u00f3n calamitosa del pa\u00eds el 16 de mayo [&hellip;]<\/p>\n","protected":false},"author":3,"featured_media":0,"comment_status":"open","ping_status":"open","sticky":false,"template":"","format":"standard","meta":{"footnotes":""},"categories":[22],"tags":[],"class_list":["post-192127","post","type-post","status-publish","format-standard","hentry","category-politica"],"_links":{"self":[{"href":"https:\/\/diariodominicano.com\/index.php?rest_route=\/wp\/v2\/posts\/192127","targetHints":{"allow":["GET"]}}],"collection":[{"href":"https:\/\/diariodominicano.com\/index.php?rest_route=\/wp\/v2\/posts"}],"about":[{"href":"https:\/\/diariodominicano.com\/index.php?rest_route=\/wp\/v2\/types\/post"}],"author":[{"embeddable":true,"href":"https:\/\/diariodominicano.com\/index.php?rest_route=\/wp\/v2\/users\/3"}],"replies":[{"embeddable":true,"href":"https:\/\/diariodominicano.com\/index.php?rest_route=%2Fwp%2Fv2%2Fcomments&post=192127"}],"version-history":[{"count":0,"href":"https:\/\/diariodominicano.com\/index.php?rest_route=\/wp\/v2\/posts\/192127\/revisions"}],"wp:attachment":[{"href":"https:\/\/diariodominicano.com\/index.php?rest_route=%2Fwp%2Fv2%2Fmedia&parent=192127"}],"wp:term":[{"taxonomy":"category","embeddable":true,"href":"https:\/\/diariodominicano.com\/index.php?rest_route=%2Fwp%2Fv2%2Fcategories&post=192127"},{"taxonomy":"post_tag","embeddable":true,"href":"https:\/\/diariodominicano.com\/index.php?rest_route=%2Fwp%2Fv2%2Ftags&post=192127"}],"curies":[{"name":"wp","href":"https:\/\/api.w.org\/{rel}","templated":true}]}}