{"id":192122,"date":"2007-10-19T20:35:16","date_gmt":"2007-10-19T20:35:16","guid":{"rendered":"http:\/\/diariodominicano.ddns.net\/?p=192122"},"modified":"2007-10-19T20:35:16","modified_gmt":"2007-10-19T20:35:16","slug":"el-presidente-recorrera-barrios-de-la-capital-y-viajara-al-sur-en-fin-de-semana","status":"publish","type":"post","link":"https:\/\/diariodominicano.com\/?p=192122","title":{"rendered":"El presidente recorrer\u00e1 barrios de la capital y viajar\u00e1 al sur en fin de semana"},"content":{"rendered":"<p><body><\/p>\n<p align=\"justify\" class=\"titulogrande1\"><strong>El presidente recorrer\u00e1  barrios de la capital y viajar\u00e1 al sur en fin de semana\u00a0 <\/strong><\/p>\n<p>&#13;<\/p>\n<p align=\"justify\" class=\"text1noticias\">El Presidente Leonel Fern\u00e1ndez visitar\u00e1 este fin de semana las circunscripciones  dos y tres del distrito nacional, Haina, Nigua, San Crist\u00f3bal y peravia donde  se reinar\u00e1 con dirigentes pelede\u00edstas de esas comunidades como parte de sus  trabajos de campa\u00f1a\u00a0 inform\u00f3 este viernes  el coordinador General del Comit\u00e9 Nacional de Campa\u00f1a del Partido de la Liberaci\u00f3n Dominicana,  Francisco Javier Garc\u00eda.\u00a0\u00a0 <\/p>\n<p>&#13;<\/p>\n<p align=\"justify\" class=\"text1noticias\">Garc\u00eda dijo que a las actividades que asistir\u00e1 el candidato del  PLD son acciones \u00a0de contactos con miembros del partido morado \u00a0y personas de las comunidades. <\/p>\n<p>&#13;<\/p>\n<p align=\"justify\" class=\"text1noticias\">Confirm\u00f3 para \u00a0este viernes un recorrido por calles de las  Circunscripciones Electoral n\u00famero dos y tres del Distrito Nacional, en donde  se realizar\u00e1n visitas puntuales a personas de la comunidad y a dirigente del  Partido de la   Liberaci\u00f3n Dominicana. <\/p>\n<p>&#13;<\/p>\n<p align=\"justify\" class=\"text1noticias\">Inform\u00f3 que el S\u00e1bado el Presidente y candidato presidencial,\u00a0estar\u00e1  en Haina, Nigua y san Crist\u00f3bal y el Domingo visitar\u00e1 varios barrios de Bani,  en la Provincia   Peravia. <\/p>\n<p>&#13;<\/p>\n<p align=\"justify\" class=\"text1noticias\">Adelant\u00f3 que en el venidero fin de semana las actividades se  realizar\u00e1n en las provincias de la regi\u00f3n este del pa\u00eds: \u00abTodas estas  acciones se enmarcan como una especie de calentamiento porque las actividades  formales de\u00a0 campa\u00f1a se realizar\u00e1n luego del acto de proclamaci\u00f3n, pautado  para el 18 de noviembre\u00bb dijo. <\/p>\n<p>&#13;<\/p>\n<p align=\"justify\" class=\"text1noticias\">\u00abEn estos recorridos se ha demostrado que el recibimiento  dado al presidente evidencia lo que dicen \u00a0las encuestas, las que reflejan  que el doctor Leonel Fern\u00e1ndez cuenta con el apoyo suficiente para ganar en  primera vuelta. <\/p>\n<p>&#13;<\/p>\n<p align=\"justify\" class=\"text1noticias\">Reiter\u00f3 que la visita a los barrios est\u00e1n creando verdaderos  desbordamientos populares y entusiasmo en los electores, \u00a0\u00a0que con  \u00a0la madurez pol\u00edtica alcanzada le permiten identificarse plenamente con el  PLD y su candidato presidencial, el actual Presidente de la Republica, Leonel Fern\u00e1ndez. <\/p>\n<p>&#13;<\/p>\n<p align=\"justify\" class=\"text1noticias\">\u00abEl dominicano ha avanzado mucho, desde el punto de vista  pol\u00edtico y no se deja enga\u00f1ar ni confundir; cuando aparece un candidato que  quiere presentarse como opci\u00f3n diferente, la gente sabe enmarcarlo y en el caso  del candidato del PRD la gente sabe perfectamente que es corresponsable del  desastre econ\u00f3mico que estremeci\u00f3 al pa\u00eds del a\u00f1o 2000 al 2004\u00bb, Enfatiz\u00f3  Garc\u00eda. <\/p>\n<p>&#13;<\/p>\n<p align=\"justify\" class=\"text1noticias\">Suspenden entrega  de afiches <\/p>\n<p>&#13;<\/p>\n<p align=\"justify\" class=\"text1noticias\">El Comit\u00e9 Nacional de Campa\u00f1a del Partido de la Liberaci\u00f3n orden\u00f3 la  suspensi\u00f3n inmediata de la entrega de afiches promoci\u00f3nales de su candidatura  presidencial, propaganda \u00a0que ven\u00eda coloc\u00e1ndose en un local que se  prepara para el funcionamiento de esa estructura especializada de la campa\u00f1a. <\/p>\n<p>&#13;<\/p>\n<p align=\"justify\" class=\"text1noticias\">As\u00ed lo inform\u00f3 Francisco  Javier Garc\u00eda<strong>, <\/strong>coordinador General del Comit\u00e9 \u00a0Nacional de  Campa\u00f1a explicando que esos, \u00a0no son m\u00e9todos usados por el Partido de la Liberaci\u00f3n Dominicana  para promocionar sus ofertas electorales. <\/p>\n<p>&#13;<\/p>\n<p align=\"justify\" class=\"text1noticias\">\u00abLo estamos suspendiendo porque nosotros no necesitamos  entregar dinero para que una persona exhiba \u00a0un afiche del PLD\u00bb dijo  categ\u00f3ricamente Garc\u00eda en un parte de la Secretar\u00eda de Comunicaciones del PLD. <\/p>\n<p>&#13;<\/p>\n<p align=\"justify\" class=\"text1noticias\">Explic\u00f3 que la entrega de esos impresos \u00a0no ha sido actividad  programada por el Comit\u00e9 Nacional de Campa\u00f1a, estructura con la responsabilidad  de planificar, organizar y dirigir las actividades electorales y promocionales  de la campa\u00f1a electoral. <\/p>\n<p>&#13;<\/p>\n<p align=\"justify\" class=\"text1noticias\">Explic\u00f3 no obstante, que el lugar en donde se ha \u00a0entregado  \u00a0la publicidad, \u00a0ser\u00e1 el espacio en donde funcionar\u00e1 una de las  estructuras del Comit\u00e9 de Campa\u00f1a \u00a0y que no se ha inaugurado. <\/p>\n<p>&#13;<\/p>\n<p align=\"justify\" class=\"text1noticias\">Entiende que al parecer ese movimiento esta siendo sustentando por  empresarios allegados al PLD \u00a0que\u00a0 realizan el tipo de actividad  denunciada sin el consentimiento de la direcci\u00f3n de la campa\u00f1a. <\/p>\n<p>&#13;<\/p>\n<p align=\"justify\" class=\"text1noticias\">\u00abFue una actividad, parece de algunos empresarios, que  quisieron colaborar con la campa\u00f1a, pero ha  tra\u00eddo muchos inconvenientes  y por eso hemos preferido que se suspenda inmediatamente. <\/p>\n<p>&#13;<\/p>\n<h6> 2007-10-19 20:35:16 <\/h6>\n<p><!--\n<link rel=\"stylesheet\" href=\"css\/bootstrap.min.css\">\n\n\n<ul class=\"pagination\">\n\t    \n\t\n\n<li >\n\t<a href='?page_no=34869'>Previous<\/a>\n\t<\/li>\n\n\n       \n    \n\n<li><a href='?page_no=1'>1<\/a><\/li>\n\n\n\n<li><a href='?page_no=2'>2<\/a><\/li>\n\n\n\n<li><a>...<\/a><\/li>\n\n\n\n<li><a href='?page_no=34868'>34868<\/a><\/li>\n\n\n\n<li><a href='?page_no=34869'>34869<\/a><\/li>\n\n\n\n<li class='active'><a>34870<\/a><\/li>\n\n\n\n<li><a href='?page_no=34871'>34871<\/a><\/li>\n\n\n\n<li><a href='?page_no=34872'>34872<\/a><\/li>\n\n\n\n<li><a>...<\/a><\/li>\n\n\n\n<li><a href='?page_no=36999'>36999<\/a><\/li>\n\n\n\n<li><a href='?page_no=37000'>37000<\/a><\/li>\n\n    \n\t\n\n<li >\n\t<a href='?page_no=34871'>Next<\/a>\n\t<\/li>\n\n\n    \n\n<li><a href='?page_no=37000'>Last &rsaquo;&rsaquo;<\/a><\/li>\n\n<\/ul>\n\n\n--><br \/>\n<\/body><\/p>\n","protected":false},"excerpt":{"rendered":"<p>El presidente recorrer\u00e1 barrios de la capital y viajar\u00e1 al sur en fin de semana\u00a0 &#13; El Presidente Leonel Fern\u00e1ndez visitar\u00e1 este fin de semana las circunscripciones dos y tres del distrito nacional, Haina, Nigua, San Crist\u00f3bal y peravia donde se reinar\u00e1 con dirigentes pelede\u00edstas de esas comunidades como parte de sus trabajos de campa\u00f1a\u00a0 [&hellip;]<\/p>\n","protected":false},"author":3,"featured_media":0,"comment_status":"open","ping_status":"open","sticky":false,"template":"","format":"standard","meta":{"footnotes":""},"categories":[22],"tags":[],"class_list":["post-192122","post","type-post","status-publish","format-standard","hentry","category-politica"],"_links":{"self":[{"href":"https:\/\/diariodominicano.com\/index.php?rest_route=\/wp\/v2\/posts\/192122","targetHints":{"allow":["GET"]}}],"collection":[{"href":"https:\/\/diariodominicano.com\/index.php?rest_route=\/wp\/v2\/posts"}],"about":[{"href":"https:\/\/diariodominicano.com\/index.php?rest_route=\/wp\/v2\/types\/post"}],"author":[{"embeddable":true,"href":"https:\/\/diariodominicano.com\/index.php?rest_route=\/wp\/v2\/users\/3"}],"replies":[{"embeddable":true,"href":"https:\/\/diariodominicano.com\/index.php?rest_route=%2Fwp%2Fv2%2Fcomments&post=192122"}],"version-history":[{"count":0,"href":"https:\/\/diariodominicano.com\/index.php?rest_route=\/wp\/v2\/posts\/192122\/revisions"}],"wp:attachment":[{"href":"https:\/\/diariodominicano.com\/index.php?rest_route=%2Fwp%2Fv2%2Fmedia&parent=192122"}],"wp:term":[{"taxonomy":"category","embeddable":true,"href":"https:\/\/diariodominicano.com\/index.php?rest_route=%2Fwp%2Fv2%2Fcategories&post=192122"},{"taxonomy":"post_tag","embeddable":true,"href":"https:\/\/diariodominicano.com\/index.php?rest_route=%2Fwp%2Fv2%2Ftags&post=192122"}],"curies":[{"name":"wp","href":"https:\/\/api.w.org\/{rel}","templated":true}]}}