{"id":192121,"date":"2007-10-19T20:38:29","date_gmt":"2007-10-19T20:38:29","guid":{"rendered":"http:\/\/diariodominicano.ddns.net\/?p=192121"},"modified":"2007-10-19T20:38:29","modified_gmt":"2007-10-19T20:38:29","slug":"movimiento-leonel-en-primera-vuelta-abrira-locales-en-san-cristobal-y-bani","status":"publish","type":"post","link":"https:\/\/diariodominicano.com\/?p=192121","title":{"rendered":"Movimiento \u201cLeonel en Primera Vuelta\u201d abrir\u00e1 locales en san Crist\u00f3bal y Ban\u00ed"},"content":{"rendered":"<p><body><\/p>\n<p align=\"justify\" class=\"titulogrande1\"><strong>Movimiento \u201cLeonel en Primera Vuelta\u201d abrir\u00e1 locales en san  Crist\u00f3bal y Ban\u00ed<\/strong> <\/p>\n<p>&#13;<\/p>\n<p align=\"justify\" class=\"text1noticias\">El movimiento Leonel en Primera Vuelta inaugurar\u00e1 locales en San  Crist\u00f3bal y Bani este s\u00e1bado y domingo con la presencia del presidente Leonel  Fern\u00e1ndez, seg\u00fan inform\u00f3 la oficina pol\u00edtica de su coordinador general, H\u00e9ctor  Rodr\u00edguez Pimentel. <\/p>\n<p>&#13;<\/p>\n<p align=\"justify\" class=\"text1noticias\">Expresa una nota de prensa del movimiento que el local de San Crist\u00f3bal  ser\u00e1 inaugurado a las 2:00 de la tarde dentro del recorrido que realizar\u00e1 el  presidente Fern\u00e1ndez por esa provincia este s\u00e1bado y que los organizadores son  el ex senador Tito Hern\u00e1ndez y\u00a0 Maria Antonieta Bello. <\/p>\n<p>&#13;<\/p>\n<p align=\"justify\" class=\"text1noticias\">Asimismo el local de Ban\u00ed ser\u00e1 inaugurado por el mandatario este  domingo a las 5.00 de la tarde como parte del recorrido por esa demarcaci\u00f3n en  un acto\u00a0 organizado por Ram\u00f3n Pol y  Vianela Bello. <\/p>\n<p>&#13;<\/p>\n<p align=\"justify\" class=\"text1noticias\">Con la presencia del presidente Leonel Fernandez ya el  movimiento Leonel en Primera Vuelta ha inaugurado locales en Constanza,  Santiago, La Vega  y San Francisco de Macor\u00eds. <\/p>\n<p>&#13;<\/p>\n<p align=\"justify\" class=\"text1noticias\">El pasado mi\u00e9rcoles Rodr\u00edguez Pimentel jurament\u00f3 al directorio  Central Ejecutivo del movimiento integrado por 100 miembros, as\u00ed como los  directorios del Distrito Nacional y la provincia de Santo Domingo. <\/p>\n<p>&#13;<\/p>\n<p align=\"justify\" class=\"text1noticias\">En un acto realizado en un hotel de la capital dominicana\u00a0 Rodr\u00edguez Pimentel hab\u00eda anunciado que antes  de \u00a0enero del a\u00f1o que viene el movimiento contar\u00eda con locales,  directorios provinciales y municipales en todo el pa\u00eds. <\/p>\n<p>&#13;<\/p>\n<h6> 2007-10-19 20:38:29 <\/h6>\n<p><!--\n<link rel=\"stylesheet\" href=\"css\/bootstrap.min.css\">\n\n\n<ul class=\"pagination\">\n\t    \n\t\n\n<li >\n\t<a href='?page_no=34868'>Previous<\/a>\n\t<\/li>\n\n\n       \n    \n\n<li><a href='?page_no=1'>1<\/a><\/li>\n\n\n\n<li><a href='?page_no=2'>2<\/a><\/li>\n\n\n\n<li><a>...<\/a><\/li>\n\n\n\n<li><a href='?page_no=34867'>34867<\/a><\/li>\n\n\n\n<li><a href='?page_no=34868'>34868<\/a><\/li>\n\n\n\n<li class='active'><a>34869<\/a><\/li>\n\n\n\n<li><a href='?page_no=34870'>34870<\/a><\/li>\n\n\n\n<li><a href='?page_no=34871'>34871<\/a><\/li>\n\n\n\n<li><a>...<\/a><\/li>\n\n\n\n<li><a href='?page_no=36999'>36999<\/a><\/li>\n\n\n\n<li><a href='?page_no=37000'>37000<\/a><\/li>\n\n    \n\t\n\n<li >\n\t<a href='?page_no=34870'>Next<\/a>\n\t<\/li>\n\n\n    \n\n<li><a href='?page_no=37000'>Last &rsaquo;&rsaquo;<\/a><\/li>\n\n<\/ul>\n\n\n--><br \/>\n<\/body><\/p>\n","protected":false},"excerpt":{"rendered":"<p>Movimiento \u201cLeonel en Primera Vuelta\u201d abrir\u00e1 locales en san Crist\u00f3bal y Ban\u00ed &#13; El movimiento Leonel en Primera Vuelta inaugurar\u00e1 locales en San Crist\u00f3bal y Bani este s\u00e1bado y domingo con la presencia del presidente Leonel Fern\u00e1ndez, seg\u00fan inform\u00f3 la oficina pol\u00edtica de su coordinador general, H\u00e9ctor Rodr\u00edguez Pimentel. &#13; Expresa una nota de prensa [&hellip;]<\/p>\n","protected":false},"author":3,"featured_media":0,"comment_status":"open","ping_status":"open","sticky":false,"template":"","format":"standard","meta":{"footnotes":""},"categories":[22],"tags":[],"class_list":["post-192121","post","type-post","status-publish","format-standard","hentry","category-politica"],"_links":{"self":[{"href":"https:\/\/diariodominicano.com\/index.php?rest_route=\/wp\/v2\/posts\/192121","targetHints":{"allow":["GET"]}}],"collection":[{"href":"https:\/\/diariodominicano.com\/index.php?rest_route=\/wp\/v2\/posts"}],"about":[{"href":"https:\/\/diariodominicano.com\/index.php?rest_route=\/wp\/v2\/types\/post"}],"author":[{"embeddable":true,"href":"https:\/\/diariodominicano.com\/index.php?rest_route=\/wp\/v2\/users\/3"}],"replies":[{"embeddable":true,"href":"https:\/\/diariodominicano.com\/index.php?rest_route=%2Fwp%2Fv2%2Fcomments&post=192121"}],"version-history":[{"count":0,"href":"https:\/\/diariodominicano.com\/index.php?rest_route=\/wp\/v2\/posts\/192121\/revisions"}],"wp:attachment":[{"href":"https:\/\/diariodominicano.com\/index.php?rest_route=%2Fwp%2Fv2%2Fmedia&parent=192121"}],"wp:term":[{"taxonomy":"category","embeddable":true,"href":"https:\/\/diariodominicano.com\/index.php?rest_route=%2Fwp%2Fv2%2Fcategories&post=192121"},{"taxonomy":"post_tag","embeddable":true,"href":"https:\/\/diariodominicano.com\/index.php?rest_route=%2Fwp%2Fv2%2Ftags&post=192121"}],"curies":[{"name":"wp","href":"https:\/\/api.w.org\/{rel}","templated":true}]}}