{"id":192118,"date":"2007-10-20T03:06:59","date_gmt":"2007-10-20T03:06:59","guid":{"rendered":"http:\/\/diariodominicano.ddns.net\/?p=192118"},"modified":"2007-10-20T03:06:59","modified_gmt":"2007-10-20T03:06:59","slug":"amable-aristy-promete-liberar-pobres-de-usureros-y-compraventas-de-barrios","status":"publish","type":"post","link":"https:\/\/diariodominicano.com\/?p=192118","title":{"rendered":"Amable Aristy promete liberar pobres de usureros y compraventas de barrios"},"content":{"rendered":"<p><body><\/p>\n<p align=\"justify\" class=\"titulogrande1\">Amable  Aristy promete liberar pobres de  usureros y compraventas de barrios<\/p>\n<p>&#13;<\/p>\n<p align=\"justify\" class=\"text1noticias\"><strong><img loading=\"lazy\" decoding=\"async\" src=\"http:\/\/localhost:8080\/pictures\/amable.jpg\" width=\"269\" height=\"318\" hspace=\"4\" align=\"left\" \/>Santo Domingo.-<\/strong> El candidato  presidencial reformista, Amable Aristy, prometi\u00f3 \u00a0que \u00a0liberar\u00e1  a los pobres de los usureros y las compraventas con la creaci\u00f3n del Banco de los Pobres y el  acceso a cr\u00e9ditos a tasas bajas en ventanillas \u00a0especiales que se crear\u00e1n en su gobierno para  esos fines.<\/p>\n<p>&#13;<\/p>\n<p align=\"justify\" class=\"text1noticias\">Explic\u00f3 que los pobres est\u00e1n  condenados a pagar entre un 10 y un 30 por \u00a0ciento de inter\u00e9s mensual a usureros y  compraventas para poder inicial cualquier  gesti\u00f3n de negocio o resolver necesidades familiares urgentes.<\/p>\n<p>&#13;<\/p>\n<p align=\"justify\" class=\"text1noticias\">Afirm\u00f3 que las compraventas  de los barrios y pueblos del pa\u00eds est\u00e1n \u00a0llenas  \u00a0de electrodom\u00e9sticos, tanques de gas,  herramienta de trabajo, \u00a0relojes,  cadenas, pantalones, camisas, zapatos y hasta de ropa intima que la \u00a0gente empe\u00f1a para poder comer.<\/p>\n<p>&#13;<\/p>\n<p align=\"justify\" class=\"text1noticias\">Dijo que \u201cmiles de  dominicanos hipotecan humildes viviendas, motocicletas y otros \u00a0bienes a tasas abusivas que oscilan entre un  10 y un 30 por ciento mensual, \u00a0por lo  que en la mayor\u00eda de casos no pueden buscar ese dinero y lo pierden todo\u201d.<\/p>\n<p>&#13;<\/p>\n<p align=\"justify\" class=\"text1noticias\">Sostuvo que como consecuencia  de las necesidades y desesperaci\u00f3n econ\u00f3mica \u00a0en que se encuentra la mayor\u00eda de la  poblaci\u00f3n, especialmente en los barrios \u00a0de  las grandes ciudades, muchos se comprometen a pagar r\u00e9ditos semanales \u00a0para obtener dinero r\u00e1pido y resolver algunos  problemas, como de salud y comida.<\/p>\n<p>&#13;<\/p>\n<p align=\"justify\" class=\"text1noticias\">\u201cEsta situaci\u00f3n ha llevado a  la quiebra a muchos colmados y peque\u00f1os \u00a0negocios  familiares como frituras, salones de belleza, peluquer\u00edas, fondas y \u00a0negocitos de venta de ropas que apenas  comienzan\u201d, dijo.<\/p>\n<p>&#13;<\/p>\n<p align=\"justify\" class=\"text1noticias\">Asegur\u00f3 que entre las  primeras medidas que implementar\u00e1 cuando \u00a0asuma la presidencia de la Rep\u00fablica en agosto del  pr\u00f3ximo a\u00f1o tras su \u00a0triunfo en las  elecciones venideras, ser\u00e1 la creaci\u00f3n del Banco de los \u00a0Pobres para dar cr\u00e9ditos sin los requisitos de  la banca formal y a tasas muy \u00a0bajas para  que los pobres puedan emprender negocios que generen beneficios para el sost\u00e9n de sus familias.<\/p>\n<p>&#13;<\/p>\n<p align=\"justify\" class=\"text1noticias\">\u201cHar\u00e9 el Banco de los Pobres  que prometi\u00f3 mi amigo Danilo Medina y tambi\u00e9n \u00a0crear\u00e9 un fondo de 50 mil millones de pesos  destinados a financiar las \u00a0peque\u00f1as y  medianas empresas (Pymes) \u201cque se manejar\u00e1 durante los cuatro \u00a0a\u00f1os de mi gesti\u00f3n a trav\u00e9s del Banco de  Reservas, Banco Agr\u00edcola y la banca \u00a0privada\u201d,  agreg\u00f3.<\/p>\n<p>&#13;<\/p>\n<p align=\"justify\" class=\"text1noticias\">Igualmente, el candidato  reformista dijo que impulsar\u00e1 un \u00e1gil y din\u00e1mico \u00a0programa de titulaci\u00f3n y regulaci\u00f3n de  terrenos donde miles de familias \u00a0pobres  han levantado hace a\u00f1os sus humildes viviendas \u201ccon muchos \u00a0sacrificios y todav\u00eda no cuentan con el t\u00edtulo  de propiedad de esos bienes, \u00a0lo que  constituye un obst\u00e1culo para ser objeto de cr\u00e9dito en la banca\u201d.<\/p>\n<p>&#13;<\/p>\n<p align=\"justify\" class=\"text1noticias\">Amable ofreci\u00f3 estas  declaraciones durante el \u201ccacerolazo contra la pobreza\u201d \u00a0en el sector de Las Palmas de Herrera, donde  miles de personas le \u00a0acompa\u00f1aron en su  recorrido haciendo sonar cacerolas vac\u00edas con los golpes de cucharas y cucharones.<\/p>\n<p>&#13;<\/p>\n<p align=\"justify\" class=\"text1noticias\">En la actividad, el aspirante  a la Presidencia  de la Rep\u00fablica  distribuy\u00f3 \u00a0m\u00e1s de cinco mil pollos  vivos, pl\u00e1tanos, sillas de ruedas, canastillas, \u00a0colchones, mosquiteros y dinero en efectivo  para familias pobres. Tambi\u00e9n se \u00a0hicieron  operativos m\u00e9dicos y de fumigaci\u00f3n en los diferentes barrios de \u00a0Herrera, en el municipio Santo Domingo Oeste.<\/p>\n<p>&#13;<\/p>\n<p align=\"justify\" class=\"text1noticias\">Dijo que mediante la  implementaci\u00f3n de esa pol\u00edtica para beneficiar a los \u00a0pobres del pa\u00eds, se recuperar\u00e1n en los  primeros dos a\u00f1os los m\u00e1s de 200 mil \u00a0empleos  que se perdieron en el gobierno del presidente Leonel Fern\u00e1ndez \u201cy \u00a0adem\u00e1s se generaran otros 300 mil nuevas  plazas de trabajo en el resto de su \u00a0cuatrienio\u201d.<\/p>\n<p>&#13;<\/p>\n<p align=\"justify\" class=\"text1noticias\">Defini\u00f3 a los pobres como un  pueblo trabajador y honrado que \u00a0solamente  le faltan los recursos econ\u00f3micos para emprender peque\u00f1os negocios \u00a0que generen beneficios para mantener  honradamente a sus familias.<\/p>\n<p>&#13;<\/p>\n<p align=\"justify\" class=\"text1noticias\">Dijo que una prueba de eso es  que los dominicanos que logran emigrar a otros \u00a0pa\u00edses siempre progresan porque se entregan a  tiempo completo al trabajo y \u00a0al ahorro  para regresar a su tierra a comprar un techo propio y montar su propio negocio.<\/p>\n<p>&#13;<\/p>\n<h6> 2007-10-20 03:06:59 <\/h6>\n<p><!--\n<link rel=\"stylesheet\" href=\"css\/bootstrap.min.css\">\n\n\n<ul class=\"pagination\">\n\t    \n\t\n\n<li >\n\t<a href='?page_no=34865'>Previous<\/a>\n\t<\/li>\n\n\n       \n    \n\n<li><a href='?page_no=1'>1<\/a><\/li>\n\n\n\n<li><a href='?page_no=2'>2<\/a><\/li>\n\n\n\n<li><a>...<\/a><\/li>\n\n\n\n<li><a href='?page_no=34864'>34864<\/a><\/li>\n\n\n\n<li><a href='?page_no=34865'>34865<\/a><\/li>\n\n\n\n<li class='active'><a>34866<\/a><\/li>\n\n\n\n<li><a href='?page_no=34867'>34867<\/a><\/li>\n\n\n\n<li><a href='?page_no=34868'>34868<\/a><\/li>\n\n\n\n<li><a>...<\/a><\/li>\n\n\n\n<li><a href='?page_no=36999'>36999<\/a><\/li>\n\n\n\n<li><a href='?page_no=37000'>37000<\/a><\/li>\n\n    \n\t\n\n<li >\n\t<a href='?page_no=34867'>Next<\/a>\n\t<\/li>\n\n\n    \n\n<li><a href='?page_no=37000'>Last &rsaquo;&rsaquo;<\/a><\/li>\n\n<\/ul>\n\n\n--><br \/>\n<\/body><\/p>\n","protected":false},"excerpt":{"rendered":"<p>Amable Aristy promete liberar pobres de usureros y compraventas de barrios &#13; Santo Domingo.- El candidato presidencial reformista, Amable Aristy, prometi\u00f3 \u00a0que \u00a0liberar\u00e1 a los pobres de los usureros y las compraventas con la creaci\u00f3n del Banco de los Pobres y el acceso a cr\u00e9ditos a tasas bajas en ventanillas \u00a0especiales que se crear\u00e1n en [&hellip;]<\/p>\n","protected":false},"author":3,"featured_media":0,"comment_status":"open","ping_status":"open","sticky":false,"template":"","format":"standard","meta":{"footnotes":""},"categories":[22],"tags":[],"class_list":["post-192118","post","type-post","status-publish","format-standard","hentry","category-politica"],"_links":{"self":[{"href":"https:\/\/diariodominicano.com\/index.php?rest_route=\/wp\/v2\/posts\/192118","targetHints":{"allow":["GET"]}}],"collection":[{"href":"https:\/\/diariodominicano.com\/index.php?rest_route=\/wp\/v2\/posts"}],"about":[{"href":"https:\/\/diariodominicano.com\/index.php?rest_route=\/wp\/v2\/types\/post"}],"author":[{"embeddable":true,"href":"https:\/\/diariodominicano.com\/index.php?rest_route=\/wp\/v2\/users\/3"}],"replies":[{"embeddable":true,"href":"https:\/\/diariodominicano.com\/index.php?rest_route=%2Fwp%2Fv2%2Fcomments&post=192118"}],"version-history":[{"count":0,"href":"https:\/\/diariodominicano.com\/index.php?rest_route=\/wp\/v2\/posts\/192118\/revisions"}],"wp:attachment":[{"href":"https:\/\/diariodominicano.com\/index.php?rest_route=%2Fwp%2Fv2%2Fmedia&parent=192118"}],"wp:term":[{"taxonomy":"category","embeddable":true,"href":"https:\/\/diariodominicano.com\/index.php?rest_route=%2Fwp%2Fv2%2Fcategories&post=192118"},{"taxonomy":"post_tag","embeddable":true,"href":"https:\/\/diariodominicano.com\/index.php?rest_route=%2Fwp%2Fv2%2Ftags&post=192118"}],"curies":[{"name":"wp","href":"https:\/\/api.w.org\/{rel}","templated":true}]}}