{"id":192115,"date":"2007-10-21T22:46:45","date_gmt":"2007-10-21T22:46:45","guid":{"rendered":"http:\/\/diariodominicano.ddns.net\/?p=192115"},"modified":"2007-10-21T22:46:45","modified_gmt":"2007-10-21T22:46:45","slug":"pld-suspende-entrega-de-afiches-para-ser-colocados-en-vehiculos","status":"publish","type":"post","link":"https:\/\/diariodominicano.com\/?p=192115","title":{"rendered":"PLD suspende entrega de afiches para ser colocados en veh\u00edculos"},"content":{"rendered":"<p><body><\/p>\n<p class=\"titulogrande1\">PLD  suspende entrega de afiches para ser colocados en veh\u00edculos<\/p>\n<p>&#13;<\/p>\n<p align=\"justify\" class=\"text1noticias\"><strong>Santo Domingo.-<\/strong> El Comit\u00e9  Nacional de Campa\u00f1a del Partido de la Liberaci\u00f3n orden\u00f3 la suspensi\u00f3n \u00a0de la entrega de afiches promoci\u00f3nales de su  candidatura presidencial, para ser colocados en veh\u00edculos. <\/p>\n<p>&#13;<\/p>\n<p align=\"justify\" class=\"text1noticias\">Francisco Javier Garc\u00eda,  coordinador General del Comit\u00e9\u00a0 Nacional  de Campa\u00f1a, explic\u00f3 que esos\u00a0 no son  m\u00e9todos usados por el Partido de la Liberaci\u00f3n Dominicana  para promocionar sus ofertas electorales.<\/p>\n<p>&#13;<\/p>\n<p align=\"justify\" class=\"text1noticias\">\u00abLo estamos suspendiendo  porque nosotros no necesitamos entregar dinero para que una persona exhiba\u00a0 un afiche del PLD\u00bb dijo categ\u00f3ricamente  Garc\u00eda en un parte de la   Secretar\u00eda de Comunicaciones del PLD.<\/p>\n<p>&#13;<\/p>\n<p align=\"justify\" class=\"text1noticias\">Explic\u00f3 que la entrega de  esos impresos\u00a0 no ha sido actividad  programada por el Comit\u00e9 Nacional de Campa\u00f1a, estructura con la responsabilidad  de planificar, organizar y dirigir las actividades electorales y promocionales  de la campa\u00f1a electoral. <\/p>\n<p>&#13;<\/p>\n<p align=\"justify\" class=\"text1noticias\">Explic\u00f3 no obstante, que el  lugar en donde se ha\u00a0 entregado\u00a0 la publicidad,\u00a0 ser\u00e1 el espacio en donde funcionar\u00e1 una de  las estructuras del Comit\u00e9 de Campa\u00f1a\u00a0 y  que no se ha inaugurado. <\/p>\n<p>&#13;<\/p>\n<p align=\"justify\" class=\"text1noticias\">Entiende que al parecer ese movimiento esta  siendo sustentando por empresarios allegados al PLD\u00a0 que\u00a0  realizan el tipo de actividad denunciada sin el consentimiento de la  direcci\u00f3n de la campa\u00f1a. <\/p>\n<p>&#13;<\/p>\n<p align=\"justify\" class=\"text1noticias\">\u00abFue una actividad,  parece de algunos empresarios, que quisieron colaborar con la campa\u00f1a, pero  ha\u00a0\u00a0 tra\u00eddo muchos inconvenientes y por  eso hemos preferido que se suspenda inmediatamente. <\/p>\n<p>&#13;<\/p>\n<p align=\"justify\" class=\"text1noticias\">De otro lado y en torno a las  actividades de campa\u00f1a a la que asistir\u00e1 el presidente de la Rep\u00fablica y candidato  Presidencial del PLD y Fuerzas aliadas en este fin de semana, Francisco Javier  Garc\u00eda, dijo que son acciones\u00a0 de  contactos con miembros del PLD y personas de las comunidades. <\/p>\n<p>&#13;<\/p>\n<p align=\"justify\" class=\"text1noticias\">Adelant\u00f3 que el venidero fin  de semana las actividades se realizar\u00e1n en las provincias de la regi\u00f3n este del  pa\u00eds: \u00abTodas estas acciones se enmarcan como una especie de calentamiento  porque las actividades formales de\u00a0  campa\u00f1a se realizar\u00e1n luego del acto de proclamaci\u00f3n, pautado para el 18  de noviembre\u00bb dijo. <\/p>\n<p>&#13;<\/p>\n<p align=\"justify\" class=\"text1noticias\">\u00abEn estos recorridos se  ha demostrado que el recibimiento dado al presidente evidencia lo que  dicen\u00a0 las encuestas, las que reflejan  que el doctor Leonel Fern\u00e1ndez cuenta con el apoyo suficiente para ganar en  primera vuelta. <\/p>\n<p>&#13;<\/p>\n<p align=\"justify\" class=\"text1noticias\">Reitera que la visita a los  barrios est\u00e1n creando verdaderos desbordamientos populares y entusiasmo en los  electores,\u00a0\u00a0 que con\u00a0 la madurez pol\u00edtica alcanzada le permiten  identificarse plenamente con el PLD y su candidato presidencial, el actual  Presidente de la Republica  , Doctor Leonel Fern\u00e1ndez. <\/p>\n<p>&#13;<\/p>\n<p align=\"justify\" class=\"text1noticias\">\u00abEl dominicano ha  avanzado mucho, desde el punto de vista pol\u00edtico y no se deja enga\u00f1ar ni  confundir; cuando aparece un candidato que quiere presentarse como opci\u00f3n  diferente, la gente sabe enmarcarlo y en el caso del candidato del PRD la gente  sabe perfectamente que es corresponsable del desastre econ\u00f3mico que estremeci\u00f3  al pa\u00eds del a\u00f1o 2000 al 2004. <\/p>\n<p>&#13;<\/p>\n<h6> 2007-10-21 22:46:45 <\/h6>\n<p><!--\n<link rel=\"stylesheet\" href=\"css\/bootstrap.min.css\">\n\n\n<ul class=\"pagination\">\n\t    \n\t\n\n<li >\n\t<a href='?page_no=34862'>Previous<\/a>\n\t<\/li>\n\n\n       \n    \n\n<li><a href='?page_no=1'>1<\/a><\/li>\n\n\n\n<li><a href='?page_no=2'>2<\/a><\/li>\n\n\n\n<li><a>...<\/a><\/li>\n\n\n\n<li><a href='?page_no=34861'>34861<\/a><\/li>\n\n\n\n<li><a href='?page_no=34862'>34862<\/a><\/li>\n\n\n\n<li class='active'><a>34863<\/a><\/li>\n\n\n\n<li><a href='?page_no=34864'>34864<\/a><\/li>\n\n\n\n<li><a href='?page_no=34865'>34865<\/a><\/li>\n\n\n\n<li><a>...<\/a><\/li>\n\n\n\n<li><a href='?page_no=36999'>36999<\/a><\/li>\n\n\n\n<li><a href='?page_no=37000'>37000<\/a><\/li>\n\n    \n\t\n\n<li >\n\t<a href='?page_no=34864'>Next<\/a>\n\t<\/li>\n\n\n    \n\n<li><a href='?page_no=37000'>Last &rsaquo;&rsaquo;<\/a><\/li>\n\n<\/ul>\n\n\n--><br \/>\n<\/body><\/p>\n","protected":false},"excerpt":{"rendered":"<p>PLD suspende entrega de afiches para ser colocados en veh\u00edculos &#13; Santo Domingo.- El Comit\u00e9 Nacional de Campa\u00f1a del Partido de la Liberaci\u00f3n orden\u00f3 la suspensi\u00f3n \u00a0de la entrega de afiches promoci\u00f3nales de su candidatura presidencial, para ser colocados en veh\u00edculos. &#13; Francisco Javier Garc\u00eda, coordinador General del Comit\u00e9\u00a0 Nacional de Campa\u00f1a, explic\u00f3 que esos\u00a0 [&hellip;]<\/p>\n","protected":false},"author":3,"featured_media":0,"comment_status":"open","ping_status":"open","sticky":false,"template":"","format":"standard","meta":{"footnotes":""},"categories":[22],"tags":[],"class_list":["post-192115","post","type-post","status-publish","format-standard","hentry","category-politica"],"_links":{"self":[{"href":"https:\/\/diariodominicano.com\/index.php?rest_route=\/wp\/v2\/posts\/192115","targetHints":{"allow":["GET"]}}],"collection":[{"href":"https:\/\/diariodominicano.com\/index.php?rest_route=\/wp\/v2\/posts"}],"about":[{"href":"https:\/\/diariodominicano.com\/index.php?rest_route=\/wp\/v2\/types\/post"}],"author":[{"embeddable":true,"href":"https:\/\/diariodominicano.com\/index.php?rest_route=\/wp\/v2\/users\/3"}],"replies":[{"embeddable":true,"href":"https:\/\/diariodominicano.com\/index.php?rest_route=%2Fwp%2Fv2%2Fcomments&post=192115"}],"version-history":[{"count":0,"href":"https:\/\/diariodominicano.com\/index.php?rest_route=\/wp\/v2\/posts\/192115\/revisions"}],"wp:attachment":[{"href":"https:\/\/diariodominicano.com\/index.php?rest_route=%2Fwp%2Fv2%2Fmedia&parent=192115"}],"wp:term":[{"taxonomy":"category","embeddable":true,"href":"https:\/\/diariodominicano.com\/index.php?rest_route=%2Fwp%2Fv2%2Fcategories&post=192115"},{"taxonomy":"post_tag","embeddable":true,"href":"https:\/\/diariodominicano.com\/index.php?rest_route=%2Fwp%2Fv2%2Ftags&post=192115"}],"curies":[{"name":"wp","href":"https:\/\/api.w.org\/{rel}","templated":true}]}}