{"id":192114,"date":"2007-10-21T22:50:20","date_gmt":"2007-10-21T22:50:20","guid":{"rendered":"http:\/\/diariodominicano.ddns.net\/?p=192114"},"modified":"2007-10-21T22:50:20","modified_gmt":"2007-10-21T22:50:20","slug":"pronostican-victoria-de-leonel","status":"publish","type":"post","link":"https:\/\/diariodominicano.com\/?p=192114","title":{"rendered":"Pronostican victoria de Leonel"},"content":{"rendered":"<p><body><\/p>\n<p class=\"titulogrande1\"><strong>Pronostican victoria de  Leonel<\/strong><\/p>\n<p>&#13;<\/p>\n<p align=\"justify\" class=\"text1noticias\"><strong>SANTO  DOMINGO.- Francisco Javier Garc\u00eda<\/strong>, Coordinador General del Comit\u00e9 Nacional de Campa\u00f1a del Partido  de la Liberaci\u00f3n   Dominicana, \u00a0al calificar de \u00abverdadero  desbordamiento popular \u00bb \u00a0 la visita realizada por el Presidente  Leonel Fern\u00e1ndez a los barrios de la parte Norte\u00a0 de la Capital, pronostic\u00f3 la victoria contundente\u00a0  del PLD y aliados \u00a0en las elecciones del a\u00f1o pr\u00f3ximo. <br \/>&#13;<br \/>\n  <br \/>&#13;<br \/>\n  La  valoraci\u00f3n del alto dirigente del PLD se produjo al final del recorrido del  Presidente Leonel Fern\u00e1ndez por barrios y sectores populares ubicados en la Circunscripciones   Electorales 3 y 2 del Distrito Nacional. <br \/>&#13;<br \/>\n  <br \/>&#13;<br \/>\n\u00abEste  apoyo que el Presidente Leonel Fern\u00e1ndez tiene en el pueblo dominicano y de  manera  particular en los sectores mas pobres de la Republica Dominicana,  \u00a0es lo que tiene desesperado a los hombres que hoy est\u00e1n dirigiendo  la campa\u00f1a del PRD\u00bb dijo Garc\u00eda en un aparte con los periodistas. <br \/>&#13;<br \/>\n<br \/>&#13;<br \/>\nComent\u00f3  \u00a0que ellos saben que en las elecciones del pr\u00f3ximo a\u00f1o les espera  \u00abuna verdadera derrota porque el pueblo votar\u00e1 masiva y entusiastamente a  favor del hoy presidente Leonel Fern\u00e1ndez\u00bb. <br \/>&#13;<br \/>\n<br \/>&#13;<br \/>\n\u00abEsta  manifestaci\u00f3n en estos barrios demuestra que los pobres del pa\u00eds \u00a0est\u00e1n  apoyando de manera militante al Presidente Leonel Fern\u00e1ndez\u00bb anot\u00f3 Garc\u00eda  seg\u00fan se destaca en un parte de Prensa de la Secretaria de  Comunicaciones del PLD. <br \/>&#13;<br \/>\n<br \/>&#13;<br \/>\nMientras  que Teotiste S\u00e1nchez, regidora y del Equipo de Campa\u00f1a del PLD, en la Circunscripci\u00f3n 3,  calific\u00f3 de extraordinario el respaldo dado por esos sectores populares al PLD  y su candidato. <br \/>&#13;<br \/>\n<br \/>&#13;<br \/>\n\u00abNo  organizamos una marcha ni mucho menos una caravana, fueron visitas puntuales, y  sin embargo, los moradores de estos sectores se tiraron a las calles a  respaldar al Presidente Leonel Fern\u00e1ndez\u00bb dijo S\u00e1nchez agradeciendo el  respaldo de los barrios en donde ostenta la presidencia del PLD. <br \/>&#13;<br \/>\n<br \/>&#13;<br \/>\nEl  presidente de la Rep\u00fablica  y candidato presidencial del Partido de la Liberaci\u00f3n Dominicana  y el Bloque Progresista, Doctor Leonel Fern\u00e1ndez, \u00a0recorri\u00f3 la tarde de  este viernes las calles de diferentes sectores de la Circunscripci\u00f3n Electoral  n\u00famero 3 en la continuaci\u00f3n de los \u00abencuentros Populares\u00bb que  organiz\u00f3 el Comit\u00e9 Nacional de campa\u00f1a como actividades previas al acto de  proclamaci\u00f3n de sus candidatura programada para el 18 de noviembre pr\u00f3ximo <br \/>&#13;<br \/>\n<br \/>&#13;<br \/>\nEn  un recorrido programado por el equipo de campa\u00f1a en la circunscripci\u00f3n,  \u00a0el Presidente visit\u00f3 los hogares de reconocidos peledeistas de la zona  con los departi\u00f3 y escuch\u00f3 sus sugerencias y peticiones. <br \/>&#13;<br \/>\n<br \/>&#13;<br \/>\nPasada  las cuatro de la tarde el Presidente lleg\u00f3 a la esquina de la avenida  \u00a0Francisco del Rosario S\u00e1nchez con Teniente Amado Garc\u00eda Guerrero en el  Sector la Fuente,  desde donde recorri\u00f3 por espacio de dos horas, barrios como Gualey, Los  Guandules, Sim\u00f3n Bolivar y otros  de esa circunscripci\u00f3n <br \/>&#13;<br \/>\n<br \/>&#13;<br \/>\nEn su recorrido hizo una parada en el \u00a0Barrio  \u00a0Guandules \u00a0en la \u00a0calle Respaldo San Lu\u00eds n\u00famero 25 en donde  reside Domingo Casilla, \u00a0Presidente de uno de los \u00a0Comit\u00e9s Intermedio  Pedro Francisco Bon\u00f3 de esa demarcaci\u00f3n con quien departi\u00f3 junto a sus  familiares <\/p>\n<p>&#13;<\/p>\n<p align=\"justify\" class=\"text1noticias\">Una segunda Visita la realiz\u00f3 en el Barrio  \u00a0\u00a0Sim\u00f3n Bol\u00edvar en la \u00a0Casa de Elia Jim\u00e9nez, presidenta del  Comit\u00e9 Intermedio Coronel Rafael Tomas \u00a0\u00a0Fern\u00e1ndez Dom\u00ednguez del  Partido de la   Liberaci\u00f3n Dominicana <\/p>\n<p>&#13;<\/p>\n<p align=\"justify\" class=\"text1noticias\">Por igual visit\u00f3 \u00a0en los Multifamiliares del  Sector \u00a0La Zurza  la \u00a0Casa de Luisa Garc\u00eda, reconocida \u00a0fundadora del PLD en esa  comunidad. <\/p>\n<p>&#13;<\/p>\n<p align=\"justify\" class=\"text1noticias\">Los dirigentes presentaron al Presidente Leonel  Fern\u00e1ndez algunas sugerencias y peticiones de la comunidad para encarar  situaciones pendientes de soluci\u00f3n; coincidieron en destacar la plena  identificaci\u00f3n con su candidatura y el esp\u00edritu unitario que los gu\u00eda en la  presente campa\u00f1a electoral a los militantes y dirigentes del PLD <\/p>\n<p>&#13;<\/p>\n<p align=\"justify\" class=\"text1noticias\">Acompa\u00f1aron al Presidente Leonel  Fern\u00e1ndez en su recorrido, Francisco Javier Garc\u00eda, coordinador del Comit\u00e9 de  Campa\u00f1a, El sindico Roberto Salcedo, La regidora Teostiste Sanchez, quien como  encargada Operativa de la campa\u00f1a en la Circunscripci\u00f3n  \u00a0traz\u00f3 la ruta recorrida por el Presidente la tarde de este viernes <br \/>&#13;<br \/>\n  <br \/>&#13;<br \/>\n  Tambi\u00e9n  al presidente Leonel Fern\u00e1ndez en su recorrido barrial F\u00e9lix Bautista, director  Operativo de la Campa\u00f1a  , Sim\u00f3n Lizardo, Freddy P\u00e9rez, Ram\u00f3n y Rafael Nu\u00f1ez del Comit\u00e9 Nacional de  Campa\u00f1a, diputados y regidores del Distrito Nacional <br \/>&#13;<br \/>\n  <br \/>&#13;<br \/>\n  Este  s\u00e1bado desde las once de la ma\u00f1ana, el Presidente Leonel Fern\u00e1ndez  \u00a0encabezar\u00e1 recorrer\u00e1 Haina, Nigua y San Crist\u00f3bal continuando los  contactos populares y el Domingo sostendr\u00e1 sendos encuentros en horas de la  ma\u00f1ana con el sector comercial organizado y en horas de tarde se trasladara a  Ban\u00ed en la   Provincia Peravia.\u00a0 <br \/>&#13;<br \/>\n  <br \/>&#13;<br \/>\n  El  pr\u00f3ximo domingo a las once de la ma\u00f1ana, \u00a0en el Hotel Dominican Fiesta, el  presidente del partido morado y candidato presidencial para las pr\u00f3ximas  elecciones del 2008, estar\u00e1 presente en un encuentro pol\u00edtico del Frente  Nacional de Comerciantes con Leonel. <br \/>&#13;<br \/>\n  <br \/>&#13;<br \/>\n  Ese  mismo d\u00eda a la una de la tarde, participar\u00e1 de un almuerzo con la Federaci\u00f3n Nacional  de Comerciantes con Leonel en el Hotel Lina.\u00a0Fern\u00e1ndez estar\u00e1 encabezando  tambi\u00e9n un recorrido pol\u00edtico a las tres de la tarde\u00a0en BANI. <\/p>\n<p>&#13;<\/p>\n<h6> 2007-10-21 22:50:20 <\/h6>\n<p><!--\n<link rel=\"stylesheet\" href=\"css\/bootstrap.min.css\">\n\n\n<ul class=\"pagination\">\n\t    \n\t\n\n<li >\n\t<a href='?page_no=34861'>Previous<\/a>\n\t<\/li>\n\n\n       \n    \n\n<li><a href='?page_no=1'>1<\/a><\/li>\n\n\n\n<li><a href='?page_no=2'>2<\/a><\/li>\n\n\n\n<li><a>...<\/a><\/li>\n\n\n\n<li><a href='?page_no=34860'>34860<\/a><\/li>\n\n\n\n<li><a href='?page_no=34861'>34861<\/a><\/li>\n\n\n\n<li class='active'><a>34862<\/a><\/li>\n\n\n\n<li><a href='?page_no=34863'>34863<\/a><\/li>\n\n\n\n<li><a href='?page_no=34864'>34864<\/a><\/li>\n\n\n\n<li><a>...<\/a><\/li>\n\n\n\n<li><a href='?page_no=36999'>36999<\/a><\/li>\n\n\n\n<li><a href='?page_no=37000'>37000<\/a><\/li>\n\n    \n\t\n\n<li >\n\t<a href='?page_no=34863'>Next<\/a>\n\t<\/li>\n\n\n    \n\n<li><a href='?page_no=37000'>Last &rsaquo;&rsaquo;<\/a><\/li>\n\n<\/ul>\n\n\n--><br \/>\n<\/body><\/p>\n","protected":false},"excerpt":{"rendered":"<p>Pronostican victoria de Leonel &#13; SANTO DOMINGO.- Francisco Javier Garc\u00eda, Coordinador General del Comit\u00e9 Nacional de Campa\u00f1a del Partido de la Liberaci\u00f3n Dominicana, \u00a0al calificar de \u00abverdadero desbordamiento popular \u00bb \u00a0 la visita realizada por el Presidente Leonel Fern\u00e1ndez a los barrios de la parte Norte\u00a0 de la Capital, pronostic\u00f3 la victoria contundente\u00a0 del PLD [&hellip;]<\/p>\n","protected":false},"author":3,"featured_media":0,"comment_status":"open","ping_status":"open","sticky":false,"template":"","format":"standard","meta":{"footnotes":""},"categories":[22],"tags":[],"class_list":["post-192114","post","type-post","status-publish","format-standard","hentry","category-politica"],"_links":{"self":[{"href":"https:\/\/diariodominicano.com\/index.php?rest_route=\/wp\/v2\/posts\/192114","targetHints":{"allow":["GET"]}}],"collection":[{"href":"https:\/\/diariodominicano.com\/index.php?rest_route=\/wp\/v2\/posts"}],"about":[{"href":"https:\/\/diariodominicano.com\/index.php?rest_route=\/wp\/v2\/types\/post"}],"author":[{"embeddable":true,"href":"https:\/\/diariodominicano.com\/index.php?rest_route=\/wp\/v2\/users\/3"}],"replies":[{"embeddable":true,"href":"https:\/\/diariodominicano.com\/index.php?rest_route=%2Fwp%2Fv2%2Fcomments&post=192114"}],"version-history":[{"count":0,"href":"https:\/\/diariodominicano.com\/index.php?rest_route=\/wp\/v2\/posts\/192114\/revisions"}],"wp:attachment":[{"href":"https:\/\/diariodominicano.com\/index.php?rest_route=%2Fwp%2Fv2%2Fmedia&parent=192114"}],"wp:term":[{"taxonomy":"category","embeddable":true,"href":"https:\/\/diariodominicano.com\/index.php?rest_route=%2Fwp%2Fv2%2Fcategories&post=192114"},{"taxonomy":"post_tag","embeddable":true,"href":"https:\/\/diariodominicano.com\/index.php?rest_route=%2Fwp%2Fv2%2Ftags&post=192114"}],"curies":[{"name":"wp","href":"https:\/\/api.w.org\/{rel}","templated":true}]}}