{"id":192113,"date":"2007-10-21T23:17:36","date_gmt":"2007-10-21T23:17:36","guid":{"rendered":"http:\/\/diariodominicano.ddns.net\/?p=192113"},"modified":"2007-10-21T23:17:36","modified_gmt":"2007-10-21T23:17:36","slug":"leonel-advierte-un-candidato-presidencial-debe-dominar-fundamentos-de-economia","status":"publish","type":"post","link":"https:\/\/diariodominicano.com\/?p=192113","title":{"rendered":"Leonel advierte un candidato presidencial debe dominar fundamentos de econom\u00eda"},"content":{"rendered":"<p><body><\/p>\n<p align=\"justify\" class=\"titulogrande1\">Leonel advierte un candidato  presidencial debe dominar fundamentos de econom\u00eda<\/p>\n<p>&#13;<\/p>\n<p align=\"justify\" class=\"text1noticias\"><strong><img loading=\"lazy\" decoding=\"async\" src=\"http:\/\/localhost:8080\/pictures\/leonel comerciantes.jpg\" width=\"269\" height=\"370\" hspace=\"4\" align=\"left\" \/>Santo Domingo.- <\/strong>El presidente Leonel Fern\u00e1ndez advirti\u00f3 que el pueblo  dominicano no puede inventar en las pr\u00f3ximas elecciones al momento de ejercer  el derecho al voto y escoger a un gobernante que no cuente con la inteligencia  y el conocimiento para enfrentar los grandes desaf\u00edos de una mundo globalizado  y una econom\u00eda en constantes cambios y con retos como la crisis que se avecina  por la cotizaci\u00f3n que est\u00e1 alcanzando en la actualidad el barril del petr\u00f3leo. <\/p>\n<p>&#13;<\/p>\n<p align=\"justify\" class=\"text1noticias\">Estim\u00f3  Fern\u00e1ndez que no todo el mundo puede dirigir un pa\u00eds con las caracter\u00edsticas  que tipifican a la Rep\u00fablica Dominicana,  con el agravante que no es una naci\u00f3n productora de petr\u00f3leo, por lo que no  puede improvisar con un gobernante que no sepa c\u00f3mo enfrentar con acierto  ciertas crisis en el plano local e internacional.<\/p>\n<p>&#13;<\/p>\n<p align=\"justify\" class=\"text1noticias\">Indic\u00f3  que la Rep\u00fablica   Dominicana no se escapa a lo que ocurre en todo el mundo,  refiri\u00e9ndose a c\u00f3mo el aumento del barril del petr\u00f3leo de 13 d\u00f3lares, en el 2000 ha alcanzado en la  actualidad precios exorbitantes de los 90 d\u00f3lares.<\/p>\n<p>&#13;<\/p>\n<p align=\"justify\" class=\"text1noticias\">A  su juicio el principal problema que enfrentan las naciones no productoras de  petr\u00f3leo lo constituye la tendencia alcista del barril del petr\u00f3leo. Se estima  que al finalizar este a\u00f1o o a principios del pr\u00f3ximo el barril se cotizar\u00e1 a  unos 100 d\u00f3lares.<\/p>\n<p>&#13;<\/p>\n<p align=\"justify\" class=\"text1noticias\">El  candidato presidencial pelede\u00edsta hizo la advertencia en el marco de la  celebraci\u00f3n del D\u00eda Nacional del Comercio, frente a una masiva asistencia de  comerciantes, convocadas por el Frente Nacional de Comerciantes con Leonel, que  dirige Gilberto Luna.<br \/>&#13;<br \/>\n  \u00a0<br \/>&#13;<br \/>\n  Revel\u00f3  que la actividad comercial ha registrado un incremento de un 35% en lo que va  de su gesti\u00f3n, como han informado importantes l\u00edderes del sector comercio  durante la actividad realizada en un hotel de la capital. <\/p>\n<p>&#13;<\/p>\n<p align=\"justify\" class=\"text1noticias\">Brome\u00f3  con los comerciantes, al precisar que luc\u00edan \u201chermosos, gordos y morados\u201d, lo  que arranc\u00f3 una lluvia de risas entre los presentes.<\/p>\n<p>&#13;<\/p>\n<p align=\"justify\" class=\"text1noticias\">Gilberto  Luna, presidente del Frente Nacional de Comerciantes con Leonel, expres\u00f3 que la Rep\u00fablica Dominicana  se siente dichosa con las ejecutorias de Fern\u00e1ndez en el crecimiento econ\u00f3mico,  a mantener estable la tasa del d\u00f3lar, lo que le ha permitido al comercio gozar  de las mejores tasas de inter\u00e9s en sus cr\u00e9ditos.<br \/>&#13;<br \/>\n  <br \/>&#13;<br \/>\n  En la actividad, fue  necesario habilitar \u00e1reas adicionales\u00a0  para poder albergar a los m\u00e1s de 2,500 representantes de entidades  comerciales como UNASE, FEDOPRO, FENACODEPRO, entre otras.<br \/>&#13;<br \/>\n  <br \/>&#13;<br \/>\n  Fern\u00e1ndez estuvo acompa\u00f1ado  de varios miembros de los comit\u00e9s Pol\u00edtico y Central de su partido: F\u00e9lix  Jim\u00e9nez (Felucho), Luis Manuel Bonetti, Melanio Paredes, Am\u00edlcar Romero. <br \/>&#13;<br \/>\n  <br \/>&#13;<br \/>\n  Adem\u00e1s  de distinguidas personalidades del comercio, entre ellos Gilberto Luna,  presidente del Frente Nacional de Comerciantes; Francis Mancebo, coordinador  nacional; Juan Rodr\u00edguez, de PROMIPYMES, entre otros.<\/p>\n<p>&#13;<\/p>\n<h6> 2007-10-21 23:17:36 <\/h6>\n<p><!--\n<link rel=\"stylesheet\" href=\"css\/bootstrap.min.css\">\n\n\n<ul class=\"pagination\">\n\t    \n\t\n\n<li >\n\t<a href='?page_no=34860'>Previous<\/a>\n\t<\/li>\n\n\n       \n    \n\n<li><a href='?page_no=1'>1<\/a><\/li>\n\n\n\n<li><a href='?page_no=2'>2<\/a><\/li>\n\n\n\n<li><a>...<\/a><\/li>\n\n\n\n<li><a href='?page_no=34859'>34859<\/a><\/li>\n\n\n\n<li><a href='?page_no=34860'>34860<\/a><\/li>\n\n\n\n<li class='active'><a>34861<\/a><\/li>\n\n\n\n<li><a href='?page_no=34862'>34862<\/a><\/li>\n\n\n\n<li><a href='?page_no=34863'>34863<\/a><\/li>\n\n\n\n<li><a>...<\/a><\/li>\n\n\n\n<li><a href='?page_no=36999'>36999<\/a><\/li>\n\n\n\n<li><a href='?page_no=37000'>37000<\/a><\/li>\n\n    \n\t\n\n<li >\n\t<a href='?page_no=34862'>Next<\/a>\n\t<\/li>\n\n\n    \n\n<li><a href='?page_no=37000'>Last &rsaquo;&rsaquo;<\/a><\/li>\n\n<\/ul>\n\n\n--><br \/>\n<\/body><\/p>\n","protected":false},"excerpt":{"rendered":"<p>Leonel advierte un candidato presidencial debe dominar fundamentos de econom\u00eda &#13; Santo Domingo.- El presidente Leonel Fern\u00e1ndez advirti\u00f3 que el pueblo dominicano no puede inventar en las pr\u00f3ximas elecciones al momento de ejercer el derecho al voto y escoger a un gobernante que no cuente con la inteligencia y el conocimiento para enfrentar los grandes [&hellip;]<\/p>\n","protected":false},"author":3,"featured_media":0,"comment_status":"open","ping_status":"open","sticky":false,"template":"","format":"standard","meta":{"footnotes":""},"categories":[22],"tags":[],"class_list":["post-192113","post","type-post","status-publish","format-standard","hentry","category-politica"],"_links":{"self":[{"href":"https:\/\/diariodominicano.com\/index.php?rest_route=\/wp\/v2\/posts\/192113","targetHints":{"allow":["GET"]}}],"collection":[{"href":"https:\/\/diariodominicano.com\/index.php?rest_route=\/wp\/v2\/posts"}],"about":[{"href":"https:\/\/diariodominicano.com\/index.php?rest_route=\/wp\/v2\/types\/post"}],"author":[{"embeddable":true,"href":"https:\/\/diariodominicano.com\/index.php?rest_route=\/wp\/v2\/users\/3"}],"replies":[{"embeddable":true,"href":"https:\/\/diariodominicano.com\/index.php?rest_route=%2Fwp%2Fv2%2Fcomments&post=192113"}],"version-history":[{"count":0,"href":"https:\/\/diariodominicano.com\/index.php?rest_route=\/wp\/v2\/posts\/192113\/revisions"}],"wp:attachment":[{"href":"https:\/\/diariodominicano.com\/index.php?rest_route=%2Fwp%2Fv2%2Fmedia&parent=192113"}],"wp:term":[{"taxonomy":"category","embeddable":true,"href":"https:\/\/diariodominicano.com\/index.php?rest_route=%2Fwp%2Fv2%2Fcategories&post=192113"},{"taxonomy":"post_tag","embeddable":true,"href":"https:\/\/diariodominicano.com\/index.php?rest_route=%2Fwp%2Fv2%2Ftags&post=192113"}],"curies":[{"name":"wp","href":"https:\/\/api.w.org\/{rel}","templated":true}]}}