{"id":192110,"date":"2007-10-21T23:46:24","date_gmt":"2007-10-21T23:46:24","guid":{"rendered":"http:\/\/diariodominicano.ddns.net\/?p=192110"},"modified":"2007-10-21T23:46:24","modified_gmt":"2007-10-21T23:46:24","slug":"canciller-espera-que-la-visita-de-relatores-onu-sirva-para-promover-la-solidaridad-internacional-con-haiti","status":"publish","type":"post","link":"https:\/\/diariodominicano.com\/?p=192110","title":{"rendered":"Canciller espera que la visita de relatores ONU sirva para promover la solidaridad internacional con Hait\u00ed"},"content":{"rendered":"<p><body><\/p>\n<p align=\"justify\" class=\"titulogrande1\">Canciller espera que la visita de relatores ONU sirva para promover la  solidaridad internacional con Hait\u00ed<\/p>\n<p>&#13;<\/p>\n<p align=\"justify\" class=\"text1noticias\"><strong><img loading=\"lazy\" decoding=\"async\" src=\"http:\/\/localhost:8080\/pictures\/morales troncoso pic.jpg\" width=\"269\" height=\"313\" hspace=\"4\" align=\"left\" \/>SANTO DOMINGO.-<\/strong> El secretario  de Estado de Relaciones Exteriores, \u00a0Carolos Morales Troncoso, afirm\u00f3 que al pa\u00eds  no le preocupa la visita que en los pr\u00f3ximos d\u00edas realizar\u00e1n dos relatores especiales de la Organizaci\u00f3n de las  Naciones Unidas (ONU) sobre racismo y derechos de las minor\u00edas a la Rep\u00fablica Dominicana.  Por el contrario, estim\u00f3 que \u00e9ste es un pa\u00eds democr\u00e1tico, y que sus actos son  transparentes y abiertos al escrutinio de todo el mundo, siempre y cuando se respete su  soberan\u00eda.<\/p>\n<p>&#13;<\/p>\n<p align=\"justify\" class=\"text1noticias\">La Oficina del Alto Comisionado de la ONU para Derechos Humanos  anunci\u00f3 el viernes la visita del relator especial para la lucha contra el  racismo, la xenofobia y la intolerancia, Doudou Di\u00e9ne, y del encargado de las  cuestiones de minor\u00edas, Gay McDougall. Seg\u00fan el comunicado difundido desde  Ginebra, los especialistas \u201cintentar\u00e1n obtener informaci\u00f3n de primera mano  sobre problemas de discriminaci\u00f3n racial, xenofobia e intolerancia\u201d. <br \/>&#13;<br \/>\n  <br \/>&#13;<br \/>\n\u201cLo que estos se\u00f1ores van a  encontrar en este pa\u00eds es que efectivamente el pueblo dominicano est\u00e1 compuesto  en un 90% por mulatos y negros, y que aqu\u00ed no se persigue ni se discrimina  haitianos ni negros, como irresponsablemente han querido divulgar los art\u00edfices  de una campa\u00f1a difamatoria contra Rep\u00fablica Dominicana\u201d.<br \/>&#13;<br \/>\n<br \/>&#13;<br \/>\nMorales Troncoso enfatiz\u00f3 que  los pueblos haitiano y dominicano han logrado una convivencia ejemplar, \u201ca  pesar de los contextos geogr\u00e1ficos, culturales y demogr\u00e1ficos que nos  diferencian, as\u00ed como de las tensiones hist\u00f3ricas que nos han marcado\u00bb. <br \/>&#13;<br \/>\n<br \/>&#13;<br \/>\nAsegur\u00f3 que los expertos  encontrar\u00e1n que la pobreza en este pa\u00eds no tiene color ni nacionalidad y que  este lado de la isla m\u00e1s bien ha sido receptor de la gran cantidad de haitianos  que huyen de la miseria de su pa\u00eds, ofreci\u00e9ndole oportunidades de empleo en \u00e1reas  de la econom\u00eda como la construcci\u00f3n, agricultura y algunos servicios.<br \/>&#13;<br \/>\n<br \/>&#13;<br \/>\nEl Ministro record\u00f3 los  diferentes escenarios internacionales donde la Rep\u00fablica Dominicana  ha impulsado la causa del pa\u00eds vecino, tales como la Comisi\u00f3n Europea,  el Sistema de Integraci\u00f3n Centroamericana, el Grupo de R\u00edo y otros pa\u00edses  visitados por altos funcionarios dominicanos. Adem\u00e1s de la reactivaci\u00f3n de la Comisi\u00f3n Mixta  Bilateral, el pa\u00eds ha dado su apoyo a m\u00faltiples iniciativas para el desarrollo  de Hait\u00ed, como la Ley HOPE  \u2013 que establece acceso preferencial al mercado de Estados Unidos y que ser\u00e1  aprovechado con asistencia dominicana &#8211; y la posibilidad de integrar a Hait\u00ed en  el desarrollo del mercado de biocombustibles.<\/p>\n<p>&#13;<\/p>\n<p align=\"justify\" class=\"text1noticias\">Como ejemplo de los resultados  que han producido ese esfuerzo, Morales Troncoso cit\u00f3 la donaci\u00f3n adicional a  favor de Hait\u00ed, de 233 millones de euros, anunciada por la comisaria europea Benita Ferrero-Waldner  al t\u00e9rmino de la XIII  reuni\u00f3n ministerial del Grupo de R\u00edo-UE, en Santo Domingo. Asimismo, destac\u00f3  los aportes que hace Rep\u00fablica Dominicana al presupuesto de Salud P\u00fablica de la  comunidad haitiana, recientemente constatado por los jerarcas de la Iglesia Cat\u00f3lica.<br \/>&#13;<br \/>\n  <br \/>&#13;<br \/>\n\u201cUna investigaci\u00f3n seria, como  creemos que ser\u00e1, necesariamente tendr\u00e1 que sacar a la luz el alto nivel de  compromiso y la solidaridad con que Rep\u00fablica Dominicana se ha abanderado a  favor del desarrollo del pa\u00eds m\u00e1s pobre del hemisferio occidental. Esperamos  que su informe sea un aporte y que fortalezca todos los esfuerzos que hemos  realizado para llamar la atenci\u00f3n sobre esta problem\u00e1tica ante la comunidad internacional\u201d.<\/p>\n<p>&#13;<\/p>\n<h6> 2007-10-21 23:46:24 <\/h6>\n<p><!--\n<link rel=\"stylesheet\" href=\"css\/bootstrap.min.css\">\n\n\n<ul class=\"pagination\">\n\t    \n\t\n\n<li >\n\t<a href='?page_no=34857'>Previous<\/a>\n\t<\/li>\n\n\n       \n    \n\n<li><a href='?page_no=1'>1<\/a><\/li>\n\n\n\n<li><a href='?page_no=2'>2<\/a><\/li>\n\n\n\n<li><a>...<\/a><\/li>\n\n\n\n<li><a href='?page_no=34856'>34856<\/a><\/li>\n\n\n\n<li><a href='?page_no=34857'>34857<\/a><\/li>\n\n\n\n<li class='active'><a>34858<\/a><\/li>\n\n\n\n<li><a href='?page_no=34859'>34859<\/a><\/li>\n\n\n\n<li><a href='?page_no=34860'>34860<\/a><\/li>\n\n\n\n<li><a>...<\/a><\/li>\n\n\n\n<li><a href='?page_no=36999'>36999<\/a><\/li>\n\n\n\n<li><a href='?page_no=37000'>37000<\/a><\/li>\n\n    \n\t\n\n<li >\n\t<a href='?page_no=34859'>Next<\/a>\n\t<\/li>\n\n\n    \n\n<li><a href='?page_no=37000'>Last &rsaquo;&rsaquo;<\/a><\/li>\n\n<\/ul>\n\n\n--><br \/>\n<\/body><\/p>\n","protected":false},"excerpt":{"rendered":"<p>Canciller espera que la visita de relatores ONU sirva para promover la solidaridad internacional con Hait\u00ed &#13; SANTO DOMINGO.- El secretario de Estado de Relaciones Exteriores, \u00a0Carolos Morales Troncoso, afirm\u00f3 que al pa\u00eds no le preocupa la visita que en los pr\u00f3ximos d\u00edas realizar\u00e1n dos relatores especiales de la Organizaci\u00f3n de las Naciones Unidas (ONU) [&hellip;]<\/p>\n","protected":false},"author":3,"featured_media":0,"comment_status":"open","ping_status":"open","sticky":false,"template":"","format":"standard","meta":{"footnotes":""},"categories":[22],"tags":[],"class_list":["post-192110","post","type-post","status-publish","format-standard","hentry","category-politica"],"_links":{"self":[{"href":"https:\/\/diariodominicano.com\/index.php?rest_route=\/wp\/v2\/posts\/192110","targetHints":{"allow":["GET"]}}],"collection":[{"href":"https:\/\/diariodominicano.com\/index.php?rest_route=\/wp\/v2\/posts"}],"about":[{"href":"https:\/\/diariodominicano.com\/index.php?rest_route=\/wp\/v2\/types\/post"}],"author":[{"embeddable":true,"href":"https:\/\/diariodominicano.com\/index.php?rest_route=\/wp\/v2\/users\/3"}],"replies":[{"embeddable":true,"href":"https:\/\/diariodominicano.com\/index.php?rest_route=%2Fwp%2Fv2%2Fcomments&post=192110"}],"version-history":[{"count":0,"href":"https:\/\/diariodominicano.com\/index.php?rest_route=\/wp\/v2\/posts\/192110\/revisions"}],"wp:attachment":[{"href":"https:\/\/diariodominicano.com\/index.php?rest_route=%2Fwp%2Fv2%2Fmedia&parent=192110"}],"wp:term":[{"taxonomy":"category","embeddable":true,"href":"https:\/\/diariodominicano.com\/index.php?rest_route=%2Fwp%2Fv2%2Fcategories&post=192110"},{"taxonomy":"post_tag","embeddable":true,"href":"https:\/\/diariodominicano.com\/index.php?rest_route=%2Fwp%2Fv2%2Ftags&post=192110"}],"curies":[{"name":"wp","href":"https:\/\/api.w.org\/{rel}","templated":true}]}}