{"id":192109,"date":"2007-10-22T13:17:02","date_gmt":"2007-10-22T13:17:02","guid":{"rendered":"http:\/\/diariodominicano.ddns.net\/?p=192109"},"modified":"2007-10-22T13:17:02","modified_gmt":"2007-10-22T13:17:02","slug":"leonel-no-todo-el-que-quiere-ser-presidente-puede-ser-presidente","status":"publish","type":"post","link":"https:\/\/diariodominicano.com\/?p=192109","title":{"rendered":"Leonel: \u00abNo todo el que quiere ser presidente, puede ser presidente\u00bb"},"content":{"rendered":"<p><body><\/p>\n<p align=\"justify\" class=\"titulogrande1\">Leonel: \u00abNo  todo el que quiere ser presidente, puede ser presidente\u00bb<\/p>\n<p>&#13;<\/p>\n<p align=\"justify\" class=\"text1noticias\">Exhort\u00f3 a quienes aspiran a ejercer liderazgo en la vida p\u00fablica  dominicana se interesen en comprender el fen\u00f3meno de la interdependencia  internacional, como forma de anticipar los impactos negativos de los cambios  globales y adoptar las medidas correspondientes. <\/p>\n<p>&#13;<\/p>\n<p align=\"justify\" class=\"text1noticias\"><strong><img loading=\"lazy\" decoding=\"async\" src=\"http:\/\/localhost:8080\/pictures\/leonel conferencia.jpg\" width=\"269\" height=\"1068\" hspace=\"4\" align=\"left\" \/>SANTO DOMINGO.-<\/strong> \u00abNo todo el que quiere ser presidente, puede  ser presidente\u00bb, proclam\u00f3 el candidato presidencial del Partido de la Liberaci\u00f3n Dominicana  (PLD) y presidente de la   Rep\u00fablica, Leonel  Fern\u00e1ndez, al considerar \u00a0que quien NO  comprenda la interrelaci\u00f3n de los fen\u00f3menos mundiales es incapaz de gobernar en  un pa\u00eds como el nuestro. <\/p>\n<p>&#13;<\/p>\n<p align=\"justify\" class=\"text1noticias\">La aseveraci\u00f3n de Fern\u00e1ndez se produjo a prop\u00f3sito de considerar  que la mayor amenaza para la econom\u00eda dom\u00e9stica y mundial es la fluctuaci\u00f3n  alcista del precio internacional del petr\u00f3leo. <\/p>\n<p>&#13;<\/p>\n<p align=\"justify\" class=\"text1noticias\">Llam\u00f3 la atenci\u00f3n de que la alta cotizaci\u00f3n del petr\u00f3leo reduce el  potencial de crecimiento econ\u00f3mico de los pa\u00edses no productores de ese  carburante f\u00f3sil. <\/p>\n<p>&#13;<\/p>\n<p align=\"justify\" class=\"text1noticias\">Exhort\u00f3 a quienes aspiran a ejercer liderazgo en la vida p\u00fablica  dominicana se interesen en comprender el fen\u00f3meno de la interdependencia  internacional, como forma de anticipar los impactos negativos de los cambios  globales y adoptar las medidas correspondientes. <\/p>\n<p>&#13;<\/p>\n<p align=\"justify\" class=\"text1noticias\">\u00abRecuerdo que durante el primer per\u00edodo de gobierno nuestro,  hubo un momento en que el precio del petr\u00f3leo se cotizaba a trece d\u00f3lares el  barril\u00bb, dijo el candidato pelede\u00edsta y jefe del Estado para se\u00f1alar que  al finalizar la presente semana la tarifa petrolera se coloc\u00f3 en los 90  d\u00f3lares. <\/p>\n<p>&#13;<\/p>\n<p align=\"justify\" class=\"text1noticias\">Coment\u00f3 que los expertos explican la ausencia de un colapso de la  econom\u00eda mundial en el hecho de que la tasa cambiaria del d\u00f3lar se ha mantenido  baja, especialmente frente a la moneda europea. <\/p>\n<p>&#13;<\/p>\n<p align=\"justify\" class=\"text1noticias\">\u00abY eso es lo que ha permitido hasta ahora que no se haya  generado una situaci\u00f3n de colapso financiero mundial por las altas cotizaciones  que est\u00e1 teniendo el petr\u00f3leo\u00bb, precis\u00f3 Fern\u00e1ndez citado por la Secretar\u00eda de  Comunicaciones del PLD que rese\u00f1\u00f3 la actividad de apoyo a su candidatura que le  tribut\u00f3 el Frente Nacional de Comerciantes coincidiendo con el d\u00eda dedicado a  ese sector econ\u00f3mico.<\/p>\n<p>&#13;<\/p>\n<p align=\"justify\" class=\"text1noticias\">Dijo que como naci\u00f3n debemos ser conscientes del fen\u00f3meno mundial  de la interdependencia donde lo que ocurra en el mundo \u00abnos afecta a  nosotros para bien o para mal\u00bb, se\u00f1alando elementos como las turbulencias  de impacto geopol\u00edtico y el factor especulativo del mercado financiero, adem\u00e1s  de la creciente demanda de combustibles en China e India. <\/p>\n<p>&#13;<\/p>\n<p align=\"justify\" class=\"text1noticias\">En su discurso ante los miembros de la Federaci\u00f3n Nacional  de Comerciantes, humor\u00edsticamente expres\u00f3 que al ver el desbordamiento de la  convocatoria pens\u00f3 en la naturaleza de los presentes, porque si fuera una  federaci\u00f3n de partidos su candidatura estar\u00eda seriamente amenazada; sugiriendo  adem\u00e1s que el progreso experimentado por el sector comercial en el actual  gobierno ha hecho que los propietarios est\u00e9n \u00abgordos y morados\u00bb. <\/p>\n<p>&#13;<\/p>\n<p align=\"justify\" class=\"text1noticias\">\u00abPor la cantidad de gente que veo aqu\u00ed hoy habr\u00eda que  llamarle la primera v\u00eda\u00bb, agreg\u00f3 Fern\u00e1ndez. Dijo que le reconfort\u00f3  escuchar los testimonios de bonanza externados por los dirigentes de la Federaci\u00f3n Nacional  de Comerciantes.<\/p>\n<p>&#13;<\/p>\n<p align=\"justify\" class=\"text1noticias\">\u00abSi fuese yo el que estuviese hablando del impacto que ha  tenido la estabilidad econ\u00f3mica en los \u00faltimos tres a\u00f1os, alguien podr\u00eda  descalificar lo que se diga porque podr\u00eda considerar que soy un actor  interesado\u00bb, coment\u00f3 el presidente Fern\u00e1ndez. <\/p>\n<p>&#13;<\/p>\n<p align=\"justify\" class=\"text1noticias\">Resumi\u00f3 que el bienestar que proclaman los sectores comerciales  del pa\u00eds es fruto del control inflacionario, la estabilidad del peso, la  reducci\u00f3n de la tasa de inter\u00e9s y el acceso al cr\u00e9dito; todo ello en un clima  de recuperaci\u00f3n de la confianza y la sostenibilidad del crecimiento. <\/p>\n<p>&#13;<\/p>\n<p align=\"justify\" class=\"text1noticias\">Acogiendo las palabras del presidente de la Federaci\u00f3n Nacional  de Comerciantes, Gilberto Luna, el candidato presidencial del PLD destac\u00f3 que  ese sector ha incrementado sus actividades en un 35 por ciento en lo que va de  gobierno.<\/p>\n<p>&#13;<\/p>\n<p align=\"justify\" class=\"text1noticias\">Refiriendo la propuesta de campa\u00f1a de 2004 con la que retorn\u00f3 a la  presidencia de la Rep\u00fablica,  Leonel Fern\u00e1ndez manifest\u00f3 que el reto planteado en ese momento fue superar la  situaci\u00f3n de crisis econ\u00f3mica y financiera que hab\u00eda vivido el pa\u00eds en el  cuatrienio anterior.<\/p>\n<p>&#13;<\/p>\n<p align=\"justify\" class=\"text1noticias\">\u00abYo pienso que eso lo hemos logrado.\u00a0\u00a0 El objetivo fundamental para el cual fuimos electos  se ha logrado: la crisis econ\u00f3mica y financiera se ha venido superando, incluso  con mayor celeridad de lo que se hab\u00eda cre\u00eddo en los momentos iniciales de  asumir el mandato\u00bb, concluy\u00f3 Fern\u00e1ndez. <br \/>&#13;<br \/>\n  <br \/>&#13;<br \/>\nPrevio al discurso del presidente \u00a0Fern\u00e1ndez; Gilberto Luna, presidente de la Federaci\u00f3n Nacional  de Comerciantes, inform\u00f3 que ese sector hab\u00eda incrementado sus actividades en  un 35 por ciento durante los m\u00e1s de tres a\u00f1os del gobierno pelede\u00edsta.<\/p>\n<p>&#13;<\/p>\n<p align=\"justify\" class=\"text1noticias\">Giovanni Leiva, presidente del Frente Nacional de Detallistas de  Provisiones, felicit\u00f3 al presidente Fern\u00e1ndez por encaminar la econom\u00eda  dominicana por senderos de progreso y desarrollo, al tiempo de calificar al  sector detallista como \u00abel o\u00eddo del pueblo\u00bb. <\/p>\n<p>&#13;<\/p>\n<p align=\"justify\" class=\"text1noticias\">Por su parte, Ferm\u00edn Troncoso, presidente del Frente Nacional de  Detallistas y Provisiones de Santo Domingo, agradeci\u00f3 la estabilidad propiciada  por las presentes autoridades, considerando que sus establecimientos marchan de  manera promisoria\u00a0 y sin sobresaltos.<\/p>\n<p>&#13;<\/p>\n<h6> 2007-10-22 13:17:02 <\/h6>\n<p><!--\n<link rel=\"stylesheet\" href=\"css\/bootstrap.min.css\">\n\n\n<ul class=\"pagination\">\n\t    \n\t\n\n<li >\n\t<a href='?page_no=34856'>Previous<\/a>\n\t<\/li>\n\n\n       \n    \n\n<li><a href='?page_no=1'>1<\/a><\/li>\n\n\n\n<li><a href='?page_no=2'>2<\/a><\/li>\n\n\n\n<li><a>...<\/a><\/li>\n\n\n\n<li><a href='?page_no=34855'>34855<\/a><\/li>\n\n\n\n<li><a href='?page_no=34856'>34856<\/a><\/li>\n\n\n\n<li class='active'><a>34857<\/a><\/li>\n\n\n\n<li><a href='?page_no=34858'>34858<\/a><\/li>\n\n\n\n<li><a href='?page_no=34859'>34859<\/a><\/li>\n\n\n\n<li><a>...<\/a><\/li>\n\n\n\n<li><a href='?page_no=36999'>36999<\/a><\/li>\n\n\n\n<li><a href='?page_no=37000'>37000<\/a><\/li>\n\n    \n\t\n\n<li >\n\t<a href='?page_no=34858'>Next<\/a>\n\t<\/li>\n\n\n    \n\n<li><a href='?page_no=37000'>Last &rsaquo;&rsaquo;<\/a><\/li>\n\n<\/ul>\n\n\n--><br \/>\n<\/body><\/p>\n","protected":false},"excerpt":{"rendered":"<p>Leonel: \u00abNo todo el que quiere ser presidente, puede ser presidente\u00bb &#13; Exhort\u00f3 a quienes aspiran a ejercer liderazgo en la vida p\u00fablica dominicana se interesen en comprender el fen\u00f3meno de la interdependencia internacional, como forma de anticipar los impactos negativos de los cambios globales y adoptar las medidas correspondientes. &#13; SANTO DOMINGO.- \u00abNo todo [&hellip;]<\/p>\n","protected":false},"author":3,"featured_media":0,"comment_status":"open","ping_status":"open","sticky":false,"template":"","format":"standard","meta":{"footnotes":""},"categories":[22],"tags":[],"class_list":["post-192109","post","type-post","status-publish","format-standard","hentry","category-politica"],"_links":{"self":[{"href":"https:\/\/diariodominicano.com\/index.php?rest_route=\/wp\/v2\/posts\/192109","targetHints":{"allow":["GET"]}}],"collection":[{"href":"https:\/\/diariodominicano.com\/index.php?rest_route=\/wp\/v2\/posts"}],"about":[{"href":"https:\/\/diariodominicano.com\/index.php?rest_route=\/wp\/v2\/types\/post"}],"author":[{"embeddable":true,"href":"https:\/\/diariodominicano.com\/index.php?rest_route=\/wp\/v2\/users\/3"}],"replies":[{"embeddable":true,"href":"https:\/\/diariodominicano.com\/index.php?rest_route=%2Fwp%2Fv2%2Fcomments&post=192109"}],"version-history":[{"count":0,"href":"https:\/\/diariodominicano.com\/index.php?rest_route=\/wp\/v2\/posts\/192109\/revisions"}],"wp:attachment":[{"href":"https:\/\/diariodominicano.com\/index.php?rest_route=%2Fwp%2Fv2%2Fmedia&parent=192109"}],"wp:term":[{"taxonomy":"category","embeddable":true,"href":"https:\/\/diariodominicano.com\/index.php?rest_route=%2Fwp%2Fv2%2Fcategories&post=192109"},{"taxonomy":"post_tag","embeddable":true,"href":"https:\/\/diariodominicano.com\/index.php?rest_route=%2Fwp%2Fv2%2Ftags&post=192109"}],"curies":[{"name":"wp","href":"https:\/\/api.w.org\/{rel}","templated":true}]}}