{"id":192108,"date":"2007-10-22T13:37:15","date_gmt":"2007-10-22T13:37:15","guid":{"rendered":"http:\/\/diariodominicano.ddns.net\/?p=192108"},"modified":"2007-10-22T13:37:15","modified_gmt":"2007-10-22T13:37:15","slug":"el-gobierno-ampliara-cobertura-de-la-tarjeta-solidaridad","status":"publish","type":"post","link":"https:\/\/diariodominicano.com\/?p=192108","title":{"rendered":"El Gobierno ampliar\u00e1 cobertura de la tarjeta solidaridad"},"content":{"rendered":"<p><body><\/p>\n<p class=\"titulogrande1\">El Gobierno ampliar\u00e1 cobertura de la  tarjeta solidaridad<\/p>\n<p>&#13;<\/p>\n<p align=\"justify\" class=\"text1noticias\"><strong><img loading=\"lazy\" decoding=\"async\" src=\"http:\/\/localhost:8080\/pictures\/conferencia.jpg\" width=\"269\" height=\"424\" hspace=\"4\" align=\"left\" \/>SANTO DOMINGO.-<\/strong> El presidente \u00a0Leonel Fern\u00e1ndez, adelant\u00f3 el domingo que para  el pr\u00f3ximo a\u00f1o el Gobierno tiene previsto incrementar de 250 a 400 mil el n\u00famero de  familias dominicanas que se beneficiar\u00e1n con el programa Tarjeta Solidaridad. <br \/>&#13;<br \/>\n  <br \/>&#13;<br \/>\n  Tras hablar en el acto de celebraci\u00f3n del  D\u00eda Nacional del Detallista, el jefe de Estado precis\u00f3, igualmente, que en el  Presupuesto del a\u00f1o entrante se proponen aumentar de 550 a 700 pesos mensuales el  monto del dinero que reciben las personas m\u00e1s pobres como un gesto de  solidaridad de las autoridades gubernamentales. <br \/>&#13;<br \/>\n  <br \/>&#13;<br \/>\n  Indic\u00f3 \u00a0que con el aumento del monto de la partida que  mensualmente reciben las familias pobres tambi\u00e9n se beneficiar\u00e1n los distintos  colmados que en toda la geograf\u00eda participan en el programa Tarjeta  Solidaridad, ya que dichos comercios tender\u00e1n a activarse m\u00e1s. <br \/>&#13;<br \/>\n  <br \/>&#13;<br \/>\n  Asimismo, reiter\u00f3 que el objetivo  fundamental para lo cual fue electo el 16 de mayo del 2004 lo ha superado con  asombrosa celeridad, que fue enfrentar con determinaci\u00f3n la gran crisis  econ\u00f3mica y financiera que se present\u00f3 en el pa\u00eds en el cuatrienio pasado. <br \/>&#13;<br \/>\n  <br \/>&#13;<br \/>\n  En ese sentido, expuso que en los tres  a\u00f1os de la actual gesti\u00f3n el crecimiento econ\u00f3mico ha sido de un 27 por ciento,  lo que se refleja en el mejoramiento y crecimiento en un 35 por ciento de las  ventas de los comercios detallistas y de los supermercados de todo el pa\u00eds. <br \/>&#13;<br \/>\n  <br \/>&#13;<br \/>\n  El presidente Leonel Fern\u00e1ndez destac\u00f3,  adem\u00e1s, el control de la inflaci\u00f3n, el impacto de la estabilidad de la moneda  dominicana, la reducci\u00f3n de la tasa de inter\u00e9s y el acceso al cr\u00e9dito, lo que  ha permitido la recuperaci\u00f3n de la confianza en la econom\u00eda dominicana. <br \/>&#13;<br \/>\n  <br \/>&#13;<br \/>\n  El presidente Fern\u00e1ndez dijo sentirse  confiado en el porvenir y el futuro de la Rep\u00fablica Dominicana,  a pesar de reiterar que el precio del barril del petr\u00f3leo alcanz\u00f3 la pasada  semana los 90 d\u00f3lares, lo que representa una verdadera amenaza para la  estabilidad macroecon\u00f3mica alcanzada en los \u00faltimos tres a\u00f1os. <br \/>&#13;<br \/>\n  <br \/>&#13;<br \/>\n  <strong>Detallistas<\/strong> <br \/>&#13;<br \/>\n  <br \/>&#13;<br \/>\n  En la actividad celebrada en el hotel Lina,  hablaron dirigentes de las asociaciones y federaciones del pa\u00eds, quienes  agradecieron al presidente Fern\u00e1ndez las acciones implementadas para mantener  la estabilidad econ\u00f3mica, logrando una mejor ganancia para ese importante sector  de la econom\u00eda dominicana. <br \/>&#13;<br \/>\n  <br \/>&#13;<br \/>\n  Gilberto Luna, presidente del Frente  Nacional de Comerciantes indic\u00f3 que la baja tasa de inter\u00e9s, la estable  cotizaci\u00f3n del d\u00f3lar entre otras acciones, permiten que los precios de los  productos de la canasta b\u00e1sica se reduzcan en m\u00e1s de un 30 por ciento. <br \/>&#13;<br \/>\n  <br \/>&#13;<br \/>\n  \u00abAntes \u00e9ramos llamados la casa del  terror, hoy tenemos tantas opciones y variedades de productos que es un relax  ir al supermercado, donde nuestro cereal principal, el arroz, tiene m\u00e1s de ocho  tipo diferentes\u00bb, dijo la presidenta de la Asociaci\u00f3n de  Supermercados, Estela Acosta. <br \/>&#13;<br \/>\n  <br \/>&#13;<br \/>\n  Los dirigentes de las federaciones y  asociaciones de detallistas coincidieron en destacar la tranquilidad y el  sosiego que viven en estos a\u00f1os los comerciantes del pa\u00eds, gracias a la  estabilidad econ\u00f3mica que propicia el Gobierno del presidente Leonel Fern\u00e1ndez. <\/p>\n<p>&#13;<\/p>\n<h6> 2007-10-22 13:37:15 <\/h6>\n<p><!--\n<link rel=\"stylesheet\" href=\"css\/bootstrap.min.css\">\n\n\n<ul class=\"pagination\">\n\t    \n\t\n\n<li >\n\t<a href='?page_no=34855'>Previous<\/a>\n\t<\/li>\n\n\n       \n    \n\n<li><a href='?page_no=1'>1<\/a><\/li>\n\n\n\n<li><a href='?page_no=2'>2<\/a><\/li>\n\n\n\n<li><a>...<\/a><\/li>\n\n\n\n<li><a href='?page_no=34854'>34854<\/a><\/li>\n\n\n\n<li><a href='?page_no=34855'>34855<\/a><\/li>\n\n\n\n<li class='active'><a>34856<\/a><\/li>\n\n\n\n<li><a href='?page_no=34857'>34857<\/a><\/li>\n\n\n\n<li><a href='?page_no=34858'>34858<\/a><\/li>\n\n\n\n<li><a>...<\/a><\/li>\n\n\n\n<li><a href='?page_no=36999'>36999<\/a><\/li>\n\n\n\n<li><a href='?page_no=37000'>37000<\/a><\/li>\n\n    \n\t\n\n<li >\n\t<a href='?page_no=34857'>Next<\/a>\n\t<\/li>\n\n\n    \n\n<li><a href='?page_no=37000'>Last &rsaquo;&rsaquo;<\/a><\/li>\n\n<\/ul>\n\n\n--><br \/>\n<\/body><\/p>\n","protected":false},"excerpt":{"rendered":"<p>El Gobierno ampliar\u00e1 cobertura de la tarjeta solidaridad &#13; SANTO DOMINGO.- El presidente \u00a0Leonel Fern\u00e1ndez, adelant\u00f3 el domingo que para el pr\u00f3ximo a\u00f1o el Gobierno tiene previsto incrementar de 250 a 400 mil el n\u00famero de familias dominicanas que se beneficiar\u00e1n con el programa Tarjeta Solidaridad. &#13; &#13; Tras hablar en el acto de celebraci\u00f3n [&hellip;]<\/p>\n","protected":false},"author":3,"featured_media":0,"comment_status":"open","ping_status":"open","sticky":false,"template":"","format":"standard","meta":{"footnotes":""},"categories":[22],"tags":[],"class_list":["post-192108","post","type-post","status-publish","format-standard","hentry","category-politica"],"_links":{"self":[{"href":"https:\/\/diariodominicano.com\/index.php?rest_route=\/wp\/v2\/posts\/192108","targetHints":{"allow":["GET"]}}],"collection":[{"href":"https:\/\/diariodominicano.com\/index.php?rest_route=\/wp\/v2\/posts"}],"about":[{"href":"https:\/\/diariodominicano.com\/index.php?rest_route=\/wp\/v2\/types\/post"}],"author":[{"embeddable":true,"href":"https:\/\/diariodominicano.com\/index.php?rest_route=\/wp\/v2\/users\/3"}],"replies":[{"embeddable":true,"href":"https:\/\/diariodominicano.com\/index.php?rest_route=%2Fwp%2Fv2%2Fcomments&post=192108"}],"version-history":[{"count":0,"href":"https:\/\/diariodominicano.com\/index.php?rest_route=\/wp\/v2\/posts\/192108\/revisions"}],"wp:attachment":[{"href":"https:\/\/diariodominicano.com\/index.php?rest_route=%2Fwp%2Fv2%2Fmedia&parent=192108"}],"wp:term":[{"taxonomy":"category","embeddable":true,"href":"https:\/\/diariodominicano.com\/index.php?rest_route=%2Fwp%2Fv2%2Fcategories&post=192108"},{"taxonomy":"post_tag","embeddable":true,"href":"https:\/\/diariodominicano.com\/index.php?rest_route=%2Fwp%2Fv2%2Ftags&post=192108"}],"curies":[{"name":"wp","href":"https:\/\/api.w.org\/{rel}","templated":true}]}}