{"id":192107,"date":"2007-10-22T14:55:26","date_gmt":"2007-10-22T14:55:26","guid":{"rendered":"http:\/\/diariodominicano.ddns.net\/?p=192107"},"modified":"2007-10-22T14:55:26","modified_gmt":"2007-10-22T14:55:26","slug":"leonel-la-alianza-del-pld-con-las-fuerzas-historicas-del-balaguerismo-es-una-formula-politica-que-ha-producido-como-resultados-victorias-contundentes-y-arrolladoras-en-las-eleccio","status":"publish","type":"post","link":"https:\/\/diariodominicano.com\/?p=192107","title":{"rendered":"Leonel: la alianza del PLD con las fuerzas hist\u00f3ricas del Balaguerismo es una f\u00f3rmula pol\u00edtica que ha producido como resultados victorias contundentes y arrolladoras en las eleccio"},"content":{"rendered":"<p><body><\/p>\n<p align=\"justify\" class=\"titulogrande1\">Leonel: la alianza del PLD con las fuerzas  hist\u00f3ricas del Balaguerismo es una f\u00f3rmula pol\u00edtica que ha producido como  resultados victorias contundentes y arrolladoras en las elecciones del pa\u00eds <\/p>\n<p>&#13;<\/p>\n<p align=\"justify\" class=\"text1noticias\"><strong><img loading=\"lazy\" decoding=\"async\" src=\"http:\/\/localhost:8080\/pictures\/leonel bani.jpg\" width=\"269\" height=\"364\" hspace=\"4\" align=\"left\" \/>Bani, Peravia.-<\/strong> El  Presidente Leonel Fern\u00e1ndez, candidato presidencial del Partido de la Liberaci\u00f3n Dominicana  (PLD), sostuvo \u00a0que la alianza de esa  organizaci\u00f3n con las fuerzas hist\u00f3ricas del Balaguerismo es una f\u00f3rmula  pol\u00edtica que ha producido como resultados victorias contundentes y arrolladoras  en las elecciones del pa\u00eds. <\/p>\n<p>&#13;<\/p>\n<p align=\"justify\" class=\"text1noticias\">La reiteraci\u00f3n  sobre el impacto positivo\u00a0 de esta  alianza y el respaldo que concita se produjo en el marco de la inauguraci\u00f3n del  local del movimiento \u00abPrimera Vuelta\u00bb en Ban\u00ed, como parte de la  agenda del recorrido que encabez\u00f3 en el municipio cabecera de la provincia  Peravia. <\/p>\n<p>&#13;<\/p>\n<p align=\"justify\" class=\"text1noticias\">Destac\u00f3 que los  triunfos en las presidenciales del 2004 y la de medio t\u00e9rmino del 2006 fueron  continuaci\u00f3n del Frente Patri\u00f3tico que posibilit\u00f3 el ascenso al poder del PLD  en la segunda ronda de votaciones de los comicios presidenciales del 1996. <\/p>\n<p>&#13;<\/p>\n<p align=\"justify\" class=\"text1noticias\">\u00abEs la  continuaci\u00f3n hist\u00f3rica de algo que se hab\u00eda iniciado diez a\u00f1os atr\u00e1s cuando  el\u00a0\u00a0 doctor Joaqu\u00edn Balaguer promovi\u00f3 el Frente  Patri\u00f3tico, que le brind\u00f3 a la Republica Dominicana la posibilidad de que una  nueva generaci\u00f3n dirigiera los destinos del pa\u00eds\u00bb, dijo el mandatario  concitando la algarab\u00eda de la multitud que se congreg\u00f3 frente al local. <\/p>\n<p>&#13;<\/p>\n<p align=\"justify\" class=\"text1noticias\">Adelant\u00f3 que  nuevamente en mayo venidero esa alianza que ha obtenido victorias contundentes  volver\u00e1 a repetir con un triunfo arrollador para beneficio del pueblo  dominicano <\/p>\n<p>&#13;<\/p>\n<p align=\"justify\" class=\"text1noticias\">El Presidente  Leonel Fern\u00e1ndez record\u00f3 que en las elecciones de medio t\u00e9rmino realizadas en  el 2006 el apoy\u00f3 recibido de parte de la se\u00f1ora Vianela Bello de Pol consolid\u00f3  la posici\u00f3n del PLD en la provincia y por ende el triunfo arrollador  conquistado en esa contienda electoral\u00a0\u00a0  en esa demarcaci\u00f3n del sur. <\/p>\n<p>&#13;<\/p>\n<p align=\"justify\" class=\"text1noticias\">El\u00a0 Presidente Leonel Fern\u00e1ndez, candidato  presidencial del PLD, visit\u00f3 la tarde de este domingo los sectores populares de  Ban\u00ed, Provincia Peravia, en la continuaci\u00f3n de los contactos populares que  viene realizando como parte de las actividades de calentamiento previo al acto  de proclamaci\u00f3n como candidato presidencial. <\/p>\n<p>&#13;<\/p>\n<p align=\"justify\" class=\"text1noticias\">El presidente  arrib\u00f3 en el veh\u00edculo que lo traslad\u00f3 minutos despu\u00e9s de las 3:30 de la tarde  al cruce de Nizao en donde una multitud le esperaba entonando los esl\u00f3ganes de  la campa\u00f1a, ondeando las banderas moradas del PLD y de los partidos aliados y  saludando a los automovilistas que se desplazaban por la carretera S\u00e1nchez. <\/p>\n<p>&#13;<\/p>\n<p align=\"justify\" class=\"text1noticias\">Acompa\u00f1aron al  presidente Leonel Fern\u00e1ndez, Francisco Javier Garc\u00eda, Coordinador General del  Comit\u00e9 de Campa\u00f1a, F\u00e9lix Bautista, Director Operativo, V\u00edctor D\u00edaz R\u00faa, Ram\u00f3n  Rivas, Mariano Germ\u00e1n, Emigdio Sosa, Aristipo Vidal del Comit\u00e9 de Campa\u00f1a.\u00a0\u00a0 Le esperaron el Senador Wilton Guerreo y  Julio Suri\u00f1ach, Bienvenido Montero, Jos\u00e9 Antonio Asunci\u00f3n, dirigentes  nacionales del PLD e\u00a0 integrantes del  comit\u00e9 provincial de campa\u00f1a. <\/p>\n<p>&#13;<\/p>\n<p align=\"justify\" class=\"text1noticias\">Del cruce de  Nizao la comitiva enrumb\u00f3 hacia el casco urbano de Ban\u00ed, en donde ten\u00eda  programado un recorrido por los sectores populares del municipio cabecera y  hacer visitas puntuales a dirigentes del Partido de la Liberaci\u00f3n Dominicana. <\/p>\n<p>&#13;<\/p>\n<p align=\"justify\" class=\"text1noticias\">En la ruta  redujo la velocidad para saludar un enorme grupo humano que le esperaba en el  Cruce de Catalina y de Paya; en ambos lugares los lugare\u00f1os agitaban banderas y  afiches con la fotograf\u00eda del presidente Leonel Fern\u00e1ndez y su rol de candidato  presidencial del PLD y una veintena de partidos aliados. <\/p>\n<p>&#13;<\/p>\n<p align=\"justify\" class=\"text1noticias\">La casa numero  16 de la calle Joaqu\u00edn Inchaustegui en donde vive la familia Pimentel,  fundadores del Partido de la Liberaci\u00f3n Dominicana en Ban\u00ed, recibi\u00f3 al  presidente Leonel Fern\u00e1ndez en la continuaci\u00f3n de los contactos populares que  viene realizando como actividades previas al acto de proclamaci\u00f3n de la  candidatura programada para el 18 de noviembre pr\u00f3ximo. <\/p>\n<p>&#13;<\/p>\n<p align=\"justify\" class=\"text1noticias\">Se detuvo en su  recorrido en la inauguraci\u00f3n del local del Movimiento Primera Vuelta que  coordinada H\u00e9ctor Rodr\u00edguez Pimentel y que est\u00e1 ubicado en la calle Duarte, en  donde hizo uso de la palabra la se\u00f1ora Vianela Bello, ex candidata a s\u00edndico  del PRSC en el municipio. <\/p>\n<p>&#13;<\/p>\n<p align=\"justify\" class=\"text1noticias\">En su recorrido  la comitiva que acompa\u00f1\u00f3 al presidente Leonel Fern\u00e1ndez pas\u00f3 por el sector de  Pueblo Nuevo rumbo al barrio 24 de Abril, en donde hizo una parada en la casa  de Germ\u00e1n B\u00e1ez, miembro del Comit\u00e9 Central del PLD. <\/p>\n<p>&#13;<\/p>\n<p align=\"justify\" class=\"text1noticias\">Pas\u00f3 luego al  barrio Saona, visitando la casa de Hilda Custodio, alias\u00a0 Mella, y posteriormente a Los Barracones  realizando una visita a la casa del se\u00f1or popularmente conocido como Cach\u00e9.\u00a0 Visit\u00f3 posteriormente Los Cajuilitos en casa  de Manuel P\u00e9rez, presidente de Comit\u00e9 de Base del Partido de la Liberaci\u00f3n Dominicana  en el municipio cabecera de la provincia Peravia. <\/p>\n<p>&#13;<\/p>\n<p align=\"justify\" class=\"text1noticias\">Una \u00faltima  parada la hizo el presidente Leonel Fern\u00e1ndez en su recorrido por Bani en la  vivienda de Delio Mej\u00eda, presidente de un Comit\u00e9 de Base del PLD ubicado en el  barrio Santa Rosa. <\/p>\n<p>&#13;<\/p>\n<h6> 2007-10-22 14:55:26 <\/h6>\n<p><!--\n<link rel=\"stylesheet\" href=\"css\/bootstrap.min.css\">\n\n\n<ul class=\"pagination\">\n\t    \n\t\n\n<li >\n\t<a href='?page_no=34854'>Previous<\/a>\n\t<\/li>\n\n\n       \n    \n\n<li><a href='?page_no=1'>1<\/a><\/li>\n\n\n\n<li><a href='?page_no=2'>2<\/a><\/li>\n\n\n\n<li><a>...<\/a><\/li>\n\n\n\n<li><a href='?page_no=34853'>34853<\/a><\/li>\n\n\n\n<li><a href='?page_no=34854'>34854<\/a><\/li>\n\n\n\n<li class='active'><a>34855<\/a><\/li>\n\n\n\n<li><a href='?page_no=34856'>34856<\/a><\/li>\n\n\n\n<li><a href='?page_no=34857'>34857<\/a><\/li>\n\n\n\n<li><a>...<\/a><\/li>\n\n\n\n<li><a href='?page_no=36999'>36999<\/a><\/li>\n\n\n\n<li><a href='?page_no=37000'>37000<\/a><\/li>\n\n    \n\t\n\n<li >\n\t<a href='?page_no=34856'>Next<\/a>\n\t<\/li>\n\n\n    \n\n<li><a href='?page_no=37000'>Last &rsaquo;&rsaquo;<\/a><\/li>\n\n<\/ul>\n\n\n--><br \/>\n<\/body><\/p>\n","protected":false},"excerpt":{"rendered":"<p>Leonel: la alianza del PLD con las fuerzas hist\u00f3ricas del Balaguerismo es una f\u00f3rmula pol\u00edtica que ha producido como resultados victorias contundentes y arrolladoras en las elecciones del pa\u00eds &#13; Bani, Peravia.- El Presidente Leonel Fern\u00e1ndez, candidato presidencial del Partido de la Liberaci\u00f3n Dominicana (PLD), sostuvo \u00a0que la alianza de esa organizaci\u00f3n con las fuerzas [&hellip;]<\/p>\n","protected":false},"author":3,"featured_media":0,"comment_status":"open","ping_status":"open","sticky":false,"template":"","format":"standard","meta":{"footnotes":""},"categories":[22],"tags":[],"class_list":["post-192107","post","type-post","status-publish","format-standard","hentry","category-politica"],"_links":{"self":[{"href":"https:\/\/diariodominicano.com\/index.php?rest_route=\/wp\/v2\/posts\/192107","targetHints":{"allow":["GET"]}}],"collection":[{"href":"https:\/\/diariodominicano.com\/index.php?rest_route=\/wp\/v2\/posts"}],"about":[{"href":"https:\/\/diariodominicano.com\/index.php?rest_route=\/wp\/v2\/types\/post"}],"author":[{"embeddable":true,"href":"https:\/\/diariodominicano.com\/index.php?rest_route=\/wp\/v2\/users\/3"}],"replies":[{"embeddable":true,"href":"https:\/\/diariodominicano.com\/index.php?rest_route=%2Fwp%2Fv2%2Fcomments&post=192107"}],"version-history":[{"count":0,"href":"https:\/\/diariodominicano.com\/index.php?rest_route=\/wp\/v2\/posts\/192107\/revisions"}],"wp:attachment":[{"href":"https:\/\/diariodominicano.com\/index.php?rest_route=%2Fwp%2Fv2%2Fmedia&parent=192107"}],"wp:term":[{"taxonomy":"category","embeddable":true,"href":"https:\/\/diariodominicano.com\/index.php?rest_route=%2Fwp%2Fv2%2Fcategories&post=192107"},{"taxonomy":"post_tag","embeddable":true,"href":"https:\/\/diariodominicano.com\/index.php?rest_route=%2Fwp%2Fv2%2Ftags&post=192107"}],"curies":[{"name":"wp","href":"https:\/\/api.w.org\/{rel}","templated":true}]}}