{"id":192104,"date":"2007-10-22T16:06:06","date_gmt":"2007-10-22T16:06:06","guid":{"rendered":"http:\/\/diariodominicano.ddns.net\/?p=192104"},"modified":"2007-10-22T16:06:06","modified_gmt":"2007-10-22T16:06:06","slug":"juramentan-comites-de-campana-en-la-vega-y-hato-mayor","status":"publish","type":"post","link":"https:\/\/diariodominicano.com\/?p=192104","title":{"rendered":"Juramentan comit\u00e9s de campa\u00f1a en La Vega y Hato Mayor"},"content":{"rendered":"<p><body><\/p>\n<p class=\"titulogrande1\">Juramentan comit\u00e9s de campa\u00f1a  en La Vega y  Hato Mayor<\/p>\n<p>&#13;<\/p>\n<p align=\"justify\" class=\"text1noticias\"><img loading=\"lazy\" decoding=\"async\" src=\"http:\/\/localhost:8080\/pictures\/hato mayor.jpg\" width=\"269\" height=\"553\" hspace=\"4\" align=\"left\" \/>El  Partido de la   Liberaci\u00f3n Dominicana dej\u00f3 instalado sus Comit\u00e9s Provinciales  y Municipales de Campa\u00f1a en La   Vega y Hato Mayor, con miras a las elecciones presidenciales  de mayo pr\u00f3ximo.<\/p>\n<p>&#13;<\/p>\n<p align=\"justify\" class=\"text1noticias\">En  ambas actividades, como en otras anteriores, rein\u00f3 el entusiasmo, el orden y la  disciplina, factores propios de esta organizaci\u00f3n pol\u00edtica, que sigue  recorriendo el pa\u00eds, promoviendo la repostulaci\u00f3n de su presidente y l\u00edder,  doctor Leonel Fern\u00e1ndez, a trav\u00e9s de los logros que ha alcanzado desde la  direcci\u00f3n del Estado.<\/p>\n<p>&#13;<\/p>\n<p align=\"justify\" class=\"text1noticias\"> El  comit\u00e9 nacional de campa\u00f1a de Hato Mayor tiene como enlace pol\u00edtico al  ingeniero Ram\u00f3n Rivas y como coordinadores en el equipo provincial, Ram\u00f3n De  los Santos y el senador Rub\u00e9n \u2013Toyota- De la Cruz, directores operativo y de estrategia,  respectivamente, junto a un equipo conformado por Moreno V\u00e1squez y el s\u00edndico  Santiago Velorio.<\/p>\n<p>&#13;<\/p>\n<p align=\"justify\" class=\"text1noticias\">El  multitudinario acto se celebr\u00f3 en el polideportivo H\u00e9ctor \u2013Vikingo- Monegro, de  la ciudad de Hato Mayor, donde tambi\u00e9n fueron juramentado los comit\u00e9s  municipales, coordinados por Guadalupe Jaquez, secretaria general del partido  en Hato Mayor, Erick Zorrilla, los s\u00edndicos municipales Aura Salda\u00f1a y Amado De  la Cruz, entre  otros.<\/p>\n<p>&#13;<\/p>\n<p align=\"justify\" class=\"text1noticias\"> A  pesar de los fuertes aguaceros en esta provincia oriental, los militantes y  simpatizantes del PLD no dejaron de disfrutar de la m\u00fasica del destacado  bachatero Quico Rodr\u00edguez, quien calde\u00f3 los \u00e1nimos durante la actividad.<\/p>\n<p>&#13;<\/p>\n<p align=\"justify\" class=\"text1noticias\">Mientras  que en La Vega,  en medio de una inmensa algarab\u00eda, el enlace pol\u00edtico del PLD en esta  localidad, senador Euclides S\u00e1nchez, junto a\u00a0  Alma Fern\u00e1ndez, dejaron instalado el equipo de campa\u00f1a, con la presencia  de Salvador \u2013ch\u00edo-Jim\u00e9nez y Mario Hidalgo, miembros del Comit\u00e9 Central del  partido morado, adem\u00e1s de destacados dirigentes provinciales, como Bol\u00edvar  Marte, Porfirio Beras y varios diputados pelede\u00edstas. <\/p>\n<p>&#13;<\/p>\n<p align=\"justify\" class=\"text1noticias\">Tanto  en La Vega como  en Hato Mayor fue notoria la presencia de los diversos movimientos externos que  apoyan la repostulaci\u00f3n de Leonel Fern\u00e1ndez, as\u00ed como los dirigentes y  simpatizantes de los partidos del Bloque progresista, que han cerrado filas por  la continuidad del progreso.<\/p>\n<p>&#13;<\/p>\n<h6> 2007-10-22 16:06:06 <\/h6>\n<p><!--\n<link rel=\"stylesheet\" href=\"css\/bootstrap.min.css\">\n\n\n<ul class=\"pagination\">\n\t    \n\t\n\n<li >\n\t<a href='?page_no=34851'>Previous<\/a>\n\t<\/li>\n\n\n       \n    \n\n<li><a href='?page_no=1'>1<\/a><\/li>\n\n\n\n<li><a href='?page_no=2'>2<\/a><\/li>\n\n\n\n<li><a>...<\/a><\/li>\n\n\n\n<li><a href='?page_no=34850'>34850<\/a><\/li>\n\n\n\n<li><a href='?page_no=34851'>34851<\/a><\/li>\n\n\n\n<li class='active'><a>34852<\/a><\/li>\n\n\n\n<li><a href='?page_no=34853'>34853<\/a><\/li>\n\n\n\n<li><a href='?page_no=34854'>34854<\/a><\/li>\n\n\n\n<li><a>...<\/a><\/li>\n\n\n\n<li><a href='?page_no=36999'>36999<\/a><\/li>\n\n\n\n<li><a href='?page_no=37000'>37000<\/a><\/li>\n\n    \n\t\n\n<li >\n\t<a href='?page_no=34853'>Next<\/a>\n\t<\/li>\n\n\n    \n\n<li><a href='?page_no=37000'>Last &rsaquo;&rsaquo;<\/a><\/li>\n\n<\/ul>\n\n\n--><br \/>\n<\/body><\/p>\n","protected":false},"excerpt":{"rendered":"<p>Juramentan comit\u00e9s de campa\u00f1a en La Vega y Hato Mayor &#13; El Partido de la Liberaci\u00f3n Dominicana dej\u00f3 instalado sus Comit\u00e9s Provinciales y Municipales de Campa\u00f1a en La Vega y Hato Mayor, con miras a las elecciones presidenciales de mayo pr\u00f3ximo. &#13; En ambas actividades, como en otras anteriores, rein\u00f3 el entusiasmo, el orden y [&hellip;]<\/p>\n","protected":false},"author":3,"featured_media":0,"comment_status":"open","ping_status":"open","sticky":false,"template":"","format":"standard","meta":{"footnotes":""},"categories":[22],"tags":[],"class_list":["post-192104","post","type-post","status-publish","format-standard","hentry","category-politica"],"_links":{"self":[{"href":"https:\/\/diariodominicano.com\/index.php?rest_route=\/wp\/v2\/posts\/192104","targetHints":{"allow":["GET"]}}],"collection":[{"href":"https:\/\/diariodominicano.com\/index.php?rest_route=\/wp\/v2\/posts"}],"about":[{"href":"https:\/\/diariodominicano.com\/index.php?rest_route=\/wp\/v2\/types\/post"}],"author":[{"embeddable":true,"href":"https:\/\/diariodominicano.com\/index.php?rest_route=\/wp\/v2\/users\/3"}],"replies":[{"embeddable":true,"href":"https:\/\/diariodominicano.com\/index.php?rest_route=%2Fwp%2Fv2%2Fcomments&post=192104"}],"version-history":[{"count":0,"href":"https:\/\/diariodominicano.com\/index.php?rest_route=\/wp\/v2\/posts\/192104\/revisions"}],"wp:attachment":[{"href":"https:\/\/diariodominicano.com\/index.php?rest_route=%2Fwp%2Fv2%2Fmedia&parent=192104"}],"wp:term":[{"taxonomy":"category","embeddable":true,"href":"https:\/\/diariodominicano.com\/index.php?rest_route=%2Fwp%2Fv2%2Fcategories&post=192104"},{"taxonomy":"post_tag","embeddable":true,"href":"https:\/\/diariodominicano.com\/index.php?rest_route=%2Fwp%2Fv2%2Ftags&post=192104"}],"curies":[{"name":"wp","href":"https:\/\/api.w.org\/{rel}","templated":true}]}}