{"id":192103,"date":"2007-10-22T16:09:02","date_gmt":"2007-10-22T16:09:02","guid":{"rendered":"http:\/\/diariodominicano.ddns.net\/?p=192103"},"modified":"2007-10-22T16:09:02","modified_gmt":"2007-10-22T16:09:02","slug":"belarminio-morillo-dice-la-campana-a-destiempo-desgasta-discursos-de-candidatos","status":"publish","type":"post","link":"https:\/\/diariodominicano.com\/?p=192103","title":{"rendered":"Belarminio Morillo dice la campa\u00f1a a destiempo desgasta discursos de candidatos"},"content":{"rendered":"<p><body><\/p>\n<p align=\"justify\" class=\"titulogrande1\">Belarminio Morillo dice la campa\u00f1a a destiempo desgasta discursos de  candidatos<\/p>\n<p>&#13;<\/p>\n<p align=\"justify\" class=\"text1noticias\"><strong>SAN PEDRO DE MACOR\u00cdS.<\/strong> El polit\u00f3logo y experto en marketing pol\u00edtico, Belarminio  Ram\u00edrez Morillo, manifest\u00f3 que la campa\u00f1a electoral que se ha iniciado mucho  antes de que la Junta Central  Electoral proclame oficialmente el comienzo de la misma, perjudicar\u00e1  significativamente a los candidatos de las principales fuerzas pol\u00edticas de la  naci\u00f3n.<\/p>\n<p>&#13;<\/p>\n<p align=\"justify\" class=\"text1noticias\">Dijo que los candidatos de los partidos mayoritarios llegar\u00e1n  desgastados al 16 de mayo del 2008, puesto que los temas de la campa\u00f1a ya est\u00e1n  explotados. \u201cCuando se acerque el 16 de mayo ya no tendr\u00e1n de que hablar.\u201d<\/p>\n<p>&#13;<\/p>\n<p align=\"justify\" class=\"text1noticias\">Manifest\u00f3 que ante la pobreza de argumentos y el limitado acervo  cultural de las mayor\u00edas de estos har\u00e1 que unos entren en la descalificaci\u00f3n y  el insulto, otros tendr\u00e1n que recurrir al folklor cotidiano de llamar a la  atenci\u00f3n haciendo reparto de algo, lanzando una pelota en un estadio o  patrocinando conciertos o encuentros con artistas y afamados. <\/p>\n<p>&#13;<\/p>\n<p align=\"justify\" class=\"text1noticias\">\u201cSin temor a equivocaciones, estamos asistiendo al mas pobre de los  escenarios de discusi\u00f3n pol\u00edtica de las \u00faltimas cinco d\u00e9cadas.\u201d Expres\u00f3 el  abogado y pol\u00edtico.<\/p>\n<p>&#13;<\/p>\n<p align=\"justify\" class=\"text1noticias\">Adujo que los pol\u00edticos en competencia se han referido una y mil veces,  pero de forma a\u00e9rea y poco sustancioso, a la pobreza, delincuencia, desempleo,  alto costo de la vida, deuda externa, salud y medio ambiente.<\/p>\n<p>&#13;<\/p>\n<p align=\"justify\" class=\"text1noticias\">Manifest\u00f3 que la poblaci\u00f3n est\u00e1 cansada de escuchar la misma letan\u00eda,  las mismas denuncias, las mismas acusaciones y defensas, las mismas palabras y  los mismos argumentos, mientras los problemas se agudizan.<\/p>\n<p>&#13;<\/p>\n<p align=\"justify\" class=\"text1noticias\">\u201cTenemos una clase pol\u00edtica con profunda pobreza conceptual. Pol\u00edticos  cuyas propuestas se reducen a las tradicionales dos cuartillas de las notas de  prensa remitidas a los medios de comunicaci\u00f3n\u201d. Sustenta el escritor y profesor  universitario.<\/p>\n<p>&#13;<\/p>\n<p align=\"justify\" class=\"text1noticias\">Expres\u00f3 que la pol\u00edtica dominicana necesita urgentemente de algo de  sue\u00f1o, de ilusi\u00f3n,\u00a0 de utop\u00eda, y el  liderazgo pol\u00edtico vigente no est\u00e1 en capacidad m\u00ednima de realizar esos  aportes.<\/p>\n<p>&#13;<\/p>\n<p align=\"justify\" class=\"text1noticias\">Las mayor\u00edas de nuestros pol\u00edticos son productos del marketing y de  coyunturas. El ciclo pol\u00edtico se agota, y necesitamos volver al \u201chombre  historia\u201d, al \u201chombre ejemplo\u201d, al \u201chombre coherente entre el decir y el  hacer\u201d. \u00a0Expres\u00f3 el autor del libro: La  magia para ganar elecciones.<\/p>\n<p>&#13;<\/p>\n<p align=\"justify\" class=\"text1noticias\">Dijo que si no logramos revestir la pol\u00edtica dominicana de una dosis de  utop\u00eda, entonces la democracia dominicana estar\u00e1 perdida.<\/p>\n<p>&#13;<\/p>\n<p align=\"justify\" class=\"text1noticias\">Enfatiz\u00f3 que no basta con que los pol\u00edticos se identifiquen en palabras  con los problemas de las personas y de la naci\u00f3n. El momento requiere de un  liderazgo capaz de activar el movimiento social y de asumir un liderazgo  responsable en la formulaci\u00f3n de las demandas en procura de cambios profundos,  reales y verdaderos.<\/p>\n<p>&#13;<\/p>\n<p align=\"justify\" class=\"text1noticias\">Belarminio Ram\u00edrez expres\u00f3 esos argumentos al dictar la conferencia:  Liderazgo, Planificaci\u00f3n Estrat\u00e9gica y Campa\u00f1as Electorales, a estudiantes del  Programa de Gerencia Pol\u00edtica y Liderazgo, que se imparte en la Universidad Central  del Este con el auspicio del USAID del Pueblo de los Estados Unidos, donde  participan j\u00f3venes l\u00edderes de partidos pol\u00edticos de la Regi\u00f3n Este del pa\u00eds.<\/p>\n<p>&#13;<\/p>\n<h6> 2007-10-22 16:09:02 <\/h6>\n<p><!--\n<link rel=\"stylesheet\" href=\"css\/bootstrap.min.css\">\n\n\n<ul class=\"pagination\">\n\t    \n\t\n\n<li >\n\t<a href='?page_no=34850'>Previous<\/a>\n\t<\/li>\n\n\n       \n    \n\n<li><a href='?page_no=1'>1<\/a><\/li>\n\n\n\n<li><a href='?page_no=2'>2<\/a><\/li>\n\n\n\n<li><a>...<\/a><\/li>\n\n\n\n<li><a href='?page_no=34849'>34849<\/a><\/li>\n\n\n\n<li><a href='?page_no=34850'>34850<\/a><\/li>\n\n\n\n<li class='active'><a>34851<\/a><\/li>\n\n\n\n<li><a href='?page_no=34852'>34852<\/a><\/li>\n\n\n\n<li><a href='?page_no=34853'>34853<\/a><\/li>\n\n\n\n<li><a>...<\/a><\/li>\n\n\n\n<li><a href='?page_no=36999'>36999<\/a><\/li>\n\n\n\n<li><a href='?page_no=37000'>37000<\/a><\/li>\n\n    \n\t\n\n<li >\n\t<a href='?page_no=34852'>Next<\/a>\n\t<\/li>\n\n\n    \n\n<li><a href='?page_no=37000'>Last &rsaquo;&rsaquo;<\/a><\/li>\n\n<\/ul>\n\n\n--><br \/>\n<\/body><\/p>\n","protected":false},"excerpt":{"rendered":"<p>Belarminio Morillo dice la campa\u00f1a a destiempo desgasta discursos de candidatos &#13; SAN PEDRO DE MACOR\u00cdS. El polit\u00f3logo y experto en marketing pol\u00edtico, Belarminio Ram\u00edrez Morillo, manifest\u00f3 que la campa\u00f1a electoral que se ha iniciado mucho antes de que la Junta Central Electoral proclame oficialmente el comienzo de la misma, perjudicar\u00e1 significativamente a los candidatos [&hellip;]<\/p>\n","protected":false},"author":3,"featured_media":0,"comment_status":"open","ping_status":"open","sticky":false,"template":"","format":"standard","meta":{"footnotes":""},"categories":[22],"tags":[],"class_list":["post-192103","post","type-post","status-publish","format-standard","hentry","category-politica"],"_links":{"self":[{"href":"https:\/\/diariodominicano.com\/index.php?rest_route=\/wp\/v2\/posts\/192103","targetHints":{"allow":["GET"]}}],"collection":[{"href":"https:\/\/diariodominicano.com\/index.php?rest_route=\/wp\/v2\/posts"}],"about":[{"href":"https:\/\/diariodominicano.com\/index.php?rest_route=\/wp\/v2\/types\/post"}],"author":[{"embeddable":true,"href":"https:\/\/diariodominicano.com\/index.php?rest_route=\/wp\/v2\/users\/3"}],"replies":[{"embeddable":true,"href":"https:\/\/diariodominicano.com\/index.php?rest_route=%2Fwp%2Fv2%2Fcomments&post=192103"}],"version-history":[{"count":0,"href":"https:\/\/diariodominicano.com\/index.php?rest_route=\/wp\/v2\/posts\/192103\/revisions"}],"wp:attachment":[{"href":"https:\/\/diariodominicano.com\/index.php?rest_route=%2Fwp%2Fv2%2Fmedia&parent=192103"}],"wp:term":[{"taxonomy":"category","embeddable":true,"href":"https:\/\/diariodominicano.com\/index.php?rest_route=%2Fwp%2Fv2%2Fcategories&post=192103"},{"taxonomy":"post_tag","embeddable":true,"href":"https:\/\/diariodominicano.com\/index.php?rest_route=%2Fwp%2Fv2%2Ftags&post=192103"}],"curies":[{"name":"wp","href":"https:\/\/api.w.org\/{rel}","templated":true}]}}