{"id":192102,"date":"2007-10-22T16:11:45","date_gmt":"2007-10-22T16:11:45","guid":{"rendered":"http:\/\/diariodominicano.ddns.net\/?p=192102"},"modified":"2007-10-22T16:11:45","modified_gmt":"2007-10-22T16:11:45","slug":"pld-construye-proyecto-de-nacion-ideado-por-bosch","status":"publish","type":"post","link":"https:\/\/diariodominicano.com\/?p=192102","title":{"rendered":"PLD construye proyecto de naci\u00f3n ideado por Bosch"},"content":{"rendered":"<p><body><\/p>\n<p class=\"titulogrande1\">PLD construye proyecto de  naci\u00f3n ideado por Bosch<\/p>\n<p>&#13;<\/p>\n<p align=\"justify\" class=\"text1noticias\"><strong>SANTO  DOMINGO.-<\/strong> El pr\u00f3ximo reto que le aguarda al Partido de la Liberaci\u00f3n Dominicana,  al asumir en un tercer mandato presidencial ser\u00e1 terminar de construir el gran  proyecto social de naci\u00f3n, ideado por su extinto l\u00edder, el profesor Juan Bosch.<\/p>\n<p>&#13;<\/p>\n<p align=\"justify\" class=\"text1noticias\">As\u00ed  lo ha declarado el ex vicepresidente de la Rep\u00fablica, doctor Jaime David Fern\u00e1ndez Mirabal,  quien expres\u00f3 que dicho proyecto est\u00e1 basado en el crecimiento econ\u00f3mico, la  fortaleza institucional y la equitativa redistribuci\u00f3n de las riquezas, que  constituyan el bienestar de los dominicanos.<\/p>\n<p>&#13;<\/p>\n<p align=\"justify\" class=\"text1noticias\">Asegur\u00f3  que con esto se lograr\u00e1 fortalecer la esperanza del pueblo en el actual proceso  de cambios y la continuidad de una pol\u00edtica exitosa en las construcciones de  obras de bien com\u00fan, la inversi\u00f3n en la educaci\u00f3n, y las grandes  transformaciones que han logrado conectar a la sociedad dominicana en ruta a la  modernidad y el progreso.<\/p>\n<p>&#13;<\/p>\n<p align=\"justify\" class=\"text1noticias\">Fern\u00e1ndez,  quien presidi\u00f3 el acto de juramentaci\u00f3n de los Comit\u00e9s de campa\u00f1a, provincial y  municipales en La Vega,  hizo un llamado ferviente a toda la dirigencia y militancia pelede\u00edsta, as\u00ed  como a los movimientos externos y partidos aliados a unirse como uno solo para  garantizar el triunfo en las pr\u00f3ximas elecciones y en primera vuelta.<\/p>\n<p>&#13;<\/p>\n<p align=\"justify\" class=\"text1noticias\">Exhort\u00f3  a la poblaci\u00f3n a no dejarse confundir del seudo llamado nuevo PRD, que s\u00f3lo ha  sabido traer desasosiego y desesperanza al pueblo dominicano, llev\u00e1ndolo al  fondo de la olla econ\u00f3mica, con m\u00e1s de un mill\u00f3n de dominicanos, arrojados a la  pobreza extrema.<\/p>\n<p>&#13;<\/p>\n<p align=\"justify\" class=\"text1noticias\">Indic\u00f3  que el PLD est\u00e1 poniendo el o\u00eddo en el pueblo, y har\u00e1 lo posible porque se  mantenga el progreso, representado en el doctor Leonel Fern\u00e1ndez, para  completar el proyecto de naci\u00f3n que requieren los dominicanos.<\/p>\n<p>&#13;<\/p>\n<p align=\"justify\" class=\"text1noticias\">Por  su lado, la enlace pol\u00edtica del partido morado en La Vega, Alma Fern\u00e1ndez anunci\u00f3  para el pr\u00f3ximo mes el inicio de un proyecto habitacional de m\u00e1s de 300  viviendas, que beneficiar\u00e1 a la poblaci\u00f3n vegana. Defendi\u00f3 la obra de gobierno  del presidente Fern\u00e1ndez, que se manifiesta en los logros alcanzados en la  inversi\u00f3n de la educaci\u00f3n, construcciones de carreteras y reparaci\u00f3n de otras. <\/p>\n<p>&#13;<\/p>\n<h6> 2007-10-22 16:11:45 <\/h6>\n<p><!--\n<link rel=\"stylesheet\" href=\"css\/bootstrap.min.css\">\n\n\n<ul class=\"pagination\">\n\t    \n\t\n\n<li >\n\t<a href='?page_no=34849'>Previous<\/a>\n\t<\/li>\n\n\n       \n    \n\n<li><a href='?page_no=1'>1<\/a><\/li>\n\n\n\n<li><a href='?page_no=2'>2<\/a><\/li>\n\n\n\n<li><a>...<\/a><\/li>\n\n\n\n<li><a href='?page_no=34848'>34848<\/a><\/li>\n\n\n\n<li><a href='?page_no=34849'>34849<\/a><\/li>\n\n\n\n<li class='active'><a>34850<\/a><\/li>\n\n\n\n<li><a href='?page_no=34851'>34851<\/a><\/li>\n\n\n\n<li><a href='?page_no=34852'>34852<\/a><\/li>\n\n\n\n<li><a>...<\/a><\/li>\n\n\n\n<li><a href='?page_no=36999'>36999<\/a><\/li>\n\n\n\n<li><a href='?page_no=37000'>37000<\/a><\/li>\n\n    \n\t\n\n<li >\n\t<a href='?page_no=34851'>Next<\/a>\n\t<\/li>\n\n\n    \n\n<li><a href='?page_no=37000'>Last &rsaquo;&rsaquo;<\/a><\/li>\n\n<\/ul>\n\n\n--><br \/>\n<\/body><\/p>\n","protected":false},"excerpt":{"rendered":"<p>PLD construye proyecto de naci\u00f3n ideado por Bosch &#13; SANTO DOMINGO.- El pr\u00f3ximo reto que le aguarda al Partido de la Liberaci\u00f3n Dominicana, al asumir en un tercer mandato presidencial ser\u00e1 terminar de construir el gran proyecto social de naci\u00f3n, ideado por su extinto l\u00edder, el profesor Juan Bosch. &#13; As\u00ed lo ha declarado el [&hellip;]<\/p>\n","protected":false},"author":3,"featured_media":0,"comment_status":"open","ping_status":"open","sticky":false,"template":"","format":"standard","meta":{"footnotes":""},"categories":[22],"tags":[],"class_list":["post-192102","post","type-post","status-publish","format-standard","hentry","category-politica"],"_links":{"self":[{"href":"https:\/\/diariodominicano.com\/index.php?rest_route=\/wp\/v2\/posts\/192102","targetHints":{"allow":["GET"]}}],"collection":[{"href":"https:\/\/diariodominicano.com\/index.php?rest_route=\/wp\/v2\/posts"}],"about":[{"href":"https:\/\/diariodominicano.com\/index.php?rest_route=\/wp\/v2\/types\/post"}],"author":[{"embeddable":true,"href":"https:\/\/diariodominicano.com\/index.php?rest_route=\/wp\/v2\/users\/3"}],"replies":[{"embeddable":true,"href":"https:\/\/diariodominicano.com\/index.php?rest_route=%2Fwp%2Fv2%2Fcomments&post=192102"}],"version-history":[{"count":0,"href":"https:\/\/diariodominicano.com\/index.php?rest_route=\/wp\/v2\/posts\/192102\/revisions"}],"wp:attachment":[{"href":"https:\/\/diariodominicano.com\/index.php?rest_route=%2Fwp%2Fv2%2Fmedia&parent=192102"}],"wp:term":[{"taxonomy":"category","embeddable":true,"href":"https:\/\/diariodominicano.com\/index.php?rest_route=%2Fwp%2Fv2%2Fcategories&post=192102"},{"taxonomy":"post_tag","embeddable":true,"href":"https:\/\/diariodominicano.com\/index.php?rest_route=%2Fwp%2Fv2%2Ftags&post=192102"}],"curies":[{"name":"wp","href":"https:\/\/api.w.org\/{rel}","templated":true}]}}