{"id":192101,"date":"2007-10-22T16:16:27","date_gmt":"2007-10-22T16:16:27","guid":{"rendered":"http:\/\/diariodominicano.ddns.net\/?p=192101"},"modified":"2007-10-22T16:16:27","modified_gmt":"2007-10-22T16:16:27","slug":"primera-vuelta-proclamara-a-leonel","status":"publish","type":"post","link":"https:\/\/diariodominicano.com\/?p=192101","title":{"rendered":"Primera Vuelta proclamar\u00e1 a Leonel"},"content":{"rendered":"<p><body><\/p>\n<p class=\"titulogrande1\">Primera Vuelta proclamar\u00e1 a Leonel<\/p>\n<p>&#13;<\/p>\n<p align=\"justify\" class=\"text1noticias\"><strong>BANI.-<\/strong> El presidente Leonel Fern\u00e1ndez ser\u00e1 proclamado candidato  presidencial por los reformistas agrupados en el Movimiento \u201cLeonel en Primera  Vuelta\u201d, que coordina H\u00e9ctor Rodr\u00edguez Pimentel, en un masivo acto que tendr\u00e1  lugar el 9 de Diciembre en la   Capital.<\/p>\n<p>&#13;<\/p>\n<p align=\"justify\" class=\"text1noticias\">El anuncio lo hizo en Ban\u00ed,  ante el presidente Fern\u00e1ndez, el coordinador del Movimiento reeleccionista,  quien garantiz\u00f3 que los reformistas aportar\u00e1n 500 mil\u00a0 votos a la candidatura del mandatario en las  elecciones del 16 de Mayo del 2008.<\/p>\n<p>&#13;<\/p>\n<p align=\"justify\" class=\"text1noticias\">El \u00a0candidato presidencial  del Partido la   Liberaci\u00f3n Dominicana (PLD), doctor Leonel Fern\u00e1ndez, sostuvo  que\u00a0\u00a0 la alianza de los reformistas y  pelede\u00edstas \u201c\u201dsolamente produce un resultado: una victoria contundente y  arrolladora\u201d.<\/p>\n<p>&#13;<\/p>\n<p align=\"justify\" class=\"text1noticias\">\u201cPor eso el 16 de Mayo del 2006 se hizo una continuaci\u00f3n hist\u00f3rica  de algo que se hab\u00eda iniciado diez a\u00f1os atr\u00e1s cuando el presidente Joaqu\u00edn  Balaguer promovi\u00f3 el frente patri\u00f3tico y le brind\u00f3 al pa\u00eds la posibilidad de  que una nueva generaci\u00f3n dirigiera los destinos de la Rep\u00fablica Dominicana\u201d,  expres\u00f3 Fern\u00e1ndez al dejar inaugurado en Ban\u00ed el local del Movimiento \u201cLeonel  en Primera Vuelta\u201d, que coordina Rodr\u00edguez Pimentel.<\/p>\n<p>&#13;<\/p>\n<p align=\"justify\" class=\"text1noticias\">\u201c Con ese antecedente triunfal de 1996 vengo aqu\u00ed a 7 meses del  certamen electoral, para asegurar que  esta alianza producir\u00e1 un nuevo triunfo, y que el pueblo de Ban\u00ed asume su  compromiso para subir las escalinatas del Palacio Nacional el 16 de agosto del  2008 para seguir gobernando la Rep\u00fablica Dominicana\u201d, dijo el jefe del Estado y  candidato presidencial del PLD. <\/p>\n<p>&#13;<\/p>\n<p align=\"justify\" class=\"text1noticias\">En la inauguraci\u00f3n del local del Movimiento \u201c Leonel en Primera  Vuelta\u201d, en la localidad tal de Ban\u00ed, Rodr\u00edguez Pimentel destac\u00f3 el entusiasmo  de los reformistas con la candidatura del l\u00edder del Partido de la Liberaci\u00f3n Dominicana  (PLD), \u201cporque es el pol\u00edtico que m\u00e1s se parece a nuestro l\u00edder hist\u00f3rico el  doctor Joaqu\u00edn Balaguer\u201d.<\/p>\n<p>&#13;<\/p>\n<p align=\"justify\" class=\"text1noticias\">\u201cSe\u00f1or Presidente, el 18 de Noviembre usted ser\u00e1 proclamado por su  partido y los aliados, pero el 9 de diciembre lo har\u00e1n todos los reformistas que  apoyan su candidatura, que lo est\u00e1n buscando para que sea el l\u00edder de los  reformistas\u201d, dijo Rodr\u00edguez Pimentel. <br \/>&#13;<br \/>\n  <br \/>&#13;<br \/>\n  Manifest\u00f3 que esa proclamaci\u00f3n se realizar\u00e1 \u201cen un lugar tan  grande, como el Palacio de los Deportes\u201d.<\/p>\n<p>&#13;<\/p>\n<p align=\"justify\" class=\"text1noticias\">En el acto habl\u00f3 la se\u00f1ora Vianela Bello de Pol, quien destac\u00f3 el  liderazgo y el carisma del presidente Fern\u00e1ndez, as\u00ed como la comprensi\u00f3n de  \u00e9ste para con los reformistas.<\/p>\n<p>&#13;<\/p>\n<p align=\"justify\" class=\"text1noticias\">Rodr\u00edguez Pimentel dijo que el Movimiento ha inaugurado locales,  con la presencia del presidente Fern\u00e1ndez, en san Francisco de Macor\u00eds, La Vega y San Crist\u00f3bal, adem\u00e1s  de contar con sedes abiertas en Constanza y Santiago. La semana pasada fue  juramentado el Directorio Central Ejecutivo del Movimiento integrado por 100  miembros, mas\u00ed como tambi\u00e9n los Directorios del Distrito Nacional y la Provincia Santo  Domingo. <\/p>\n<p>&#13;<\/p>\n<h6> 2007-10-22 16:16:27 <\/h6>\n<p><!--\n<link rel=\"stylesheet\" href=\"css\/bootstrap.min.css\">\n\n\n<ul class=\"pagination\">\n\t    \n\t\n\n<li >\n\t<a href='?page_no=34848'>Previous<\/a>\n\t<\/li>\n\n\n       \n    \n\n<li><a href='?page_no=1'>1<\/a><\/li>\n\n\n\n<li><a href='?page_no=2'>2<\/a><\/li>\n\n\n\n<li><a>...<\/a><\/li>\n\n\n\n<li><a href='?page_no=34847'>34847<\/a><\/li>\n\n\n\n<li><a href='?page_no=34848'>34848<\/a><\/li>\n\n\n\n<li class='active'><a>34849<\/a><\/li>\n\n\n\n<li><a href='?page_no=34850'>34850<\/a><\/li>\n\n\n\n<li><a href='?page_no=34851'>34851<\/a><\/li>\n\n\n\n<li><a>...<\/a><\/li>\n\n\n\n<li><a href='?page_no=36999'>36999<\/a><\/li>\n\n\n\n<li><a href='?page_no=37000'>37000<\/a><\/li>\n\n    \n\t\n\n<li >\n\t<a href='?page_no=34850'>Next<\/a>\n\t<\/li>\n\n\n    \n\n<li><a href='?page_no=37000'>Last &rsaquo;&rsaquo;<\/a><\/li>\n\n<\/ul>\n\n\n--><br \/>\n<\/body><\/p>\n","protected":false},"excerpt":{"rendered":"<p>Primera Vuelta proclamar\u00e1 a Leonel &#13; BANI.- El presidente Leonel Fern\u00e1ndez ser\u00e1 proclamado candidato presidencial por los reformistas agrupados en el Movimiento \u201cLeonel en Primera Vuelta\u201d, que coordina H\u00e9ctor Rodr\u00edguez Pimentel, en un masivo acto que tendr\u00e1 lugar el 9 de Diciembre en la Capital. &#13; El anuncio lo hizo en Ban\u00ed, ante el presidente [&hellip;]<\/p>\n","protected":false},"author":3,"featured_media":0,"comment_status":"open","ping_status":"open","sticky":false,"template":"","format":"standard","meta":{"footnotes":""},"categories":[22],"tags":[],"class_list":["post-192101","post","type-post","status-publish","format-standard","hentry","category-politica"],"_links":{"self":[{"href":"https:\/\/diariodominicano.com\/index.php?rest_route=\/wp\/v2\/posts\/192101","targetHints":{"allow":["GET"]}}],"collection":[{"href":"https:\/\/diariodominicano.com\/index.php?rest_route=\/wp\/v2\/posts"}],"about":[{"href":"https:\/\/diariodominicano.com\/index.php?rest_route=\/wp\/v2\/types\/post"}],"author":[{"embeddable":true,"href":"https:\/\/diariodominicano.com\/index.php?rest_route=\/wp\/v2\/users\/3"}],"replies":[{"embeddable":true,"href":"https:\/\/diariodominicano.com\/index.php?rest_route=%2Fwp%2Fv2%2Fcomments&post=192101"}],"version-history":[{"count":0,"href":"https:\/\/diariodominicano.com\/index.php?rest_route=\/wp\/v2\/posts\/192101\/revisions"}],"wp:attachment":[{"href":"https:\/\/diariodominicano.com\/index.php?rest_route=%2Fwp%2Fv2%2Fmedia&parent=192101"}],"wp:term":[{"taxonomy":"category","embeddable":true,"href":"https:\/\/diariodominicano.com\/index.php?rest_route=%2Fwp%2Fv2%2Fcategories&post=192101"},{"taxonomy":"post_tag","embeddable":true,"href":"https:\/\/diariodominicano.com\/index.php?rest_route=%2Fwp%2Fv2%2Ftags&post=192101"}],"curies":[{"name":"wp","href":"https:\/\/api.w.org\/{rel}","templated":true}]}}