{"id":192099,"date":"2007-10-23T13:21:13","date_gmt":"2007-10-23T13:21:13","guid":{"rendered":"http:\/\/diariodominicano.ddns.net\/?p=192099"},"modified":"2007-10-23T13:21:13","modified_gmt":"2007-10-23T13:21:13","slug":"presidente-jce-dice-que-reglamento-electoral-no-incluye-participacion-militares-en-politica","status":"publish","type":"post","link":"https:\/\/diariodominicano.com\/?p=192099","title":{"rendered":"Presidente JCE dice que reglamento electoral no incluye participaci\u00f3n militares en pol\u00edtica"},"content":{"rendered":"<p><body><\/p>\n<p align=\"justify\" class=\"titulogrande1\">Presidente  JCE dice que reglamento electoral no incluye participaci\u00f3n militares en  pol\u00edtica<\/p>\n<p>&#13;<\/p>\n<p align=\"justify\" class=\"text1noticias\"><strong><img loading=\"lazy\" decoding=\"async\" src=\"http:\/\/localhost:8080\/pictures\/julio cesar castano guzman.jpg\" width=\"269\" height=\"284\" hspace=\"4\" align=\"left\" \/>SANTO DOMINGO.-<\/strong> El presidente  de la Junta Central  Electoral (JCE) consider\u00f3 \u00a0que la  participaci\u00f3n de los militares en campa\u00f1as pol\u00edticas no est\u00e1 incluido en la Ley Electoral  275-97.<\/p>\n<p>&#13;<\/p>\n<p align=\"justify\" class=\"text1noticias\">Julio C\u00e9sar Casta\u00f1os  Espaillat \u00a0precis\u00f3 que ese tema est\u00e1  previsto en la   Constituci\u00f3n de la Rep\u00fablica, donde\u00a0  se establece que los militares no deben tener participaci\u00f3n pol\u00edtica  partidista.<\/p>\n<p>&#13;<\/p>\n<p align=\"justify\" class=\"text1noticias\">Casta\u00f1os Guzm\u00e1n trat\u00f3 el caso  a prop\u00f3sito de la pol\u00e9mica que ha generado la participaci\u00f3n de un militar en un  spot publicitario del Partido de la Liberaci\u00f3n Dominicana.<\/p>\n<p>&#13;<\/p>\n<p align=\"justify\" class=\"text1noticias\"> Precis\u00f3 que se trata de un  caso de propaganda, por lo que entiende se hace m\u00e1s necesaria la elaboraci\u00f3n de  un reglamento y reiter\u00f3 que hay personas que no deben hacer campa\u00f1as pol\u00edticas,  como es el caso de los militares.<\/p>\n<p>&#13;<\/p>\n<p align=\"justify\" class=\"text1noticias\">En otro orden el presidente  del tribunal electoral reiter\u00f3 que los hijos de extranjeros cuyos padres tengan  c\u00e9dulas son dominicanos, lo cual, refiri\u00f3, nadie debe discutir, pero que eso no  significa que todos los que nacen en el pa\u00eds son dominicanos.<\/p>\n<p>&#13;<\/p>\n<p align=\"justify\" class=\"text1noticias\">Destac\u00f3 que la Ley de Migraci\u00f3n tiene un  ac\u00e1pite para la regularizaci\u00f3n de las personas que tienen muchos a\u00f1os viviendo  en el pa\u00eds y no tienen documento.<\/p>\n<p>&#13;<\/p>\n<p align=\"justify\" class=\"text1noticias\">Se\u00f1al\u00f3 que esa parte de la  regularizaci\u00f3n est\u00e1 empantanada por falta de un reglamento.<\/p>\n<p>&#13;<\/p>\n<p align=\"justify\" class=\"text1noticias\">Indic\u00f3 que la JCE dio un paso positivo con  la creaci\u00f3n del Libro de Extranjer\u00eda y agreg\u00f3 que conocer\u00e1n caso por caso los  extranjeros nacidos en territorio dominicano antes de la puesta en pr\u00e1ctica del  contenido de ese libro.<\/p>\n<p>&#13;<\/p>\n<p align=\"justify\" class=\"text1noticias\">Asimismo rechaz\u00f3 que en pa\u00eds  exista racismo contra los haitianos.<\/p>\n<p>&#13;<\/p>\n<h6> 2007-10-23 13:21:13 <\/h6>\n<p><!--\n<link rel=\"stylesheet\" href=\"css\/bootstrap.min.css\">\n\n\n<ul class=\"pagination\">\n\t    \n\t\n\n<li >\n\t<a href='?page_no=34846'>Previous<\/a>\n\t<\/li>\n\n\n       \n    \n\n<li><a href='?page_no=1'>1<\/a><\/li>\n\n\n\n<li><a href='?page_no=2'>2<\/a><\/li>\n\n\n\n<li><a>...<\/a><\/li>\n\n\n\n<li><a href='?page_no=34845'>34845<\/a><\/li>\n\n\n\n<li><a href='?page_no=34846'>34846<\/a><\/li>\n\n\n\n<li class='active'><a>34847<\/a><\/li>\n\n\n\n<li><a href='?page_no=34848'>34848<\/a><\/li>\n\n\n\n<li><a href='?page_no=34849'>34849<\/a><\/li>\n\n\n\n<li><a>...<\/a><\/li>\n\n\n\n<li><a href='?page_no=36999'>36999<\/a><\/li>\n\n\n\n<li><a href='?page_no=37000'>37000<\/a><\/li>\n\n    \n\t\n\n<li >\n\t<a href='?page_no=34848'>Next<\/a>\n\t<\/li>\n\n\n    \n\n<li><a href='?page_no=37000'>Last &rsaquo;&rsaquo;<\/a><\/li>\n\n<\/ul>\n\n\n--><br \/>\n<\/body><\/p>\n","protected":false},"excerpt":{"rendered":"<p>Presidente JCE dice que reglamento electoral no incluye participaci\u00f3n militares en pol\u00edtica &#13; SANTO DOMINGO.- El presidente de la Junta Central Electoral (JCE) consider\u00f3 \u00a0que la participaci\u00f3n de los militares en campa\u00f1as pol\u00edticas no est\u00e1 incluido en la Ley Electoral 275-97. &#13; Julio C\u00e9sar Casta\u00f1os Espaillat \u00a0precis\u00f3 que ese tema est\u00e1 previsto en la Constituci\u00f3n [&hellip;]<\/p>\n","protected":false},"author":3,"featured_media":0,"comment_status":"open","ping_status":"open","sticky":false,"template":"","format":"standard","meta":{"footnotes":""},"categories":[22],"tags":[],"class_list":["post-192099","post","type-post","status-publish","format-standard","hentry","category-politica"],"_links":{"self":[{"href":"https:\/\/diariodominicano.com\/index.php?rest_route=\/wp\/v2\/posts\/192099","targetHints":{"allow":["GET"]}}],"collection":[{"href":"https:\/\/diariodominicano.com\/index.php?rest_route=\/wp\/v2\/posts"}],"about":[{"href":"https:\/\/diariodominicano.com\/index.php?rest_route=\/wp\/v2\/types\/post"}],"author":[{"embeddable":true,"href":"https:\/\/diariodominicano.com\/index.php?rest_route=\/wp\/v2\/users\/3"}],"replies":[{"embeddable":true,"href":"https:\/\/diariodominicano.com\/index.php?rest_route=%2Fwp%2Fv2%2Fcomments&post=192099"}],"version-history":[{"count":0,"href":"https:\/\/diariodominicano.com\/index.php?rest_route=\/wp\/v2\/posts\/192099\/revisions"}],"wp:attachment":[{"href":"https:\/\/diariodominicano.com\/index.php?rest_route=%2Fwp%2Fv2%2Fmedia&parent=192099"}],"wp:term":[{"taxonomy":"category","embeddable":true,"href":"https:\/\/diariodominicano.com\/index.php?rest_route=%2Fwp%2Fv2%2Fcategories&post=192099"},{"taxonomy":"post_tag","embeddable":true,"href":"https:\/\/diariodominicano.com\/index.php?rest_route=%2Fwp%2Fv2%2Ftags&post=192099"}],"curies":[{"name":"wp","href":"https:\/\/api.w.org\/{rel}","templated":true}]}}