{"id":192098,"date":"2007-10-23T14:14:13","date_gmt":"2007-10-23T14:14:13","guid":{"rendered":"http:\/\/diariodominicano.ddns.net\/?p=192098"},"modified":"2007-10-23T14:14:13","modified_gmt":"2007-10-23T14:14:13","slug":"estima-que-leonel-mantendra-vision-de-colocar-a-rd-en-la-vanguardia-de-latinoamerica","status":"publish","type":"post","link":"https:\/\/diariodominicano.com\/?p=192098","title":{"rendered":"Estima que Leonel mantendr\u00e1 visi\u00f3n de colocar a RD en la vanguardia de latinoamerica"},"content":{"rendered":"<p><body><\/p>\n<p align=\"justify\" class=\"titulogrande1\">Estima  que Leonel mantendr\u00e1 visi\u00f3n de colocar a RD en la vanguardia de latinoamerica<\/p>\n<p>&#13;<\/p>\n<p align=\"justify\" class=\"text1noticias\"><strong><img loading=\"lazy\" decoding=\"async\" src=\"http:\/\/localhost:8080\/pictures\/heinz vieluf.jpg\" width=\"300\" height=\"239\" hspace=\"4\" align=\"left\" \/>Santo Domingo.-<\/strong> Heinz Vieluf  Cabrera, miembro del Comit\u00e9 Central y  Senador del Partido de la Liberaci\u00f3n Dominicana por la provincia de  Montecristi, consider\u00f3 que el marco de apertura del PLD y la obra de gobierno  del Presidente Leonel Fern\u00e1ndez\u00a0motivar\u00e1n el respaldo masivo del  electorado, lo que le permitir\u00e1 al candidato pelede\u00edsta proseguir con su visi\u00f3n de hacer de la Rep\u00fablica Dominicana  un pa\u00eds a la vanguardia en Latinoam\u00e9rica. <\/p>\n<p>&#13;<\/p>\n<p align=\"justify\" class=\"text1noticias\">Destac\u00f3 que la naci\u00f3n es  encausada por un r\u00e9gimen de derecho y de solidez\u00a0 institucional al igual que de esperanza y  prosperidad \u00abpara que todos los dominicanos puedan tener una oportunidad  prometedora, que solo Leonel y el PLD pueden darle al pa\u00eds\u00bb. <\/p>\n<p>&#13;<\/p>\n<p align=\"justify\" class=\"text1noticias\">Sus palabras se produjeron en  el acto de Juramentaci\u00f3n del Comit\u00e9 Provincial y los Comit\u00e9s Municipales de  campa\u00f1a del PLD en Montecristi, acto planificado por el Comit\u00e9 Nacional de  Campa\u00f1a, en la l\u00ednea de activismo en los d\u00edas previos al acto de proclamaci\u00f3n  de la candidatura, fijado para noviembre pr\u00f3ximo. <\/p>\n<p>&#13;<\/p>\n<p align=\"justify\" class=\"text1noticias\">Los pelelede\u00edstas y sus  aliados\u00a0 abarrotaron las instalaciones  del Multiuso de San Fernando, Montecristi, donde qued\u00f3 juramentado el Comit\u00e9  Provincial de Campa\u00f1a del Partido Morado. <\/p>\n<p>&#13;<\/p>\n<p align=\"justify\" class=\"text1noticias\">Euclides Guti\u00e9rrez F\u00e9lix y  Jos\u00e9 Ram\u00f3n Fadul presidieron\u00a0 la  actividad, en la particip\u00f3 tambi\u00e9n Bienvenido P\u00e9rez, el Senador de Cabrera\u00a0 Alejandro Toribio; y Miguel Tito Bejar\u00e1n\u00a0 del Comit\u00e9 Central, el gobernador Santiago  Caba; y los sindicos\u00a0 Mami Sosa,\u00a0 de Pepillo Salcedo; y el Ing. Ignacio  Datt,\u00a0 de Montecristi. <\/p>\n<p>&#13;<\/p>\n<p align=\"justify\" class=\"text1noticias\">Una nutrida representaci\u00f3n de  los Comit\u00e9s de apoyo al PLD y al candidato presidencial estuvo presente en el  acto.\u00a0 <\/p>\n<p>&#13;<\/p>\n<p align=\"justify\" class=\"text1noticias\">El Comit\u00e9, que tiene bajo su  responsabilidad dirigir, organizar y promover la candidatura del presidente de la Rep\u00fablica Leonel  Fern\u00e1ndez, est\u00e1 conformado por Santiago Rafael Caba Abreu, coordinador de los  municipios de Villa V\u00e1squez y Montecristi; Heinz Vieluf Cabrera, de los  municipios de Guayub\u00edn y Villa V\u00e1squez; Alejandro Toribio, de los municipios de  Pepillo Salcedo y Las Matas de Santa Cruz; Miguel Bejar\u00e1n, director de  estrategia; Juli\u00e1n Santos, de propaganda; de asuntos electorales, Dem\u00f3stenes  Rodr\u00edguez; y de finanzas Rafael (Viejo) Villalona. <\/p>\n<p>&#13;<\/p>\n<p align=\"justify\" class=\"text1noticias\">Tambi\u00e9n pertenecen al Comit\u00e9  Provincial de Campa\u00f1a del PLD en Montecristi Ignacio Rosa, de encargado de  seguridad integral; Icelsa Coste, de asistencia comunitaria; Antonio Fern\u00e1ndez,  del sector externo; Angelita Pe\u00f1a, del sector femenino; Lety Gonz\u00e1lez, de la direcci\u00f3n  de la juventud; Elvis Mu\u00f1oz Sosa, de asuntos profesionales; Francisca Belliart,  de actos y protocolo; y Apolinar Jim\u00e9nez, de transporte; <\/p>\n<p>&#13;<\/p>\n<p align=\"justify\" class=\"text1noticias\">El comit\u00e9 lo integran adem\u00e1s  Demetrio Castro, como encargado de comunicaciones; Adolfo P\u00e9rez, de cultos; Santo  Villam\u00e1n, de planta f\u00edsica; Jos\u00e9 Pelaje Rojas, de asuntos agropecuarios;  Hip\u00f3lito Pe\u00f1a, de asuntos magisteriales; Mart\u00edn Sosa, de salud; Domingo N\u00fa\u00f1ez,  de asuntos populares; Jos\u00e9 Reyes, de asuntos campesinos; Mario Rodr\u00edguez, de  asuntos municipales; Ram\u00f3n Popoteur, de asuntos empresariales; e Inocencio  Pe\u00f1a, encargado de partidos aliados. <\/p>\n<p>&#13;<\/p>\n<p align=\"justify\" class=\"text1noticias\">Los trabajos de la  coordinadora provincial de Montecristi, empezaron de inmediato, los designados  asumieron sus responsabilidades llamando a toda la militancia y sectores  comprometidos a integrarse masivamente al trabajo de campa\u00f1a que mantendr\u00e1 en  el poder al doctor Leonel Fern\u00e1ndez con su pol\u00edtica de desarrollo y futuro para  la Rep\u00fablica   Dominicana.<\/p>\n<p>&#13;<\/p>\n<h6> 2007-10-23 14:14:13 <\/h6>\n<p><!--\n<link rel=\"stylesheet\" href=\"css\/bootstrap.min.css\">\n\n\n<ul class=\"pagination\">\n\t    \n\t\n\n<li >\n\t<a href='?page_no=34845'>Previous<\/a>\n\t<\/li>\n\n\n       \n    \n\n<li><a href='?page_no=1'>1<\/a><\/li>\n\n\n\n<li><a href='?page_no=2'>2<\/a><\/li>\n\n\n\n<li><a>...<\/a><\/li>\n\n\n\n<li><a href='?page_no=34844'>34844<\/a><\/li>\n\n\n\n<li><a href='?page_no=34845'>34845<\/a><\/li>\n\n\n\n<li class='active'><a>34846<\/a><\/li>\n\n\n\n<li><a href='?page_no=34847'>34847<\/a><\/li>\n\n\n\n<li><a href='?page_no=34848'>34848<\/a><\/li>\n\n\n\n<li><a>...<\/a><\/li>\n\n\n\n<li><a href='?page_no=36999'>36999<\/a><\/li>\n\n\n\n<li><a href='?page_no=37000'>37000<\/a><\/li>\n\n    \n\t\n\n<li >\n\t<a href='?page_no=34847'>Next<\/a>\n\t<\/li>\n\n\n    \n\n<li><a href='?page_no=37000'>Last &rsaquo;&rsaquo;<\/a><\/li>\n\n<\/ul>\n\n\n--><br \/>\n<\/body><\/p>\n","protected":false},"excerpt":{"rendered":"<p>Estima que Leonel mantendr\u00e1 visi\u00f3n de colocar a RD en la vanguardia de latinoamerica &#13; Santo Domingo.- Heinz Vieluf Cabrera, miembro del Comit\u00e9 Central y Senador del Partido de la Liberaci\u00f3n Dominicana por la provincia de Montecristi, consider\u00f3 que el marco de apertura del PLD y la obra de gobierno del Presidente Leonel Fern\u00e1ndez\u00a0motivar\u00e1n el [&hellip;]<\/p>\n","protected":false},"author":3,"featured_media":0,"comment_status":"open","ping_status":"open","sticky":false,"template":"","format":"standard","meta":{"footnotes":""},"categories":[22],"tags":[],"class_list":["post-192098","post","type-post","status-publish","format-standard","hentry","category-politica"],"_links":{"self":[{"href":"https:\/\/diariodominicano.com\/index.php?rest_route=\/wp\/v2\/posts\/192098","targetHints":{"allow":["GET"]}}],"collection":[{"href":"https:\/\/diariodominicano.com\/index.php?rest_route=\/wp\/v2\/posts"}],"about":[{"href":"https:\/\/diariodominicano.com\/index.php?rest_route=\/wp\/v2\/types\/post"}],"author":[{"embeddable":true,"href":"https:\/\/diariodominicano.com\/index.php?rest_route=\/wp\/v2\/users\/3"}],"replies":[{"embeddable":true,"href":"https:\/\/diariodominicano.com\/index.php?rest_route=%2Fwp%2Fv2%2Fcomments&post=192098"}],"version-history":[{"count":0,"href":"https:\/\/diariodominicano.com\/index.php?rest_route=\/wp\/v2\/posts\/192098\/revisions"}],"wp:attachment":[{"href":"https:\/\/diariodominicano.com\/index.php?rest_route=%2Fwp%2Fv2%2Fmedia&parent=192098"}],"wp:term":[{"taxonomy":"category","embeddable":true,"href":"https:\/\/diariodominicano.com\/index.php?rest_route=%2Fwp%2Fv2%2Fcategories&post=192098"},{"taxonomy":"post_tag","embeddable":true,"href":"https:\/\/diariodominicano.com\/index.php?rest_route=%2Fwp%2Fv2%2Ftags&post=192098"}],"curies":[{"name":"wp","href":"https:\/\/api.w.org\/{rel}","templated":true}]}}