{"id":192097,"date":"2007-10-23T17:08:30","date_gmt":"2007-10-23T17:08:30","guid":{"rendered":"http:\/\/diariodominicano.ddns.net\/?p=192097"},"modified":"2007-10-23T17:08:30","modified_gmt":"2007-10-23T17:08:30","slug":"ligia-amada-melo-dice-que-danilo-quiere-triunfo-del-pld","status":"publish","type":"post","link":"https:\/\/diariodominicano.com\/?p=192097","title":{"rendered":"Ligia Amada Melo dice que Danilo quiere triunfo del PLD"},"content":{"rendered":"<p><body><\/p>\n<p class=\"titulogrande1\">Ligia  Amada Melo dice que Danilo quiere triunfo del PLD<\/p>\n<p>&#13;<\/p>\n<p align=\"justify\" class=\"text1noticias\"><strong>Santo Domingo.-\u00a0<\/strong>\u00abDanilo es un peledeista, y Danilo  quiere el triunfo del PLD\u00bb, exclam\u00f3 Ligia Amada Melo, integrante del  Comit\u00e9 Central del Partido de la Liberaci\u00f3n Dominicana  (PLD), respecto de la expectativa de que Danilo Medina participe en la  proclamaci\u00f3n oficial de la candidatura presidencial del doctor Leonel  Fern\u00e1ndez, el pr\u00f3ximo 18 de noviembre. <\/p>\n<p>&#13;<\/p>\n<p align=\"justify\" class=\"text1noticias\">La  dirigente peledeista aclar\u00f3 que ese tema no se\u00a0  ha tratado en las habituales reuniones del Comit\u00e9 Nacional de Campa\u00f1a. <\/p>\n<p>&#13;<\/p>\n<p align=\"justify\" class=\"text1noticias\"> Agreg\u00f3 que \u00abdif\u00edcilmente t\u00fa sabes  en una reuni\u00f3n de esas qui\u00e9nes estaban en un lado y qui\u00e9nes estaban en  otro\u00bb, coment\u00f3 Ligia Amada Melo en nota de la Secretar\u00eda de  Comunicaciones del PLD, para aludir la integraci\u00f3n total de la dirigencia y  militancia peledeista a la campa\u00f1a electoral.<\/p>\n<p>&#13;<\/p>\n<p align=\"justify\" class=\"text1noticias\"> Se\u00f1al\u00f3 la participaci\u00f3n activa en el  Comit\u00e9 Nacional de Campa\u00f1a de los dirigentes Sim\u00f3n Lizardo y Carlos Amarante  Baret, quienes respaldar la aspiraci\u00f3n a la precandidatura presidencial de su  compa\u00f1ero Danilo Medina. <\/p>\n<p>&#13;<\/p>\n<p align=\"justify\" class=\"text1noticias\"> Dijo que en el caso de su provincia, La Altagracia, los dos  equipos que participaron internamente por la nominaci\u00f3n presidencial del PLD  ahora se reparten las responsabilidades de campa\u00f1a en esa demarcaci\u00f3n. <\/p>\n<p>&#13;<\/p>\n<p align=\"justify\" class=\"text1noticias\">\u00abTu no ves ah\u00ed absolutamente  diferencia alguna. Est\u00e1n totalmente  unificados\u00bb, dijo la tambi\u00e9n secretaria de Estado de Educaci\u00f3n Superior,  Ciencia y Tecnolog\u00eda. <\/p>\n<p>&#13;<\/p>\n<p align=\"justify\" class=\"text1noticias\"> Asegur\u00f3 que la realidad que viven los  peledeista higueyanos tambi\u00e9n se verifica en todas las localidades seg\u00fan  reportan los encargados territoriales en las reuniones del Comit\u00e9 Nacional de  Campa\u00f1a. <\/p>\n<p>&#13;<\/p>\n<p align=\"justify\" class=\"text1noticias\"> Declar\u00f3 que de igual forma los  partidos y fuerzas aliadas se han integrado manifiestamente a los trabajos de  coordinaci\u00f3n y a la ejecuci\u00f3n de los planes de campa\u00f1a. <\/p>\n<p>&#13;<\/p>\n<p align=\"justify\" class=\"text1noticias\">\u00abHemos estado trabajando con  ellos en la programaci\u00f3n general\u00bb, precis\u00f3 la integrante del Comit\u00e9  Central y Comit\u00e9 Nacional de Campa\u00f1a del PLD. <\/p>\n<p>&#13;<\/p>\n<p align=\"justify\" class=\"text1noticias\"> Ligia Amada Melo reivindic\u00f3 los  m\u00e9ritos dirigenciales del ex precandidato presidencial Danilo Medina,  se\u00f1al\u00e1ndolo como un peledeista a toda prueba. <\/p>\n<p>&#13;<\/p>\n<p align=\"justify\" class=\"text1noticias\"> Reiter\u00f3 que dada esa aferrada  militancia de Medina, \u00e9ste respalda que el Partido de la Liberaci\u00f3n Dominicana  se mantenga al frente de la direcci\u00f3n del Estado.<\/p>\n<p>&#13;<\/p>\n<h6> 2007-10-23 17:08:30 <\/h6>\n<p><!--\n<link rel=\"stylesheet\" href=\"css\/bootstrap.min.css\">\n\n\n<ul class=\"pagination\">\n\t    \n\t\n\n<li >\n\t<a href='?page_no=34844'>Previous<\/a>\n\t<\/li>\n\n\n       \n    \n\n<li><a href='?page_no=1'>1<\/a><\/li>\n\n\n\n<li><a href='?page_no=2'>2<\/a><\/li>\n\n\n\n<li><a>...<\/a><\/li>\n\n\n\n<li><a href='?page_no=34843'>34843<\/a><\/li>\n\n\n\n<li><a href='?page_no=34844'>34844<\/a><\/li>\n\n\n\n<li class='active'><a>34845<\/a><\/li>\n\n\n\n<li><a href='?page_no=34846'>34846<\/a><\/li>\n\n\n\n<li><a href='?page_no=34847'>34847<\/a><\/li>\n\n\n\n<li><a>...<\/a><\/li>\n\n\n\n<li><a href='?page_no=36999'>36999<\/a><\/li>\n\n\n\n<li><a href='?page_no=37000'>37000<\/a><\/li>\n\n    \n\t\n\n<li >\n\t<a href='?page_no=34846'>Next<\/a>\n\t<\/li>\n\n\n    \n\n<li><a href='?page_no=37000'>Last &rsaquo;&rsaquo;<\/a><\/li>\n\n<\/ul>\n\n\n--><br \/>\n<\/body><\/p>\n","protected":false},"excerpt":{"rendered":"<p>Ligia Amada Melo dice que Danilo quiere triunfo del PLD &#13; Santo Domingo.-\u00a0\u00abDanilo es un peledeista, y Danilo quiere el triunfo del PLD\u00bb, exclam\u00f3 Ligia Amada Melo, integrante del Comit\u00e9 Central del Partido de la Liberaci\u00f3n Dominicana (PLD), respecto de la expectativa de que Danilo Medina participe en la proclamaci\u00f3n oficial de la candidatura presidencial [&hellip;]<\/p>\n","protected":false},"author":3,"featured_media":0,"comment_status":"open","ping_status":"open","sticky":false,"template":"","format":"standard","meta":{"footnotes":""},"categories":[22],"tags":[],"class_list":["post-192097","post","type-post","status-publish","format-standard","hentry","category-politica"],"_links":{"self":[{"href":"https:\/\/diariodominicano.com\/index.php?rest_route=\/wp\/v2\/posts\/192097","targetHints":{"allow":["GET"]}}],"collection":[{"href":"https:\/\/diariodominicano.com\/index.php?rest_route=\/wp\/v2\/posts"}],"about":[{"href":"https:\/\/diariodominicano.com\/index.php?rest_route=\/wp\/v2\/types\/post"}],"author":[{"embeddable":true,"href":"https:\/\/diariodominicano.com\/index.php?rest_route=\/wp\/v2\/users\/3"}],"replies":[{"embeddable":true,"href":"https:\/\/diariodominicano.com\/index.php?rest_route=%2Fwp%2Fv2%2Fcomments&post=192097"}],"version-history":[{"count":0,"href":"https:\/\/diariodominicano.com\/index.php?rest_route=\/wp\/v2\/posts\/192097\/revisions"}],"wp:attachment":[{"href":"https:\/\/diariodominicano.com\/index.php?rest_route=%2Fwp%2Fv2%2Fmedia&parent=192097"}],"wp:term":[{"taxonomy":"category","embeddable":true,"href":"https:\/\/diariodominicano.com\/index.php?rest_route=%2Fwp%2Fv2%2Fcategories&post=192097"},{"taxonomy":"post_tag","embeddable":true,"href":"https:\/\/diariodominicano.com\/index.php?rest_route=%2Fwp%2Fv2%2Ftags&post=192097"}],"curies":[{"name":"wp","href":"https:\/\/api.w.org\/{rel}","templated":true}]}}