{"id":192096,"date":"2007-10-23T17:15:08","date_gmt":"2007-10-23T17:15:08","guid":{"rendered":"http:\/\/diariodominicano.ddns.net\/?p=192096"},"modified":"2007-10-23T17:15:08","modified_gmt":"2007-10-23T17:15:08","slug":"felipe-payano-proclama-leonel-seguira-apoyando-deporte","status":"publish","type":"post","link":"https:\/\/diariodominicano.com\/?p=192096","title":{"rendered":"Felipe Payano proclama \u201cLeonel seguir\u00e1 apoyando Deporte\u201d"},"content":{"rendered":"<p><body><\/p>\n<p class=\"titulogrande1\">Felipe Payano  proclama \u201cLeonel seguir\u00e1  apoyando Deporte\u201d<\/p>\n<p>&#13;<\/p>\n<p align=\"justify\" class=\"text1noticias\"><strong>Santo Domingo.-<\/strong>\u00abMientras  est\u00e9 al frente de la cartera no desmayar\u00e9 en seguirle dando soporte y ayuda a  todos los deportistas dominicanos, con el respaldo del presidente Leonel  Fern\u00e1ndez, sin importar partidos pol\u00edticos, credo religioso o color y en esto  juegan un rol estelar los Inmortales del Deporte que hoy tienen una vida digna  y decente\u00bb.<\/p>\n<p>&#13;<\/p>\n<p align=\"justify\" class=\"text1noticias\">Puntualiz\u00f3 que el presidente  Fern\u00e1ndez ha dado un s\u00f3lido apoyo al deporte nacional desde su primer mandato y  ahora, y asegur\u00f3 que continuar\u00e1 por esa l\u00ednea por es un hombre que cree en la  juventud, en el apoyo a la parte social y humana del deportista criollo.<\/p>\n<p>&#13;<\/p>\n<p align=\"justify\" class=\"text1noticias\">Sostuvo que ha dado apoyo en  diferentes vertientes a cientos de deportistas, incluyendo a inmortales, que se  han apersonado a su despacho y le ha abierto sus brazos.<\/p>\n<p>&#13;<\/p>\n<p align=\"justify\" class=\"text1noticias\">Coment\u00f3 que lo ha demostrado  con creces con su respaldo a los grandes eventos y tambi\u00e9n a los Jugos  provinciales, municipales, Juegos Nacionales, los Salesianos, las Olimpiadas  Especiales, Don Bosco, los de Cristo Rey, as\u00ed como al COD, a las Federaciones  deportivas, clubes, ligas, asociaciones.<\/p>\n<p>&#13;<\/p>\n<p align=\"justify\" class=\"text1noticias\">Mientras que a nombre de los  inmortales del deporte , Do\u00f1a Celina S\u00e1nchez, agradeci\u00f3 profundamente el gesto  y las atenciones personalizadas de Payano y lo valoraron en su justa dimensi\u00f3n.  En iguales t\u00e9minos se pronunci\u00f3 el Cristian Maluf. <\/p>\n<p>&#13;<\/p>\n<p align=\"justify\" class=\"text1noticias\">Sentenci\u00f3 que siempre  obsevaba que cada a\u00f1o se celebraba el evento de exaltaci\u00f3n de nuevas figuras y  no hab\u00eda una atenci\u00f3n por parte del Estado.<\/p>\n<p>&#13;<\/p>\n<h6> 2007-10-23 17:15:08 <\/h6>\n<p><!--\n<link rel=\"stylesheet\" href=\"css\/bootstrap.min.css\">\n\n\n<ul class=\"pagination\">\n\t    \n\t\n\n<li >\n\t<a href='?page_no=34843'>Previous<\/a>\n\t<\/li>\n\n\n       \n    \n\n<li><a href='?page_no=1'>1<\/a><\/li>\n\n\n\n<li><a href='?page_no=2'>2<\/a><\/li>\n\n\n\n<li><a>...<\/a><\/li>\n\n\n\n<li><a href='?page_no=34842'>34842<\/a><\/li>\n\n\n\n<li><a href='?page_no=34843'>34843<\/a><\/li>\n\n\n\n<li class='active'><a>34844<\/a><\/li>\n\n\n\n<li><a href='?page_no=34845'>34845<\/a><\/li>\n\n\n\n<li><a href='?page_no=34846'>34846<\/a><\/li>\n\n\n\n<li><a>...<\/a><\/li>\n\n\n\n<li><a href='?page_no=36999'>36999<\/a><\/li>\n\n\n\n<li><a href='?page_no=37000'>37000<\/a><\/li>\n\n    \n\t\n\n<li >\n\t<a href='?page_no=34845'>Next<\/a>\n\t<\/li>\n\n\n    \n\n<li><a href='?page_no=37000'>Last &rsaquo;&rsaquo;<\/a><\/li>\n\n<\/ul>\n\n\n--><br \/>\n<\/body><\/p>\n","protected":false},"excerpt":{"rendered":"<p>Felipe Payano proclama \u201cLeonel seguir\u00e1 apoyando Deporte\u201d &#13; Santo Domingo.-\u00abMientras est\u00e9 al frente de la cartera no desmayar\u00e9 en seguirle dando soporte y ayuda a todos los deportistas dominicanos, con el respaldo del presidente Leonel Fern\u00e1ndez, sin importar partidos pol\u00edticos, credo religioso o color y en esto juegan un rol estelar los Inmortales del Deporte [&hellip;]<\/p>\n","protected":false},"author":3,"featured_media":0,"comment_status":"open","ping_status":"open","sticky":false,"template":"","format":"standard","meta":{"footnotes":""},"categories":[22],"tags":[],"class_list":["post-192096","post","type-post","status-publish","format-standard","hentry","category-politica"],"_links":{"self":[{"href":"https:\/\/diariodominicano.com\/index.php?rest_route=\/wp\/v2\/posts\/192096","targetHints":{"allow":["GET"]}}],"collection":[{"href":"https:\/\/diariodominicano.com\/index.php?rest_route=\/wp\/v2\/posts"}],"about":[{"href":"https:\/\/diariodominicano.com\/index.php?rest_route=\/wp\/v2\/types\/post"}],"author":[{"embeddable":true,"href":"https:\/\/diariodominicano.com\/index.php?rest_route=\/wp\/v2\/users\/3"}],"replies":[{"embeddable":true,"href":"https:\/\/diariodominicano.com\/index.php?rest_route=%2Fwp%2Fv2%2Fcomments&post=192096"}],"version-history":[{"count":0,"href":"https:\/\/diariodominicano.com\/index.php?rest_route=\/wp\/v2\/posts\/192096\/revisions"}],"wp:attachment":[{"href":"https:\/\/diariodominicano.com\/index.php?rest_route=%2Fwp%2Fv2%2Fmedia&parent=192096"}],"wp:term":[{"taxonomy":"category","embeddable":true,"href":"https:\/\/diariodominicano.com\/index.php?rest_route=%2Fwp%2Fv2%2Fcategories&post=192096"},{"taxonomy":"post_tag","embeddable":true,"href":"https:\/\/diariodominicano.com\/index.php?rest_route=%2Fwp%2Fv2%2Ftags&post=192096"}],"curies":[{"name":"wp","href":"https:\/\/api.w.org\/{rel}","templated":true}]}}