{"id":192095,"date":"2007-10-23T17:21:13","date_gmt":"2007-10-23T17:21:13","guid":{"rendered":"http:\/\/diariodominicano.ddns.net\/?p=192095"},"modified":"2007-10-23T17:21:13","modified_gmt":"2007-10-23T17:21:13","slug":"considera-temor-a-retorno-de-pepehachismo-perredeista-provocara-votacion-historica-a-favor-de-leonel","status":"publish","type":"post","link":"https:\/\/diariodominicano.com\/?p=192095","title":{"rendered":"Considera  temor a retorno de pepehachismo perredeista provocar\u00e1 votaci\u00f3n hist\u00f3rica a favor de Leonel"},"content":{"rendered":"<p><body><\/p>\n<p align=\"justify\" class=\"titulogrande1\">Considera\u00a0 temor a retorno de pepehachismo perredeista  provocar\u00e1 votaci\u00f3n hist\u00f3rica a favor de Leonel<\/p>\n<p>&#13;<\/p>\n<p align=\"justify\" class=\"text1noticias\"><strong>Santo Domingo.-<\/strong> Un dirigente  del Partido de la   Liberaci\u00f3n Dominicana (PLD) consider\u00f3 que el temor de volver  a ser gobernado por el pepehachismo perredeista har\u00e1 que el electorado  dominicano produzca otra votaci\u00f3n hist\u00f3rica a favor del doctor Leonel Fern\u00e1ndez  y se registre una baja abstenci\u00f3n en los venideros comicios presidenciales del  2008. <br \/>&#13;<br \/>\n  <br \/>&#13;<br \/>\nRam\u00f3n Ventura Camejo, integrante de los  comit\u00e9s Pol\u00edtico y Nacional de Campa\u00f1a del Partido de la Liberaci\u00f3n Dominicana  (PLD), dijo que \u00abante el temor de volver al pasado, al problema econ\u00f3mico,  a la devaluaci\u00f3n, a la inflaci\u00f3n; pues todo eso aterra\u00bb.<\/p>\n<p>&#13;<\/p>\n<p align=\"justify\" class=\"text1noticias\"> Manifest\u00f3 el convencimiento de que a  medida que se acerque el 16 de mayo el triunfo de la candidatura del PLD y  aliados\u00a0\u00a0 solo precisar\u00e1 de la formalidad  del voto. <br \/>&#13;<br \/>\n  <br \/>&#13;<br \/>\nInsisti\u00f3 en que la abstenci\u00f3n  electoral se mantendr\u00e1 en los par\u00e1metros normales y que ir\u00e1 progresivamente  disminuyendo por el efecto que generan las simpat\u00edas partidarias. <\/p>\n<p>&#13;<\/p>\n<p align=\"justify\" class=\"text1noticias\">Refiri\u00f3  que los estudios del comportamiento electoral de los latinoamericanos reflejan  que los ciudadanos tienden a integrarse progresivamente a sus candidaturas  preferidas seg\u00fan se acerca la fecha de los comicios. <\/p>\n<p>&#13;<\/p>\n<p align=\"justify\" class=\"text1noticias\">\u00abSeg\u00fan se aproxima el d\u00eda de las  elecciones la gente tiende a inclinarse, a decidirse por una opci\u00f3n; por lo que  pienso que la abstenci\u00f3n no sobrepasar\u00e1 el 25 por ciento\u00bb, <\/p>\n<p>&#13;<\/p>\n<p align=\"justify\" class=\"text1noticias\">Acot\u00f3 que dentro de los pa\u00edses del \u00e1rea caribe\u00f1a y latinoamericana la Rep\u00fablica Dominicana     es de los que menos abstenci\u00f3n electoral registra.<\/p>\n<p>&#13;<\/p>\n<p align=\"justify\" class=\"text1noticias\">Analiz\u00f3  que la crisis de las zonas francas no es generada por el gobierno de la Rep\u00fablica Dominicana,  sino como consecuencia de la apertura a la producci\u00f3n asi\u00e1tica y de la India.<\/p>\n<p>&#13;<\/p>\n<p align=\"justify\" class=\"text1noticias\"> Refiri\u00f3 que conciente de esa situaci\u00f3n  las presentes autoridades han estado reuni\u00e9ndose y actuando conjuntamente con  el empresariado vinculado a las zonas francas. <\/p>\n<p>&#13;<\/p>\n<p align=\"justify\" class=\"text1noticias\">\u00abY recientemente de emiti\u00f3 un  decreto de asistencia a los trabajadores de zonas francas, como una forma de  paliar, y estimular el empleo en ese sector\u00bb, concluy\u00f3 el integrante de la  direcci\u00f3n pol\u00edtica del PLD. <\/p>\n<p>&#13;<\/p>\n<h6> 2007-10-23 17:21:13 <\/h6>\n<p><!--\n<link rel=\"stylesheet\" href=\"css\/bootstrap.min.css\">\n\n\n<ul class=\"pagination\">\n\t    \n\t\n\n<li >\n\t<a href='?page_no=34842'>Previous<\/a>\n\t<\/li>\n\n\n       \n    \n\n<li><a href='?page_no=1'>1<\/a><\/li>\n\n\n\n<li><a href='?page_no=2'>2<\/a><\/li>\n\n\n\n<li><a>...<\/a><\/li>\n\n\n\n<li><a href='?page_no=34841'>34841<\/a><\/li>\n\n\n\n<li><a href='?page_no=34842'>34842<\/a><\/li>\n\n\n\n<li class='active'><a>34843<\/a><\/li>\n\n\n\n<li><a href='?page_no=34844'>34844<\/a><\/li>\n\n\n\n<li><a href='?page_no=34845'>34845<\/a><\/li>\n\n\n\n<li><a>...<\/a><\/li>\n\n\n\n<li><a href='?page_no=36999'>36999<\/a><\/li>\n\n\n\n<li><a href='?page_no=37000'>37000<\/a><\/li>\n\n    \n\t\n\n<li >\n\t<a href='?page_no=34844'>Next<\/a>\n\t<\/li>\n\n\n    \n\n<li><a href='?page_no=37000'>Last &rsaquo;&rsaquo;<\/a><\/li>\n\n<\/ul>\n\n\n--><br \/>\n<\/body><\/p>\n","protected":false},"excerpt":{"rendered":"<p>Considera\u00a0 temor a retorno de pepehachismo perredeista provocar\u00e1 votaci\u00f3n hist\u00f3rica a favor de Leonel &#13; Santo Domingo.- Un dirigente del Partido de la Liberaci\u00f3n Dominicana (PLD) consider\u00f3 que el temor de volver a ser gobernado por el pepehachismo perredeista har\u00e1 que el electorado dominicano produzca otra votaci\u00f3n hist\u00f3rica a favor del doctor Leonel Fern\u00e1ndez y [&hellip;]<\/p>\n","protected":false},"author":3,"featured_media":0,"comment_status":"open","ping_status":"open","sticky":false,"template":"","format":"standard","meta":{"footnotes":""},"categories":[22],"tags":[],"class_list":["post-192095","post","type-post","status-publish","format-standard","hentry","category-politica"],"_links":{"self":[{"href":"https:\/\/diariodominicano.com\/index.php?rest_route=\/wp\/v2\/posts\/192095","targetHints":{"allow":["GET"]}}],"collection":[{"href":"https:\/\/diariodominicano.com\/index.php?rest_route=\/wp\/v2\/posts"}],"about":[{"href":"https:\/\/diariodominicano.com\/index.php?rest_route=\/wp\/v2\/types\/post"}],"author":[{"embeddable":true,"href":"https:\/\/diariodominicano.com\/index.php?rest_route=\/wp\/v2\/users\/3"}],"replies":[{"embeddable":true,"href":"https:\/\/diariodominicano.com\/index.php?rest_route=%2Fwp%2Fv2%2Fcomments&post=192095"}],"version-history":[{"count":0,"href":"https:\/\/diariodominicano.com\/index.php?rest_route=\/wp\/v2\/posts\/192095\/revisions"}],"wp:attachment":[{"href":"https:\/\/diariodominicano.com\/index.php?rest_route=%2Fwp%2Fv2%2Fmedia&parent=192095"}],"wp:term":[{"taxonomy":"category","embeddable":true,"href":"https:\/\/diariodominicano.com\/index.php?rest_route=%2Fwp%2Fv2%2Fcategories&post=192095"},{"taxonomy":"post_tag","embeddable":true,"href":"https:\/\/diariodominicano.com\/index.php?rest_route=%2Fwp%2Fv2%2Ftags&post=192095"}],"curies":[{"name":"wp","href":"https:\/\/api.w.org\/{rel}","templated":true}]}}