{"id":192092,"date":"2007-10-24T14:25:30","date_gmt":"2007-10-24T14:25:30","guid":{"rendered":"http:\/\/diariodominicano.ddns.net\/?p=192092"},"modified":"2007-10-24T14:25:30","modified_gmt":"2007-10-24T14:25:30","slug":"domingo-jimenez-dice-que-los-perredeistas-sepultan-el-jacho-prendio","status":"publish","type":"post","link":"https:\/\/diariodominicano.com\/?p=192092","title":{"rendered":"Domingo Jim\u00e9nez dice que los perredeistas sepultan el \u201cjacho prend\u00edo\u201d"},"content":{"rendered":"<p><body><\/p>\n<p align=\"justify\" class=\"titulogrande1\">Domingo  Jim\u00e9nez dice que los perredeistas sepultan el \u201cjacho prend\u00edo\u201d<\/p>\n<p>&#13;<\/p>\n<p align=\"justify\" class=\"text1noticias\"><strong>Santo Domingo.-<\/strong> Domingo  Jim\u00e9nez, miembro de los comit\u00e9s Central y Nacional de Campa\u00f1a del Partido de la Liberaci\u00f3n Dominicana,  asegur\u00f3 que los estrategas del candidato presidencial del PRD\u00a0 han definido que no se puede presentar\u00a0 los s\u00edmbolos de la agrupaci\u00f3n con los  del\u00a0 candidato, porque el pueblo lo  asocia con los momentos de desgracia y las experiencias funestas que ha vivido la Rep\u00fablica Dominicana. <\/p>\n<p>&#13;<\/p>\n<p align=\"justify\" class=\"text1noticias\">Indic\u00f3 que si se observan las  vallas de propaganda\u00a0\u00a0 del candidato  perredeista\u00a0 se puede notar que las  mismas carecen del \u00abjacho prendi\u00f3\u00bb y de las siglas del partido  blanco, lo que evidencia la estrategia concebida por sus asesores <\/p>\n<p>&#13;<\/p>\n<p align=\"justify\" class=\"text1noticias\">\u00abCon esta publicidad ellos admiten que  presentar al PRD al lado de Miguelito es malo; y es malo\u00a0 porque, como ha dicho el Presidente Leonel  Fern\u00e1ndez, constituye una desgracia nacional\u00bb, precis\u00f3 el dirigente  pelede\u00edsta en una rese\u00f1a de\u00a0\u00a0 la Secretar\u00eda de  Comunicaciones del PLD.<\/p>\n<p>&#13;<\/p>\n<p align=\"justify\" class=\"text1noticias\">Se\u00f1al\u00f3 que el pueblo sabe que  hablar del candidato perredeista, es sin\u00f3nimo de hablar del PPH, ya que  fue\u00a0 el principal funcionario de su  gobierno y un abanderado de sus repostulaci\u00f3n. <\/p>\n<p>&#13;<\/p>\n<p align=\"justify\" class=\"text1noticias\">Afirm\u00f3 que en todas las  encuestas publicadas, incluyendo las realizadas por la oposici\u00f3n, colocan al  Presidente Leonel Fern\u00e1ndez en primer lugar en la preferencia del electorado,  lo que le asegura una victoria contundente en la primera vuelta. <\/p>\n<p>&#13;<\/p>\n<p align=\"justify\" class=\"text1noticias\">Manifest\u00f3 que las encuestas  publicadas durante el mes de septiembre hasta mediados del mes de octubre le  dan al candidato pelede\u00edsta entre un 48 y un 54 por ciento, lo que se traduce  en un triunfo seguro en la primera vuelta. <\/p>\n<p>&#13;<\/p>\n<p align=\"justify\" class=\"text1noticias\">Asegur\u00f3 que cuando la campa\u00f1a inicie  formalmente esos n\u00fameros subir\u00e1n, ya que lo que el PLD ha estado haciendo es un  calentamiento para responder a la necesidad de la gente de tener contacto  directo con el Presidente Leonel Fern\u00e1ndez. <\/p>\n<p>&#13;<\/p>\n<p align=\"justify\" class=\"text1noticias\">Contrario al consolidado  posicionamiento del PLD y del Presidente Leonel Fern\u00e1ndez , el candidato  perredeista\u00a0 se mantiene rondando en el  mismo porcentaje obtenido en las elecciones del 2004, pese a que tiene ya a\u00f1os  en <\/p>\n<p>&#13;<\/p>\n<p align=\"justify\" class=\"text1noticias\">\u00abEl candidato del PRD en el momento que  mejor ha estado ha sido con un 35 por ciento, de ah\u00ed se ha desplomado impresionantemente\u00bb,  precis\u00f3. <\/p>\n<p>&#13;<\/p>\n<p align=\"justify\" class=\"text1noticias\">Indic\u00f3 que la Rep\u00fablica Dominicana  cuenta el Presidente Leonel Fern\u00e1ndez\u00a0  con un candidato presidencial s\u00f3lido, con una fortaleza extraordinaria,  que marcha hacia una victoria electoral. <\/p>\n<p>&#13;<\/p>\n<h6> 2007-10-24 14:25:30 <\/h6>\n<p><!--\n<link rel=\"stylesheet\" href=\"css\/bootstrap.min.css\">\n\n\n<ul class=\"pagination\">\n\t    \n\t\n\n<li >\n\t<a href='?page_no=34839'>Previous<\/a>\n\t<\/li>\n\n\n       \n    \n\n<li><a href='?page_no=1'>1<\/a><\/li>\n\n\n\n<li><a href='?page_no=2'>2<\/a><\/li>\n\n\n\n<li><a>...<\/a><\/li>\n\n\n\n<li><a href='?page_no=34838'>34838<\/a><\/li>\n\n\n\n<li><a href='?page_no=34839'>34839<\/a><\/li>\n\n\n\n<li class='active'><a>34840<\/a><\/li>\n\n\n\n<li><a href='?page_no=34841'>34841<\/a><\/li>\n\n\n\n<li><a href='?page_no=34842'>34842<\/a><\/li>\n\n\n\n<li><a>...<\/a><\/li>\n\n\n\n<li><a href='?page_no=36999'>36999<\/a><\/li>\n\n\n\n<li><a href='?page_no=37000'>37000<\/a><\/li>\n\n    \n\t\n\n<li >\n\t<a href='?page_no=34841'>Next<\/a>\n\t<\/li>\n\n\n    \n\n<li><a href='?page_no=37000'>Last &rsaquo;&rsaquo;<\/a><\/li>\n\n<\/ul>\n\n\n--><br \/>\n<\/body><\/p>\n","protected":false},"excerpt":{"rendered":"<p>Domingo Jim\u00e9nez dice que los perredeistas sepultan el \u201cjacho prend\u00edo\u201d &#13; Santo Domingo.- Domingo Jim\u00e9nez, miembro de los comit\u00e9s Central y Nacional de Campa\u00f1a del Partido de la Liberaci\u00f3n Dominicana, asegur\u00f3 que los estrategas del candidato presidencial del PRD\u00a0 han definido que no se puede presentar\u00a0 los s\u00edmbolos de la agrupaci\u00f3n con los del\u00a0 candidato, [&hellip;]<\/p>\n","protected":false},"author":3,"featured_media":0,"comment_status":"open","ping_status":"open","sticky":false,"template":"","format":"standard","meta":{"footnotes":""},"categories":[22],"tags":[],"class_list":["post-192092","post","type-post","status-publish","format-standard","hentry","category-politica"],"_links":{"self":[{"href":"https:\/\/diariodominicano.com\/index.php?rest_route=\/wp\/v2\/posts\/192092","targetHints":{"allow":["GET"]}}],"collection":[{"href":"https:\/\/diariodominicano.com\/index.php?rest_route=\/wp\/v2\/posts"}],"about":[{"href":"https:\/\/diariodominicano.com\/index.php?rest_route=\/wp\/v2\/types\/post"}],"author":[{"embeddable":true,"href":"https:\/\/diariodominicano.com\/index.php?rest_route=\/wp\/v2\/users\/3"}],"replies":[{"embeddable":true,"href":"https:\/\/diariodominicano.com\/index.php?rest_route=%2Fwp%2Fv2%2Fcomments&post=192092"}],"version-history":[{"count":0,"href":"https:\/\/diariodominicano.com\/index.php?rest_route=\/wp\/v2\/posts\/192092\/revisions"}],"wp:attachment":[{"href":"https:\/\/diariodominicano.com\/index.php?rest_route=%2Fwp%2Fv2%2Fmedia&parent=192092"}],"wp:term":[{"taxonomy":"category","embeddable":true,"href":"https:\/\/diariodominicano.com\/index.php?rest_route=%2Fwp%2Fv2%2Fcategories&post=192092"},{"taxonomy":"post_tag","embeddable":true,"href":"https:\/\/diariodominicano.com\/index.php?rest_route=%2Fwp%2Fv2%2Ftags&post=192092"}],"curies":[{"name":"wp","href":"https:\/\/api.w.org\/{rel}","templated":true}]}}