{"id":192089,"date":"2007-10-24T14:51:38","date_gmt":"2007-10-24T14:51:38","guid":{"rendered":"http:\/\/diariodominicano.ddns.net\/?p=192089"},"modified":"2007-10-24T14:51:38","modified_gmt":"2007-10-24T14:51:38","slug":"miguel-vargas-maldonado-regresa-este-miercoles-de-los-eeu","status":"publish","type":"post","link":"https:\/\/diariodominicano.com\/?p=192089","title":{"rendered":"Miguel Vargas Maldonado regresa este mi\u00e9rcoles de los EEU"},"content":{"rendered":"<p><body><\/p>\n<p align=\"justify\"><strong class=\"titulogrande1\">Miguel  Vargas Maldonado regresa este mi\u00e9rcoles de los EEU<\/strong> <br \/>&#13;<br \/>\n  <br \/>&#13;<br \/>\n    <span class=\"text1noticias\"><strong><img loading=\"lazy\" decoding=\"async\" src=\"http:\/\/localhost:8080\/pictures\/vargas maldonado pic.jpg\" width=\"269\" height=\"330\" hspace=\"4\" align=\"left\" \/>Santo  Domingo.-<\/strong> La direcci\u00f3n de  comunicaciones del comando nacional de campa\u00f1a del Partido Revolucionario  Dominicana inform\u00f3 que Miguel Vargas Maldonado regresa este mi\u00e9rcoles al pa\u00eds  luego de realizar una exitosa gira pol\u00edtica por los estados de New York y New  Jersey en los que permaneci\u00f3 durante cinco d\u00edas, y donde cumpli\u00f3 un intenso  programa de actividades que lo puso en contacto con los dominicanos residentes  en esas ciudades de los Estados Unidos de Norteam\u00e9rica.<br \/>&#13;<br \/>\n    <br \/>&#13;<br \/>\n    Se  indic\u00f3 que el candidato presidencial del PRD, \u00a0Miguel Vargas, se incorporar\u00e1 de inmediato a  los trabajos contemplados dentro de su estrategia pol\u00edtica de cara al certamen  electoral del 16 de mayo del pr\u00f3ximo a\u00f1o.\u00a0<br \/>&#13;<br \/>\n    <br \/>&#13;<br \/>\n    En  ese sentido, la direcci\u00f3n de comunicaciones del proyecto presidencial  perredeista, se\u00f1al\u00f3 que Miguel Vargas presidir\u00e1 este jueves una reuni\u00f3n con los  miembros de su comando nacional de campa\u00f1a, con la finalidad de programar todas  las actividades de campa\u00f1a previstas hasta el pr\u00f3ximo mes de diciembre.<br \/>&#13;<br \/>\n    <br \/>&#13;<br \/>\n    El  viernes, el candidato presidencial del Partido Revolucionario Dominicano se  trasladar\u00e1 a la provincia de Santiago de los Caballeros donde permanecer\u00e1 hasta  el domingo, cumpliendo con una apretada agenda que lo pondr\u00e1 en contacto con  diversos sectores de la sociedad santiaguera. <br \/>&#13;<br \/>\n    <br \/>&#13;<br \/>\n    La  direcci\u00f3n de comunicaciones de Miguel Vargas, record\u00f3 que por instrucciones  precisas del candidato presidencial de perredeistas,\u00a0 todos los organismos  de su comando de campa\u00f1as provinciales, regionales, municipales del PRD, est\u00e1n  intensificando los trabajos pol\u00edticos con la finalidad de ganar las elecciones  en la primera vuelta.<br \/>&#13;<br \/>\n    <br \/>&#13;<br \/>\nEstas  mismas instrucciones, se inform\u00f3, han sido impartidas\u00a0 a los movimientos  del sector externo que se han sumando a su proyecto pol\u00edtico, para que sumen  los votos independientes que simpatizan con \u00a0Vargas Maldonado. <\/span><\/p>\n<p>&#13;<\/p>\n<h6> 2007-10-24 14:51:38 <\/h6>\n<p><!--\n<link rel=\"stylesheet\" href=\"css\/bootstrap.min.css\">\n\n\n<ul class=\"pagination\">\n\t    \n\t\n\n<li >\n\t<a href='?page_no=34836'>Previous<\/a>\n\t<\/li>\n\n\n       \n    \n\n<li><a href='?page_no=1'>1<\/a><\/li>\n\n\n\n<li><a href='?page_no=2'>2<\/a><\/li>\n\n\n\n<li><a>...<\/a><\/li>\n\n\n\n<li><a href='?page_no=34835'>34835<\/a><\/li>\n\n\n\n<li><a href='?page_no=34836'>34836<\/a><\/li>\n\n\n\n<li class='active'><a>34837<\/a><\/li>\n\n\n\n<li><a href='?page_no=34838'>34838<\/a><\/li>\n\n\n\n<li><a href='?page_no=34839'>34839<\/a><\/li>\n\n\n\n<li><a>...<\/a><\/li>\n\n\n\n<li><a href='?page_no=36999'>36999<\/a><\/li>\n\n\n\n<li><a href='?page_no=37000'>37000<\/a><\/li>\n\n    \n\t\n\n<li >\n\t<a href='?page_no=34838'>Next<\/a>\n\t<\/li>\n\n\n    \n\n<li><a href='?page_no=37000'>Last &rsaquo;&rsaquo;<\/a><\/li>\n\n<\/ul>\n\n\n--><br \/>\n<\/body><\/p>\n","protected":false},"excerpt":{"rendered":"<p>Miguel Vargas Maldonado regresa este mi\u00e9rcoles de los EEU &#13; &#13; Santo Domingo.- La direcci\u00f3n de comunicaciones del comando nacional de campa\u00f1a del Partido Revolucionario Dominicana inform\u00f3 que Miguel Vargas Maldonado regresa este mi\u00e9rcoles al pa\u00eds luego de realizar una exitosa gira pol\u00edtica por los estados de New York y New Jersey en los que [&hellip;]<\/p>\n","protected":false},"author":3,"featured_media":0,"comment_status":"open","ping_status":"open","sticky":false,"template":"","format":"standard","meta":{"footnotes":""},"categories":[22],"tags":[],"class_list":["post-192089","post","type-post","status-publish","format-standard","hentry","category-politica"],"_links":{"self":[{"href":"https:\/\/diariodominicano.com\/index.php?rest_route=\/wp\/v2\/posts\/192089","targetHints":{"allow":["GET"]}}],"collection":[{"href":"https:\/\/diariodominicano.com\/index.php?rest_route=\/wp\/v2\/posts"}],"about":[{"href":"https:\/\/diariodominicano.com\/index.php?rest_route=\/wp\/v2\/types\/post"}],"author":[{"embeddable":true,"href":"https:\/\/diariodominicano.com\/index.php?rest_route=\/wp\/v2\/users\/3"}],"replies":[{"embeddable":true,"href":"https:\/\/diariodominicano.com\/index.php?rest_route=%2Fwp%2Fv2%2Fcomments&post=192089"}],"version-history":[{"count":0,"href":"https:\/\/diariodominicano.com\/index.php?rest_route=\/wp\/v2\/posts\/192089\/revisions"}],"wp:attachment":[{"href":"https:\/\/diariodominicano.com\/index.php?rest_route=%2Fwp%2Fv2%2Fmedia&parent=192089"}],"wp:term":[{"taxonomy":"category","embeddable":true,"href":"https:\/\/diariodominicano.com\/index.php?rest_route=%2Fwp%2Fv2%2Fcategories&post=192089"},{"taxonomy":"post_tag","embeddable":true,"href":"https:\/\/diariodominicano.com\/index.php?rest_route=%2Fwp%2Fv2%2Ftags&post=192089"}],"curies":[{"name":"wp","href":"https:\/\/api.w.org\/{rel}","templated":true}]}}