{"id":192086,"date":"2007-10-25T02:41:34","date_gmt":"2007-10-25T02:41:34","guid":{"rendered":"http:\/\/diariodominicano.ddns.net\/?p=192086"},"modified":"2007-10-25T02:41:34","modified_gmt":"2007-10-25T02:41:34","slug":"amable-aristy-dice-los-pobres-daran-un-voto-de-castigo-a-leonel-por-el-sufrimiento-padecen-en-su-gobierno","status":"publish","type":"post","link":"https:\/\/diariodominicano.com\/?p=192086","title":{"rendered":"Amable Aristy dice los pobres dar\u00e1n un voto de castigo a Leonel por el sufrimiento padecen en su Gobierno"},"content":{"rendered":"<p><body><\/p>\n<p align=\"justify\" class=\"titulogrande1\">Amable Aristy dice los pobres dar\u00e1n un voto de castigo a  Leonel por el sufrimiento padecen en su  Gobierno<\/p>\n<p>&#13;<\/p>\n<p align=\"justify\" class=\"text1noticias\"><strong>Santo Domingo.-<\/strong> El candidato presidencial del Partido  Reformista Social Cristiano, Amable Aristy,  declar\u00f3 que los pobres dar\u00e1n un voto de castigo al presidente Leonel Fern\u00e1ndez en las elecciones del pr\u00f3ximo a\u00f1o por el  sufrimiento en que lo \u00a0tiene sometido,  pasando hambre, miseria y todas clases de calamidades.<\/p>\n<p>&#13;<\/p>\n<p align=\"justify\" class=\"text1noticias\">Sostuvo que el abandono en que se encuentran los pobres en  este gobierno le \u00a0ha generado al  presidente Fern\u00e1ndez un rechazo tan grande en los sectores \u00a0populares que solamente puede compararse con  un \u201ccolador o un jarro pichao\u201d.<\/p>\n<p>&#13;<\/p>\n<p align=\"justify\" class=\"text1noticias\">\u201cEsto quiere decir, que por m\u00e1s que quiera echarle al jarro  o al colador, \u00a0nunca lograr\u00e1 tener la  cantidad necesaria para ganar las elecciones del 16 \u00a0de mayo de 2008\u201d, agreg\u00f3.<\/p>\n<p>&#13;<\/p>\n<p align=\"justify\" class=\"text1noticias\">Insisti\u00f3 que el voto de castigo que le espera al presidente  y candidato a la \u00a0reelecci\u00f3n por el PLD  es por el disgusto y el sufrimiento popular a causa de \u00a0las pol\u00edticas econ\u00f3micas y sociales de su  administraci\u00f3n pelede\u00edsta.<\/p>\n<p>&#13;<\/p>\n<p align=\"justify\" class=\"text1noticias\">Puso de ejemplo el alto \u00edndice de desempleo que afecta a la  poblaci\u00f3n, la \u00a0inseguridad ciudadana y la  poca inversi\u00f3n del gobierno en educaci\u00f3n y salud.<\/p>\n<p>&#13;<\/p>\n<p align=\"justify\" class=\"text1noticias\">\u201cY ni hablar del alto d\u00e9ficit habitacional que existe en el  pa\u00eds, donde los \u00a0m\u00e1s afectados son los  pobres porque\u00a0 no tienen ninguna  posibilidad de \u00a0obtener financiamiento en  la banca privada para obtener un techo propio y el Gobierno no construye proyectos de viviendas para familias  de escasos \u00a0recursos\u201d, dijo.<\/p>\n<p>&#13;<\/p>\n<p align=\"justify\" class=\"text1noticias\">Amable Aristy tambi\u00e9n refiri\u00f3 que el 8 por ciento de los  ni\u00f1os de cinco a\u00f1os \u00a0o menos padecen de  desnutrici\u00f3n cr\u00f3nica, lo que evidencia el hambre y la \u00a0miseria que se pasa en la mayor\u00eda de los  hogares dominicanos.<\/p>\n<p>&#13;<\/p>\n<p align=\"justify\" class=\"text1noticias\">Consider\u00f3 asimismo que el gobierno del presidente Fern\u00e1ndez  le ha dado la \u00a0espalda a la educaci\u00f3n de  los pobres al no cumplir con la   Ley General de Educaci\u00f3n que establece un 4 por ciento del PIB y apenas  est\u00e1n invirtiendo \u00a0el 1.4%.<\/p>\n<p>&#13;<\/p>\n<p align=\"justify\" class=\"text1noticias\">\u201cEs una verg\u00fcenza nacional que en estos tiempos haya  escuelas sin pupitres, \u00a0pizarras,  servicios sanitarios y dem\u00e1s en seres indispensables, como \u00a0apareci\u00f3 en la portada de un prestigioso  diario\u201d, indic\u00f3.<\/p>\n<p>&#13;<\/p>\n<p align=\"justify\" class=\"text1noticias\">El aspirante a la Presidencia de la Rep\u00fablica manifest\u00f3 que  tan pronto se \u00a0enter\u00f3 de la situaci\u00f3n de  las escuelas \u201cProfesora Terma Germ\u00e1n Duarte\u201d, en \u00a0la comunidad de Piedra Blanca, de Haina, y  b\u00e1sica de la comunidad de Monte \u00a0Largo,  en el Distrito Municipal de El Carril, de San Crist\u00f3bal, acudi\u00f3 en \u00a0auxilio de los dos planteles llevando  pupitres, computadoras, televisores, DVD, un transformador de 50 kilos y el arreglo de los  servicios sanitarios.<\/p>\n<p>&#13;<\/p>\n<p align=\"justify\" class=\"text1noticias\">Amable se\u00f1al\u00f3 que son las mismas escuelas cuyos estudiantes  y profesores \u00a0aprovecharon la visita que  hizo recientemente el presidente Fern\u00e1ndez para \u00a0exhibirle con cartelones pupitres, pizarras y  arreglo de los inodoros.<\/p>\n<p>&#13;<\/p>\n<p align=\"justify\" class=\"text1noticias\">\u201cEs imperdonable que un gobierno que se ufana de invertir en  la educaci\u00f3n no \u00a0cumpla con el 4% del PIB  que establece la Ley   General de Educaci\u00f3n ni \u00a0tampoco invierta en cosas elementales como  pupitres y pizarras\u201d, se\u00f1al\u00f3.<\/p>\n<p>&#13;<\/p>\n<p align=\"justify\" class=\"text1noticias\">El candidato presidencial reformista habl\u00f3 en esos t\u00e9rminos  al encabezar una \u00a0marcha denominada  \u201ccacerolazo contra la pobreza\u201d en el sector Los Guaricanos, del municipio Santo Domingo Norte, en la que  recibi\u00f3 un amplio \u00a0respaldo de miles de  personas que se lanzaron a las calles con calderos \u00a0vac\u00edos y cucharones que hac\u00edan sonar  insistentemente.<\/p>\n<p>&#13;<\/p>\n<p align=\"justify\" class=\"text1noticias\">Aristy aprovech\u00f3 la actividad proselitista para distribuir  gallinas, \u00a0pl\u00e1tanos, mosquiteros,  colchones, computadoras, \u00fatiles escolares y dinero en \u00a0efectivo a familias necesitadas.<\/p>\n<p>&#13;<\/p>\n<p align=\"justify\" class=\"text1noticias\">Tambi\u00e9n se hicieron operativos m\u00e9dicos, donde se atendieron  a miles de \u00a0personas, en su mayor\u00eda ni\u00f1os  y ancianos, que padecen diferentes \u00a0enfermedades.  Igualmente, se fumigaron calles, callejones y viviendas.<\/p>\n<p>&#13;<\/p>\n<h6> 2007-10-25 02:41:34 <\/h6>\n<p><!--\n<link rel=\"stylesheet\" href=\"css\/bootstrap.min.css\">\n\n\n<ul class=\"pagination\">\n\t    \n\t\n\n<li >\n\t<a href='?page_no=34833'>Previous<\/a>\n\t<\/li>\n\n\n       \n    \n\n<li><a href='?page_no=1'>1<\/a><\/li>\n\n\n\n<li><a href='?page_no=2'>2<\/a><\/li>\n\n\n\n<li><a>...<\/a><\/li>\n\n\n\n<li><a href='?page_no=34832'>34832<\/a><\/li>\n\n\n\n<li><a href='?page_no=34833'>34833<\/a><\/li>\n\n\n\n<li class='active'><a>34834<\/a><\/li>\n\n\n\n<li><a href='?page_no=34835'>34835<\/a><\/li>\n\n\n\n<li><a href='?page_no=34836'>34836<\/a><\/li>\n\n\n\n<li><a>...<\/a><\/li>\n\n\n\n<li><a href='?page_no=36999'>36999<\/a><\/li>\n\n\n\n<li><a href='?page_no=37000'>37000<\/a><\/li>\n\n    \n\t\n\n<li >\n\t<a href='?page_no=34835'>Next<\/a>\n\t<\/li>\n\n\n    \n\n<li><a href='?page_no=37000'>Last &rsaquo;&rsaquo;<\/a><\/li>\n\n<\/ul>\n\n\n--><br \/>\n<\/body><\/p>\n","protected":false},"excerpt":{"rendered":"<p>Amable Aristy dice los pobres dar\u00e1n un voto de castigo a Leonel por el sufrimiento padecen en su Gobierno &#13; Santo Domingo.- El candidato presidencial del Partido Reformista Social Cristiano, Amable Aristy, declar\u00f3 que los pobres dar\u00e1n un voto de castigo al presidente Leonel Fern\u00e1ndez en las elecciones del pr\u00f3ximo a\u00f1o por el sufrimiento en [&hellip;]<\/p>\n","protected":false},"author":3,"featured_media":0,"comment_status":"open","ping_status":"open","sticky":false,"template":"","format":"standard","meta":{"footnotes":""},"categories":[22],"tags":[],"class_list":["post-192086","post","type-post","status-publish","format-standard","hentry","category-politica"],"_links":{"self":[{"href":"https:\/\/diariodominicano.com\/index.php?rest_route=\/wp\/v2\/posts\/192086","targetHints":{"allow":["GET"]}}],"collection":[{"href":"https:\/\/diariodominicano.com\/index.php?rest_route=\/wp\/v2\/posts"}],"about":[{"href":"https:\/\/diariodominicano.com\/index.php?rest_route=\/wp\/v2\/types\/post"}],"author":[{"embeddable":true,"href":"https:\/\/diariodominicano.com\/index.php?rest_route=\/wp\/v2\/users\/3"}],"replies":[{"embeddable":true,"href":"https:\/\/diariodominicano.com\/index.php?rest_route=%2Fwp%2Fv2%2Fcomments&post=192086"}],"version-history":[{"count":0,"href":"https:\/\/diariodominicano.com\/index.php?rest_route=\/wp\/v2\/posts\/192086\/revisions"}],"wp:attachment":[{"href":"https:\/\/diariodominicano.com\/index.php?rest_route=%2Fwp%2Fv2%2Fmedia&parent=192086"}],"wp:term":[{"taxonomy":"category","embeddable":true,"href":"https:\/\/diariodominicano.com\/index.php?rest_route=%2Fwp%2Fv2%2Fcategories&post=192086"},{"taxonomy":"post_tag","embeddable":true,"href":"https:\/\/diariodominicano.com\/index.php?rest_route=%2Fwp%2Fv2%2Ftags&post=192086"}],"curies":[{"name":"wp","href":"https:\/\/api.w.org\/{rel}","templated":true}]}}