{"id":192085,"date":"2007-10-25T02:43:51","date_gmt":"2007-10-25T02:43:51","guid":{"rendered":"http:\/\/diariodominicano.ddns.net\/?p=192085"},"modified":"2007-10-25T02:43:51","modified_gmt":"2007-10-25T02:43:51","slug":"rafael-alburquerque-dice-que-pld-no-teme-amenazas-de-presidente-de-prd-porque-eso-es-buche-y-pluma-no-mas","status":"publish","type":"post","link":"https:\/\/diariodominicano.com\/?p=192085","title":{"rendered":"Rafael Alburquerque dice que PLD no teme amenazas de presidente de PRD \u201cporque eso es buche y pluma no m\u00e1s\u201d"},"content":{"rendered":"<p><body><\/p>\n<p align=\"justify\" class=\"titulogrande1\">Rafael  Alburquerque dice que PLD no teme amenazas de presidente de PRD \u201cporque eso es  buche y pluma no m\u00e1s\u201d<\/p>\n<p>&#13;<\/p>\n<p align=\"justify\" class=\"text1noticias\"><strong>Santo Domingo.-<\/strong> El  vicepresiden, Rafael Alburquerque, dijo \u00a0que el Partido de la Liberaci\u00f3n Dominicana  (PLD) no teme a las amenazas del presidente del Partido Revolucionario  Dominicano (PRD) Ram\u00f3n Alburquerque \u201cporque eso es buche y pluma no m\u00e1s\u201d. <\/p>\n<p>&#13;<\/p>\n<p align=\"justify\" class=\"text1noticias\">Sin embargo, Alburquerque, no  ofreci\u00f3 mayores detalles sobre la advertencia del presidente del PRD en el  sentido de que esa organizaci\u00f3n pasar\u00e1 de la palabra a la acci\u00f3n. <\/p>\n<p>&#13;<\/p>\n<p align=\"justify\" class=\"text1noticias\">Igualmente, el dirigente del  PLD y consultor jur\u00eddico del Poder Ejecutivo, C\u00e9sar Pina Toribio, afirm\u00f3 que no  hay nada que temer porque el Gobierno act\u00faa de manera transparente y puso como  ejemplo que la modalidad mediante la que se tom\u00f3 el pr\u00e9stamo de 130 millones de  d\u00f3lares a la empresa Sun Land es una pr\u00e1ctica tan leg\u00edtima que est\u00e1 contenida  en el C\u00f3digo Civil de 1810. <\/p>\n<p>&#13;<\/p>\n<p align=\"justify\" class=\"text1noticias\">En ese tenor, tambi\u00e9n opin\u00f3  el canciller y coordinador del Consejo Presidencial Reformista, Carlos Morales  Troncoso, quien afirm\u00f3 que m\u00e1s que amenaza el PRD y los dem\u00e1s partidos deben  basar su campa\u00f1a en propuestas de soluci\u00f3n a los problemas del pa\u00eds. Puso como  ejemplo que un tema importante es el tema de la carest\u00eda del petr\u00f3leo en el  mercado internacional y como Rep\u00fablica Dominicana palear\u00e1 la situaci\u00f3n. <\/p>\n<p>&#13;<\/p>\n<p align=\"justify\" class=\"text1noticias\">Tambi\u00e9n Pina Toribio advirti\u00f3  a los perrede\u00edstas que no se quejen cuando el Gobierno comience a poner en  movimiento la acci\u00f3n p\u00fablica con expedientes que se han estado elaborando, pero  que el Gobierno mantiene inactivos por dedicar \u201ctodo su empe\u00f1o a resolver los  problemas que dej\u00f3 el PRD y para evitar que se alegue persecuci\u00f3n pol\u00edtica\u201d.<\/p>\n<p>&#13;<\/p>\n<p align=\"justify\" class=\"text1noticias\">Sostuvo que contrario a las  pr\u00e1cticas perrede\u00edstas, el Gobierno del PLD ha centrado su atenci\u00f3n en resolver  los graves problemas que hered\u00f3, b\u00e1sicamente el financiero.<\/p>\n<p>&#13;<\/p>\n<p align=\"justify\" class=\"text1noticias\">\u201cY no quisimos que se  centrara la atenci\u00f3n de nuestra gesti\u00f3n en la investigaci\u00f3n y la persecuci\u00f3n,  porque sab\u00edamos que eso no hab\u00eda por qu\u00e9 precipitarlo\u201d, dijo.<\/p>\n<p>&#13;<\/p>\n<p align=\"justify\" class=\"text1noticias\">Afirm\u00f3 que si el presidente  Leonel Fern\u00e1ndez le hubiera interesado destapar casos de corrupci\u00f3n contra el  PRD\u00a0 \u201cpara cubrir incapacidad de su  Gobierno, material para eso tiene suficiente.<\/p>\n<p>&#13;<\/p>\n<p align=\"justify\" class=\"text1noticias\">Respecto al caso de la Sun Land, Pina Toribio  dijo que \u201cqu\u00e9 bueno que el caso fue llevado a la Suprema Corte de  Justicia para que se determine su legitimidad de una vez por todas\u201d.<\/p>\n<p>&#13;<\/p>\n<p align=\"justify\" class=\"text1noticias\">Sostuvo que de lo que se  trata es de un pr\u00e9stamo a los contratistas y que lo que se hace es informarle  al Estado la existencia del cr\u00e9dito, \u201ca los fines de que al momento de realizar  el pago de las cubicaciones, si los contratistas no hab\u00edan hecho el pago del  pr\u00e9stamo, pues el Estado pagar directamente\u201d.<\/p>\n<p>&#13;<\/p>\n<p align=\"justify\" class=\"text1noticias\">\u201cEsa es una operaci\u00f3n que ya  se ha dicho mucho, se da de manera permanente en la pr\u00e1ctica de la construcci\u00f3n  por parte del Estado, de que los contratistas van avanzando en su trabajo y van  tomando cr\u00e9ditos del sector privado y luego se opera lo que se llama la secci\u00f3n  de cr\u00e9ditos, que es una operaci\u00f3n tan leg\u00edtima, pero tan leg\u00edtima, que est\u00e1  prevista en el C\u00f3digo Civil de 1810\u201d,  manifest\u00f3 <\/p>\n<p>&#13;<\/p>\n<p align=\"justify\" class=\"text1noticias\">Sobre la amenaza del Partido  Revolucionario Dominicano (PRD), de que someter\u00eda al doctor Leonel Fern\u00e1ndez  despu\u00e9s del 16 de agosto de 2008, Pina Toribio a modo de broma dijo que  \u201ctendr\u00e1n que someter al Presidente Fern\u00e1ndez\u201d.<\/p>\n<p>&#13;<\/p>\n<p align=\"justify\" class=\"text1noticias\">Ya en serio asegur\u00f3 que datos  de los que dispone Fern\u00e1ndez ganar\u00e1 las elecciones.<\/p>\n<p>&#13;<\/p>\n<p align=\"justify\" class=\"text1noticias\">Opin\u00f3 que ya ese anuncio de  sometimiento da la idea de que en caso de que se diera ser\u00eda una persecuci\u00f3n  pol\u00edtica.<\/p>\n<p>&#13;<\/p>\n<p align=\"justify\" class=\"text1noticias\">Expres\u00f3 que viniendo del PRD  eso no ser\u00eda nada nuevo, porque seg\u00fan Pina Toribio, como esa organizaci\u00f3n no  sabe manejar los asuntos del Estado siempre que est\u00e1 en el poder trata de motar  espect\u00e1culos para distraer la atenci\u00f3n del pueblo.<\/p>\n<p>&#13;<\/p>\n<h6> 2007-10-25 02:43:51 <\/h6>\n<p><!--\n<link rel=\"stylesheet\" href=\"css\/bootstrap.min.css\">\n\n\n<ul class=\"pagination\">\n\t    \n\t\n\n<li >\n\t<a href='?page_no=34832'>Previous<\/a>\n\t<\/li>\n\n\n       \n    \n\n<li><a href='?page_no=1'>1<\/a><\/li>\n\n\n\n<li><a href='?page_no=2'>2<\/a><\/li>\n\n\n\n<li><a>...<\/a><\/li>\n\n\n\n<li><a href='?page_no=34831'>34831<\/a><\/li>\n\n\n\n<li><a href='?page_no=34832'>34832<\/a><\/li>\n\n\n\n<li class='active'><a>34833<\/a><\/li>\n\n\n\n<li><a href='?page_no=34834'>34834<\/a><\/li>\n\n\n\n<li><a href='?page_no=34835'>34835<\/a><\/li>\n\n\n\n<li><a>...<\/a><\/li>\n\n\n\n<li><a href='?page_no=36999'>36999<\/a><\/li>\n\n\n\n<li><a href='?page_no=37000'>37000<\/a><\/li>\n\n    \n\t\n\n<li >\n\t<a href='?page_no=34834'>Next<\/a>\n\t<\/li>\n\n\n    \n\n<li><a href='?page_no=37000'>Last &rsaquo;&rsaquo;<\/a><\/li>\n\n<\/ul>\n\n\n--><br \/>\n<\/body><\/p>\n","protected":false},"excerpt":{"rendered":"<p>Rafael Alburquerque dice que PLD no teme amenazas de presidente de PRD \u201cporque eso es buche y pluma no m\u00e1s\u201d &#13; Santo Domingo.- El vicepresiden, Rafael Alburquerque, dijo \u00a0que el Partido de la Liberaci\u00f3n Dominicana (PLD) no teme a las amenazas del presidente del Partido Revolucionario Dominicano (PRD) Ram\u00f3n Alburquerque \u201cporque eso es buche y [&hellip;]<\/p>\n","protected":false},"author":3,"featured_media":0,"comment_status":"open","ping_status":"open","sticky":false,"template":"","format":"standard","meta":{"footnotes":""},"categories":[22],"tags":[],"class_list":["post-192085","post","type-post","status-publish","format-standard","hentry","category-politica"],"_links":{"self":[{"href":"https:\/\/diariodominicano.com\/index.php?rest_route=\/wp\/v2\/posts\/192085","targetHints":{"allow":["GET"]}}],"collection":[{"href":"https:\/\/diariodominicano.com\/index.php?rest_route=\/wp\/v2\/posts"}],"about":[{"href":"https:\/\/diariodominicano.com\/index.php?rest_route=\/wp\/v2\/types\/post"}],"author":[{"embeddable":true,"href":"https:\/\/diariodominicano.com\/index.php?rest_route=\/wp\/v2\/users\/3"}],"replies":[{"embeddable":true,"href":"https:\/\/diariodominicano.com\/index.php?rest_route=%2Fwp%2Fv2%2Fcomments&post=192085"}],"version-history":[{"count":0,"href":"https:\/\/diariodominicano.com\/index.php?rest_route=\/wp\/v2\/posts\/192085\/revisions"}],"wp:attachment":[{"href":"https:\/\/diariodominicano.com\/index.php?rest_route=%2Fwp%2Fv2%2Fmedia&parent=192085"}],"wp:term":[{"taxonomy":"category","embeddable":true,"href":"https:\/\/diariodominicano.com\/index.php?rest_route=%2Fwp%2Fv2%2Fcategories&post=192085"},{"taxonomy":"post_tag","embeddable":true,"href":"https:\/\/diariodominicano.com\/index.php?rest_route=%2Fwp%2Fv2%2Ftags&post=192085"}],"curies":[{"name":"wp","href":"https:\/\/api.w.org\/{rel}","templated":true}]}}