{"id":192084,"date":"2007-10-25T02:46:32","date_gmt":"2007-10-25T02:46:32","guid":{"rendered":"http:\/\/diariodominicano.ddns.net\/?p=192084"},"modified":"2007-10-25T02:46:32","modified_gmt":"2007-10-25T02:46:32","slug":"ventura-camejo-destaca-liderazgo-presidente-fernandez","status":"publish","type":"post","link":"https:\/\/diariodominicano.com\/?p=192084","title":{"rendered":"Ventura Camejo destaca liderazgo presidente Fern\u00e1ndez"},"content":{"rendered":"<p><body><\/p>\n<p class=\"titulogrande1\">Ventura Camejo destaca liderazgo presidente Fern\u00e1ndez<\/p>\n<p>&#13;<\/p>\n<p align=\"justify\" class=\"text1noticias\"><strong>Santo Domingo.-<\/strong> Ram\u00f3n Ventura Camejo, miembro del Comit\u00e9  Pol\u00edtico del Partido de la Liberaci\u00f3n Dominicana (PLD), destac\u00f3 el s\u00f3lido  liderazgo del Presidente Leonel Fern\u00e1ndez tanto en el \u00e1mbito local como internacional  al punto de considerar que no cree que haya otro dirigente con tan s\u00f3lido posicionamiento.<\/p>\n<p>&#13;<\/p>\n<p align=\"justify\" class=\"text1noticias\">Dijo que \u00abun liderazgo que trasciende, no solamente a  nivel del partido, sino, de la sociedad y a nivel de la Rep\u00fablica dominicana\u00bb,  precis\u00f3 Ventura Camejo en rese\u00f1a\u00a0  Secretar\u00eda de Comunicaciones pelede\u00edsta en un parte de prensa.<\/p>\n<p>&#13;<\/p>\n<p align=\"justify\" class=\"text1noticias\">Valor\u00f3 asimismo, el crecimiento que experimenta\u00a0 la candidatura de Leonel Fern\u00e1ndez y el  Partido de la   Liberaci\u00f3n Dominicana\u00a0  la cual acumula fuerza, con aquellas personas que asumen los grandes retos, que  demanda el pa\u00eds para su progreso.<\/p>\n<p>&#13;<\/p>\n<p align=\"justify\" class=\"text1noticias\">A\u00f1adi\u00f3 que \u00abest\u00e1 construyendo un polo progresista, un  polo que cada d\u00eda acumula mayores fuerzas en todo aquel que tiene, dir\u00eda, la  responsabilidad de asumir los grandes retos hist\u00f3ricos que debemos de continuar\u00bb, sintetiz\u00f3  el tambi\u00e9n Presidente Provincial del PLD en Santiago.<\/p>\n<p>&#13;<\/p>\n<p align=\"justify\" class=\"text1noticias\">Manifest\u00f3 que aunque el acto de\u00a0 proclamaci\u00f3n oficial del Presidente Leonel Fern\u00e1ndez  se ha programado para\u00a0 el 18 de  noviembre, ya se nota la maquinaria pelede\u00edsta en las calles, as\u00ed como el  incremento en el n\u00famero de partidos y fuerzas que ha decidido aliarse en apoyo  al PLD.<\/p>\n<p>&#13;<\/p>\n<p align=\"justify\" class=\"text1noticias\">\u00abEso nos da garant\u00eda, de que tendremos la suerte, de  volver a contar con Leonel cuatro a\u00f1os m\u00e1s\u00bb, concluy\u00f3 el tambi\u00e9n\u00a0 director de la ONAP, miembro del Comit\u00e9  Pol\u00edtico del Partido morado.<\/p>\n<p>&#13;<\/p>\n<h6> 2007-10-25 02:46:32 <\/h6>\n<p><!--\n<link rel=\"stylesheet\" href=\"css\/bootstrap.min.css\">\n\n\n<ul class=\"pagination\">\n\t    \n\t\n\n<li >\n\t<a href='?page_no=34831'>Previous<\/a>\n\t<\/li>\n\n\n       \n    \n\n<li><a href='?page_no=1'>1<\/a><\/li>\n\n\n\n<li><a href='?page_no=2'>2<\/a><\/li>\n\n\n\n<li><a>...<\/a><\/li>\n\n\n\n<li><a href='?page_no=34830'>34830<\/a><\/li>\n\n\n\n<li><a href='?page_no=34831'>34831<\/a><\/li>\n\n\n\n<li class='active'><a>34832<\/a><\/li>\n\n\n\n<li><a href='?page_no=34833'>34833<\/a><\/li>\n\n\n\n<li><a href='?page_no=34834'>34834<\/a><\/li>\n\n\n\n<li><a>...<\/a><\/li>\n\n\n\n<li><a href='?page_no=36999'>36999<\/a><\/li>\n\n\n\n<li><a href='?page_no=37000'>37000<\/a><\/li>\n\n    \n\t\n\n<li >\n\t<a href='?page_no=34833'>Next<\/a>\n\t<\/li>\n\n\n    \n\n<li><a href='?page_no=37000'>Last &rsaquo;&rsaquo;<\/a><\/li>\n\n<\/ul>\n\n\n--><br \/>\n<\/body><\/p>\n","protected":false},"excerpt":{"rendered":"<p>Ventura Camejo destaca liderazgo presidente Fern\u00e1ndez &#13; Santo Domingo.- Ram\u00f3n Ventura Camejo, miembro del Comit\u00e9 Pol\u00edtico del Partido de la Liberaci\u00f3n Dominicana (PLD), destac\u00f3 el s\u00f3lido liderazgo del Presidente Leonel Fern\u00e1ndez tanto en el \u00e1mbito local como internacional al punto de considerar que no cree que haya otro dirigente con tan s\u00f3lido posicionamiento. &#13; Dijo [&hellip;]<\/p>\n","protected":false},"author":3,"featured_media":0,"comment_status":"open","ping_status":"open","sticky":false,"template":"","format":"standard","meta":{"footnotes":""},"categories":[22],"tags":[],"class_list":["post-192084","post","type-post","status-publish","format-standard","hentry","category-politica"],"_links":{"self":[{"href":"https:\/\/diariodominicano.com\/index.php?rest_route=\/wp\/v2\/posts\/192084","targetHints":{"allow":["GET"]}}],"collection":[{"href":"https:\/\/diariodominicano.com\/index.php?rest_route=\/wp\/v2\/posts"}],"about":[{"href":"https:\/\/diariodominicano.com\/index.php?rest_route=\/wp\/v2\/types\/post"}],"author":[{"embeddable":true,"href":"https:\/\/diariodominicano.com\/index.php?rest_route=\/wp\/v2\/users\/3"}],"replies":[{"embeddable":true,"href":"https:\/\/diariodominicano.com\/index.php?rest_route=%2Fwp%2Fv2%2Fcomments&post=192084"}],"version-history":[{"count":0,"href":"https:\/\/diariodominicano.com\/index.php?rest_route=\/wp\/v2\/posts\/192084\/revisions"}],"wp:attachment":[{"href":"https:\/\/diariodominicano.com\/index.php?rest_route=%2Fwp%2Fv2%2Fmedia&parent=192084"}],"wp:term":[{"taxonomy":"category","embeddable":true,"href":"https:\/\/diariodominicano.com\/index.php?rest_route=%2Fwp%2Fv2%2Fcategories&post=192084"},{"taxonomy":"post_tag","embeddable":true,"href":"https:\/\/diariodominicano.com\/index.php?rest_route=%2Fwp%2Fv2%2Ftags&post=192084"}],"curies":[{"name":"wp","href":"https:\/\/api.w.org\/{rel}","templated":true}]}}