{"id":192083,"date":"2007-10-25T16:10:16","date_gmt":"2007-10-25T16:10:16","guid":{"rendered":"http:\/\/diariodominicano.ddns.net\/?p=192083"},"modified":"2007-10-25T16:10:16","modified_gmt":"2007-10-25T16:10:16","slug":"el-presidente-fernandez-recorrera-el-fin-de-semana-san-pedro-macoris-sanchez-ramirez-monsenor-nouel-y-santiago-en-actividades-proselitistas","status":"publish","type":"post","link":"https:\/\/diariodominicano.com\/?p=192083","title":{"rendered":"El presidente Fern\u00e1ndez recorrer\u00e1 el fin de semana San pedro Macor\u00eds, S\u00e1nchez Ram\u00edrez, Monse\u00f1or Nouel y Santiago en actividades proselitistas"},"content":{"rendered":"<p><body><\/p>\n<p align=\"justify\" class=\"titulogrande1\">El presidente Fern\u00e1ndez recorrer\u00e1 el fin \u00a0de semana San pedro Macor\u00eds, S\u00e1nchez Ram\u00edrez,  Monse\u00f1or Nouel y Santiago en actividades proselitistas<\/p>\n<p>&#13;<\/p>\n<p align=\"justify\" class=\"text1noticias\"><strong><img loading=\"lazy\" decoding=\"async\" src=\"http:\/\/localhost:8080\/pictures\/leonel imagen.jpg\" width=\"269\" height=\"376\" hspace=\"4\" align=\"left\" \/>SANTO DOMINGO.-<\/strong>  El presidente de la   Rep\u00fablica, en su condici\u00f3n de candidato presidencial del  Partido de la   Liberaci\u00f3n Dominicana, inici\u00f3 este jueves una intensa agenda  proselitista de fin de semana, la cual comenzar\u00e1 en San Pedro de Macor\u00eds y  concluir\u00e1 el pr\u00f3ximo domingo con un encuentro en horas de la tarde con los  principales l\u00edderes evang\u00e9licos de la provincia de Santiago. <\/p>\n<p>&#13;<\/p>\n<p align=\"justify\" class=\"text1noticias\">Este jueves, a  partir de las 4:00 de la tarde, Fern\u00e1ndez recorrer\u00e1 los principales municipios  y sectores populares de la   Sultana del Este, donde sostendr\u00e1 encuentros con dirigentes  importantes del partido morado. <\/p>\n<p>&#13;<\/p>\n<p align=\"justify\" class=\"text1noticias\">El viernes  continuar\u00e1 con su agenda por diversos sectores de la zona Norte de la capital,  comenzando a las cuatro de la tarde.<\/p>\n<p>&#13;<\/p>\n<p align=\"justify\" class=\"text1noticias\">El s\u00e1bado  recorrer\u00e1 los principales municipios y sectores populares de la provincia  S\u00e1nchez Ram\u00edrez, que cuenta con una poblaci\u00f3n de m\u00e1s de 151 mil habitantes y  una superficie de m\u00e1s de mil 196 kil\u00f3metros cuadrados. <\/p>\n<p>&#13;<\/p>\n<p align=\"justify\" class=\"text1noticias\">Esta actividad  est\u00e1 programada para las 11:00\u00a0 de la  ma\u00f1ana, mientras que a las 3:00 de la tarde estar\u00e1 en la provincia Monse\u00f1or  Nouel. <\/p>\n<p>&#13;<\/p>\n<p align=\"justify\" class=\"text1noticias\">El domingo, el  candidato peledeista y sostendr\u00e1 encuentros con las figuras hist\u00f3ricas del  partido fundando por el profesor Juan Bosch en la provincia Espaillat,  actividades que est\u00e1n pautadas para las 11:30 de la ma\u00f1ana. <\/p>\n<p>&#13;<\/p>\n<p align=\"justify\" class=\"text1noticias\">El l\u00edder del  partido morado concluir\u00e1 su amplia agenda pol\u00edtica del fin de semana con el encuentro  con los l\u00edderes evang\u00e9licos de la provincia de Santiago de los Caballeros a las  4:00 de la tarde. <\/p>\n<p>&#13;<\/p>\n<h6> 2007-10-25 16:10:16 <\/h6>\n<p><!--\n<link rel=\"stylesheet\" href=\"css\/bootstrap.min.css\">\n\n\n<ul class=\"pagination\">\n\t    \n\t\n\n<li >\n\t<a href='?page_no=34830'>Previous<\/a>\n\t<\/li>\n\n\n       \n    \n\n<li><a href='?page_no=1'>1<\/a><\/li>\n\n\n\n<li><a href='?page_no=2'>2<\/a><\/li>\n\n\n\n<li><a>...<\/a><\/li>\n\n\n\n<li><a href='?page_no=34829'>34829<\/a><\/li>\n\n\n\n<li><a href='?page_no=34830'>34830<\/a><\/li>\n\n\n\n<li class='active'><a>34831<\/a><\/li>\n\n\n\n<li><a href='?page_no=34832'>34832<\/a><\/li>\n\n\n\n<li><a href='?page_no=34833'>34833<\/a><\/li>\n\n\n\n<li><a>...<\/a><\/li>\n\n\n\n<li><a href='?page_no=36999'>36999<\/a><\/li>\n\n\n\n<li><a href='?page_no=37000'>37000<\/a><\/li>\n\n    \n\t\n\n<li >\n\t<a href='?page_no=34832'>Next<\/a>\n\t<\/li>\n\n\n    \n\n<li><a href='?page_no=37000'>Last &rsaquo;&rsaquo;<\/a><\/li>\n\n<\/ul>\n\n\n--><br \/>\n<\/body><\/p>\n","protected":false},"excerpt":{"rendered":"<p>El presidente Fern\u00e1ndez recorrer\u00e1 el fin \u00a0de semana San pedro Macor\u00eds, S\u00e1nchez Ram\u00edrez, Monse\u00f1or Nouel y Santiago en actividades proselitistas &#13; SANTO DOMINGO.- El presidente de la Rep\u00fablica, en su condici\u00f3n de candidato presidencial del Partido de la Liberaci\u00f3n Dominicana, inici\u00f3 este jueves una intensa agenda proselitista de fin de semana, la cual comenzar\u00e1 en [&hellip;]<\/p>\n","protected":false},"author":3,"featured_media":0,"comment_status":"open","ping_status":"open","sticky":false,"template":"","format":"standard","meta":{"footnotes":""},"categories":[22],"tags":[],"class_list":["post-192083","post","type-post","status-publish","format-standard","hentry","category-politica"],"_links":{"self":[{"href":"https:\/\/diariodominicano.com\/index.php?rest_route=\/wp\/v2\/posts\/192083","targetHints":{"allow":["GET"]}}],"collection":[{"href":"https:\/\/diariodominicano.com\/index.php?rest_route=\/wp\/v2\/posts"}],"about":[{"href":"https:\/\/diariodominicano.com\/index.php?rest_route=\/wp\/v2\/types\/post"}],"author":[{"embeddable":true,"href":"https:\/\/diariodominicano.com\/index.php?rest_route=\/wp\/v2\/users\/3"}],"replies":[{"embeddable":true,"href":"https:\/\/diariodominicano.com\/index.php?rest_route=%2Fwp%2Fv2%2Fcomments&post=192083"}],"version-history":[{"count":0,"href":"https:\/\/diariodominicano.com\/index.php?rest_route=\/wp\/v2\/posts\/192083\/revisions"}],"wp:attachment":[{"href":"https:\/\/diariodominicano.com\/index.php?rest_route=%2Fwp%2Fv2%2Fmedia&parent=192083"}],"wp:term":[{"taxonomy":"category","embeddable":true,"href":"https:\/\/diariodominicano.com\/index.php?rest_route=%2Fwp%2Fv2%2Fcategories&post=192083"},{"taxonomy":"post_tag","embeddable":true,"href":"https:\/\/diariodominicano.com\/index.php?rest_route=%2Fwp%2Fv2%2Ftags&post=192083"}],"curies":[{"name":"wp","href":"https:\/\/api.w.org\/{rel}","templated":true}]}}