{"id":192081,"date":"2007-10-26T02:09:42","date_gmt":"2007-10-26T02:09:42","guid":{"rendered":"http:\/\/diariodominicano.ddns.net\/?p=192081"},"modified":"2007-10-26T02:09:42","modified_gmt":"2007-10-26T02:09:42","slug":"leonel-fernandez-afirma-la-opcion-del-prd-es-el-retroceso-y-la-anarquia","status":"publish","type":"post","link":"https:\/\/diariodominicano.com\/?p=192081","title":{"rendered":"Leonel Fern\u00e1ndez afirma la opci\u00f3n del PRD es el retroceso y la anarqu\u00eda"},"content":{"rendered":"<p><body><\/p>\n<p align=\"justify\" class=\"titulogrande1\">Leonel  Fern\u00e1ndez afirma la opci\u00f3n del PRD es el retroceso y la anarqu\u00eda<\/p>\n<p>&#13;<\/p>\n<p align=\"justify\" class=\"text1noticias\">Dijo que el debate \u00a0planteado en las elecciones  del a\u00f1o pr\u00f3ximo es si \u00a0la Republica Dominicana  contin\u00faa por los buenos ejemplos del avance, prosperidad y desarrollo, que  caracterizaron las gestiones del Presidente Balaguer y las que le ha  correspondido dirigir, o por el contrario, \u00a0si se cae en retroceso, la  miseria, el desorden y la anarqu\u00eda que representa el PRD. <\/p>\n<p>&#13;<\/p>\n<p align=\"justify\" class=\"text1noticias\"><strong><img loading=\"lazy\" decoding=\"async\" src=\"http:\/\/localhost:8080\/pictures\/leonel macoris 2.jpg\" width=\"269\" height=\"182\" hspace=\"4\" align=\"left\" \/>SAN PEDRO DE MACORIS.-<\/strong> El Presidente Leonel Fern\u00e1ndez,  candidato presidencial del Partido de la Liberaci\u00f3n Dominicana  (PLD) advirti\u00f3 que en el proceso electoral el debate se centrar\u00e1 \u00a0en que por un\u00a0  lado est\u00e1 \u00a0la prosperidad, el avance \u00a0y el desarrollo y por el  otro, el retroceso, en una alusi\u00f3n a la candidatura del Partido Revolucionario  Dominicano. <\/p>\n<p>&#13;<\/p>\n<p align=\"justify\" class=\"text1noticias\">El planteamiento lo hizo en la primera parada  realizada en San Pedro de Macor\u00eds, municipio en donde hizo un recorrido  por sus sectores populares haciendo visitas puntuales y dejando en  funcionamiento locales de movimientos de apoyo a su candidatura. <\/p>\n<p>&#13;<\/p>\n<p align=\"justify\" class=\"text1noticias\">Minutos antes de las cinco de la tarde el jefe del  Estado arrib\u00f3 a la Sultana  del Este iniciando las visitas programadas, que concluyeron entrada la noche de  este jueves. <\/p>\n<p>&#13;<\/p>\n<p align=\"justify\" class=\"text1noticias\">Dijo que el debate \u00a0planteado en las elecciones  del a\u00f1o pr\u00f3ximo es si la Republica Dominicana contin\u00faa por los buenos  ejemplos del avance, prosperidad y desarrollo, que caracterizaron las gestiones  del Presidente Balaguer y las que les ha correspondido dirigir, o por el  contrario, \u00a0si se cae en retroceso, la miseria, el desorden y la anarqu\u00eda  que representa el PRD. <\/p>\n<p>&#13;<\/p>\n<p align=\"justify\" class=\"text1noticias\">Explic\u00f3 que cada vez que al pa\u00eds le ha tocado el  infortunio de ser gobernado por el PRD, entra en un proceso de  crisis y atraso econ\u00f3mico. <\/p>\n<p>&#13;<\/p>\n<p align=\"justify\" class=\"text1noticias\">En el barrio Placer Bonito \u00a0el Presidente Leonel  Fern\u00e1ndez hizo una primera parada en el local del PAL, movimiento pol\u00edtico de  apoyo a su candidatura, luego se detuvo en la casa de la madre de Felipe (Jay)  Payano, coordinador pol\u00edtico de San Pedro de Macor\u00eds en la campa\u00f1a electoral  \u00a0y al local del movimiento Primera Vuelta. <\/p>\n<p>&#13;<\/p>\n<p align=\"justify\" class=\"text1noticias\">Visit\u00f3 en una cuarta parada la residencia del  empresario V\u00edctor Manuel Valencio Jim\u00e9nez en el barrio\u00a0donde jurament\u00f3 un  grupo de dirigentes del PRD que decidieron apoyarle en su candidatura. <\/p>\n<p>&#13;<\/p>\n<p align=\"justify\" class=\"text1noticias\">Aqu\u00ed resalt\u00f3 que la condici\u00f3n de luchadores por  la democracia, la justicia, la libertad, el respeto a las reglas de juego, ha  llevado a dirigentes de otras fuerzas pol\u00edticas a apoyar al PLD y a su  candidatura presidencial. <\/p>\n<p>&#13;<\/p>\n<p align=\"justify\" class=\"text1noticias\">Argument\u00f3 que en las explicaciones que les dio el  empresario Antonio Berul (Petete), renunciante del PRD, est\u00e1 la clave del  salto dado por \u00e9l y otros j\u00f3venes contempor\u00e1neos para apoyar al Partido de la Liberaci\u00f3n Dominicana  y su candidato presidencial. <\/p>\n<p>&#13;<\/p>\n<p align=\"justify\" class=\"text1noticias\">\u00abHan decidido dar este paso que es el \u00fanico  que garantiza consolidar la democracia en el pa\u00eds, es el \u00fanico que garantiza el  progreso, el bienestar, la modernizaci\u00f3n que todos anhel\u00e1bamos en Republica  Dominicana\u00bb dijo el Presidente Leonel Fern\u00e1ndez,\u00a0 destaca una rese\u00f1a \u00a0de la Secretar\u00eda de Comunicaciones del PLD <\/p>\n<p>&#13;<\/p>\n<p align=\"justify\" class=\"text1noticias\">Dijo que muchas de esas acciones tienen que  concretizarse en acciones de bien social\u00a0 <\/p>\n<p>&#13;<\/p>\n<p align=\"justify\" class=\"text1noticias\">Visit\u00f3, entrada la noche, a la dirigente del Partido  de la Liberaci\u00f3n   Dominicana, Benita Suazo, en el sector Miramar, y luego  departi\u00f3 con ministros cristianos. \u00a0En todo el recorrido por la llamada  Sultana del Este el Presidente encontr\u00f3 un calido respaldo de los moradores de  las calles transitadas quienes exhibieron afiches de su candidatura y banderas  del Partido de la   Liberaci\u00f3n Dominicana. <\/p>\n<p>&#13;<\/p>\n<p align=\"justify\" class=\"text1noticias\">El presidente Leonel Fern\u00e1ndez en la visita que hizo  al local del PAL se dirigi\u00f3 a los presentes manifest\u00e1ndoles que se sent\u00eda  halagado por el caluroso recibimiento que se le dio \u00a0en la tierra de  valioso ciudadano que realizaron y realizan grandes aportes a la patria. <\/p>\n<p>&#13;<\/p>\n<p align=\"justify\" class=\"text1noticias\">Mencion\u00f3 al dirigente obrero Mauricio B\u00e1ez, al  poeta nacional Pedro Mir, al toletero Samy Sosa, entre otras glorias que han  proyectado al pa\u00eds en el \u00e1mbito internacional. <\/p>\n<p>&#13;<\/p>\n<p align=\"justify\" class=\"text1noticias\">Acompa\u00f1aron al Presidente Leonel Fern\u00e1ndez en su  recorrido por San Pedro de Macor\u00eds, Francisco Javier Garc\u00eda, F\u00e9lix Bautista,  Alejandrina Germ\u00e1n, Sim\u00f3n Lizardo, Felipe- Jay- Payano, Ram\u00f3n  Rivas,\u00a0Alejandro William, Senador, el Gobernador\u00a0 provincial Mariano  Morla, alto dirigente del Partido de la Liberaci\u00f3n Dominicana,  V\u00edctor D\u00edaz Rua, y los dirigentes \u00a0balagueristas H\u00e9ctor Rodr\u00edguez  Pimentel, \u00c1ngel Lockward \u00a0\u00a0y Tito Hern\u00e1ndez, entre otros. <\/p>\n<p>&#13;<\/p>\n<p align=\"justify\" class=\"text1noticias\">El Presidente Leonel Fern\u00e1ndez \u00a0recorri\u00f3 este  Jueves San Pedro de Macor\u00eds. El S\u00e1bado visitar\u00e1 \u00a0\u00a0las provincias  S\u00e1nchez Ram\u00edrez, y \u00a0Monse\u00f1or Nouel, el domingo visitar\u00e1 Salcedo y la  provincia Espaillat.\u00a0 <\/p>\n<p>&#13;<\/p>\n<h6> 2007-10-26 02:09:42 <\/h6>\n<p><!--\n<link rel=\"stylesheet\" href=\"css\/bootstrap.min.css\">\n\n\n<ul class=\"pagination\">\n\t    \n\t\n\n<li >\n\t<a href='?page_no=34828'>Previous<\/a>\n\t<\/li>\n\n\n       \n    \n\n<li><a href='?page_no=1'>1<\/a><\/li>\n\n\n\n<li><a href='?page_no=2'>2<\/a><\/li>\n\n\n\n<li><a>...<\/a><\/li>\n\n\n\n<li><a href='?page_no=34827'>34827<\/a><\/li>\n\n\n\n<li><a href='?page_no=34828'>34828<\/a><\/li>\n\n\n\n<li class='active'><a>34829<\/a><\/li>\n\n\n\n<li><a href='?page_no=34830'>34830<\/a><\/li>\n\n\n\n<li><a href='?page_no=34831'>34831<\/a><\/li>\n\n\n\n<li><a>...<\/a><\/li>\n\n\n\n<li><a href='?page_no=36999'>36999<\/a><\/li>\n\n\n\n<li><a href='?page_no=37000'>37000<\/a><\/li>\n\n    \n\t\n\n<li >\n\t<a href='?page_no=34830'>Next<\/a>\n\t<\/li>\n\n\n    \n\n<li><a href='?page_no=37000'>Last &rsaquo;&rsaquo;<\/a><\/li>\n\n<\/ul>\n\n\n--><br \/>\n<\/body><\/p>\n","protected":false},"excerpt":{"rendered":"<p>Leonel Fern\u00e1ndez afirma la opci\u00f3n del PRD es el retroceso y la anarqu\u00eda &#13; Dijo que el debate \u00a0planteado en las elecciones del a\u00f1o pr\u00f3ximo es si \u00a0la Republica Dominicana contin\u00faa por los buenos ejemplos del avance, prosperidad y desarrollo, que caracterizaron las gestiones del Presidente Balaguer y las que le ha correspondido dirigir, o [&hellip;]<\/p>\n","protected":false},"author":3,"featured_media":0,"comment_status":"open","ping_status":"open","sticky":false,"template":"","format":"standard","meta":{"footnotes":""},"categories":[22],"tags":[],"class_list":["post-192081","post","type-post","status-publish","format-standard","hentry","category-politica"],"_links":{"self":[{"href":"https:\/\/diariodominicano.com\/index.php?rest_route=\/wp\/v2\/posts\/192081","targetHints":{"allow":["GET"]}}],"collection":[{"href":"https:\/\/diariodominicano.com\/index.php?rest_route=\/wp\/v2\/posts"}],"about":[{"href":"https:\/\/diariodominicano.com\/index.php?rest_route=\/wp\/v2\/types\/post"}],"author":[{"embeddable":true,"href":"https:\/\/diariodominicano.com\/index.php?rest_route=\/wp\/v2\/users\/3"}],"replies":[{"embeddable":true,"href":"https:\/\/diariodominicano.com\/index.php?rest_route=%2Fwp%2Fv2%2Fcomments&post=192081"}],"version-history":[{"count":0,"href":"https:\/\/diariodominicano.com\/index.php?rest_route=\/wp\/v2\/posts\/192081\/revisions"}],"wp:attachment":[{"href":"https:\/\/diariodominicano.com\/index.php?rest_route=%2Fwp%2Fv2%2Fmedia&parent=192081"}],"wp:term":[{"taxonomy":"category","embeddable":true,"href":"https:\/\/diariodominicano.com\/index.php?rest_route=%2Fwp%2Fv2%2Fcategories&post=192081"},{"taxonomy":"post_tag","embeddable":true,"href":"https:\/\/diariodominicano.com\/index.php?rest_route=%2Fwp%2Fv2%2Ftags&post=192081"}],"curies":[{"name":"wp","href":"https:\/\/api.w.org\/{rel}","templated":true}]}}