{"id":192079,"date":"2007-10-26T02:21:37","date_gmt":"2007-10-26T02:21:37","guid":{"rendered":"http:\/\/diariodominicano.ddns.net\/?p=192079"},"modified":"2007-10-26T02:21:37","modified_gmt":"2007-10-26T02:21:37","slug":"dncd-da-detalles-sobre-decomiso-de-mas-de-257-kilos-de-cocaina-pura","status":"publish","type":"post","link":"https:\/\/diariodominicano.com\/?p=192079","title":{"rendered":"DNCD da detalles sobre decomiso de m\u00e1s de 257 kilos de coca\u00edna pura"},"content":{"rendered":"<p><body><\/p>\n<p align=\"justify\" class=\"titulogrande1\">DNCD  da detalles sobre decomiso de m\u00e1s de 257 kilos de coca\u00edna pura<\/p>\n<p>&#13;<\/p>\n<p align=\"justify\" class=\"text1noticias\"><strong><img loading=\"lazy\" decoding=\"async\" src=\"http:\/\/localhost:8080\/pictures\/dncd logo new.jpg\" width=\"269\" height=\"309\" hspace=\"4\" align=\"left\" \/>SANTO DOMINGO.-<\/strong> La Direcci\u00f3n Nacional  de Control de Drogas (DNCD) inform\u00f3 que pesaron 257 kilos y 545 gramos de coca\u00edna  pura, \u00a0los 244 paquetes ocupados \u00a0a Jos\u00e9 N\u00fa\u00f1ez, a quien se\u00f1al\u00f3 ese organismo narcotraficante.<\/p>\n<p>&#13;<\/p>\n<p align=\"justify\" class=\"text1noticias\">Seg\u00fan establece una nota de la DNCD, N\u00fa\u00f1ez figura en los  archivos de esa instituci\u00f3n \u201ccomo un reputado capo de la droga, iniciando por  una ficha que data de diciembre de 2003, ocasi\u00f3n en que fue capturado\u00a0 con 22 kilos y 170 gramos de coca\u00edna,  logrando zafarse de una condena. No fue posible precisar c\u00f3mo y cu\u00e1ndo esa  persona qued\u00f3 libre y se integr\u00f3 de nuevo a su actividad de recibir drogas para  enviarla a otros pa\u00edses\u201d.<\/p>\n<p>&#13;<\/p>\n<p align=\"justify\" class=\"text1noticias\"> La informaci\u00f3n dice que el  imputado es nativo de Laguna Salada y due\u00f1o de varios negocios en la zona de Montecristi,  incluyendo un hotel, pero no revelan nombre de la propiedad. <\/p>\n<p>&#13;<\/p>\n<p align=\"justify\" class=\"text1noticias\">La DNCD asegur\u00f3\u00a0 que  N\u00fa\u00f1ez y los nombrados H\u00e9ctor Francisco de la Cruz Mercedes y  F\u00e9lix Bratini Hern\u00e1ndez son los jefes en el pa\u00eds de una red internacional de  traficantes de coca\u00edna, que tiene su sede principal en Sudam\u00e9rica. <\/p>\n<p>&#13;<\/p>\n<p align=\"justify\" class=\"text1noticias\">Los 257.5 kilos ocupados  estaban distribuidos en 244 paquetes. N\u00fa\u00f1ez fue arrestado en la Carretera Mella,  frente a un supermercado, y los dem\u00e1s en la autopista que lleva a San Isidro,  en la entrada de un reconocido restaurante.<\/p>\n<p>&#13;<\/p>\n<p align=\"justify\" class=\"text1noticias\">La instituci\u00f3n antidrogas  indic\u00f3 que 94 paquetes fueron ocupados en poder de N\u00fa\u00f1ez, distribuidos en dos  pacas y en tres bultos de viaje, los que \u00e9ste transportaba en el ba\u00fal de una  yipeta\u00a0 Mitsubishi color blanco, placa  G-0411304. <\/p>\n<p>&#13;<\/p>\n<p align=\"justify\" class=\"text1noticias\">Seg\u00fan se estableci\u00f3, la  mercanc\u00eda se entregar\u00eda supuestamente a De la Cruz Mercedes y  Bratini N\u00fa\u00f1ez, mientras que \u00a0en la casa  de este \u00faltimo, ubicada e n el sector Prados del Cach\u00f3n, fueron hallados 150  paquetes m\u00e1s.<\/p>\n<p>&#13;<\/p>\n<p align=\"justify\" class=\"text1noticias\">\u201cLas pacas ocupadas por la DNCD tienen las mismas  caracter\u00edsticas de una encontrada recientemente en un ca\u00f1averal de Guaymate, en  La Romana, lo  que hace sospechar a los investigadores que el alijo es parte de un bombardeo  de drogas realizado hace poco en esa zona. \u201cPor eso se est\u00e1n haciendo las  investigaciones de lugar, a los fines de determinarte si se trata de la misma  droga\u201d, agrega la DNCD.<\/p>\n<p>&#13;<\/p>\n<p align=\"justify\" class=\"text1noticias\">Los tres hombres fueron  detenidos por miembros de la Divisi\u00f3n T\u00e1ctica de Investigaciones Sensitivas  (Ditis), en presencia de dos fiscales adjuntos del Distrito Nacional y la Provincia Santo  Domingo.<\/p>\n<p>&#13;<\/p>\n<p align=\"justify\" class=\"text1noticias\">Las autoridades informaron  que en la casa de Bratini Hern\u00e1ndez fueron ocupados, adem\u00e1s, RD$245 mil y US$13  mil, una pistola 9   mil\u00edmetros y varios documentos que est\u00e1n en poder de los  fiscales.<\/p>\n<p>&#13;<\/p>\n<p align=\"justify\" class=\"text1noticias\">\u201cA esos sujetos les ven\u00edamos  dando seguimiento desde hace varias semanas, pero no fue hasta este mi\u00e9rcoles  en la noche que fueron detenidos en flagrante delito. Ahora van a la Fiscal\u00eda e la Provincia Santo  Domingo para que esa instancia se encargue en presentarlos ante el juez de la Instrucci\u00f3n. No  hay m\u00e1s pruebas contundentes que el cargamento de 257.5 kilos de droga que les  fueron ocupados a esta gente\u201d, agrega.<\/p>\n<p>&#13;<\/p>\n<h6> 2007-10-26 02:21:37 <\/h6>\n<p><!--\n<link rel=\"stylesheet\" href=\"css\/bootstrap.min.css\">\n\n\n<ul class=\"pagination\">\n\t    \n\t\n\n<li >\n\t<a href='?page_no=34826'>Previous<\/a>\n\t<\/li>\n\n\n       \n    \n\n<li><a href='?page_no=1'>1<\/a><\/li>\n\n\n\n<li><a href='?page_no=2'>2<\/a><\/li>\n\n\n\n<li><a>...<\/a><\/li>\n\n\n\n<li><a href='?page_no=34825'>34825<\/a><\/li>\n\n\n\n<li><a href='?page_no=34826'>34826<\/a><\/li>\n\n\n\n<li class='active'><a>34827<\/a><\/li>\n\n\n\n<li><a href='?page_no=34828'>34828<\/a><\/li>\n\n\n\n<li><a href='?page_no=34829'>34829<\/a><\/li>\n\n\n\n<li><a>...<\/a><\/li>\n\n\n\n<li><a href='?page_no=36999'>36999<\/a><\/li>\n\n\n\n<li><a href='?page_no=37000'>37000<\/a><\/li>\n\n    \n\t\n\n<li >\n\t<a href='?page_no=34828'>Next<\/a>\n\t<\/li>\n\n\n    \n\n<li><a href='?page_no=37000'>Last &rsaquo;&rsaquo;<\/a><\/li>\n\n<\/ul>\n\n\n--><br \/>\n<\/body><\/p>\n","protected":false},"excerpt":{"rendered":"<p>DNCD da detalles sobre decomiso de m\u00e1s de 257 kilos de coca\u00edna pura &#13; SANTO DOMINGO.- La Direcci\u00f3n Nacional de Control de Drogas (DNCD) inform\u00f3 que pesaron 257 kilos y 545 gramos de coca\u00edna pura, \u00a0los 244 paquetes ocupados \u00a0a Jos\u00e9 N\u00fa\u00f1ez, a quien se\u00f1al\u00f3 ese organismo narcotraficante. &#13; Seg\u00fan establece una nota de la [&hellip;]<\/p>\n","protected":false},"author":3,"featured_media":0,"comment_status":"open","ping_status":"open","sticky":false,"template":"","format":"standard","meta":{"footnotes":""},"categories":[22],"tags":[],"class_list":["post-192079","post","type-post","status-publish","format-standard","hentry","category-politica"],"_links":{"self":[{"href":"https:\/\/diariodominicano.com\/index.php?rest_route=\/wp\/v2\/posts\/192079","targetHints":{"allow":["GET"]}}],"collection":[{"href":"https:\/\/diariodominicano.com\/index.php?rest_route=\/wp\/v2\/posts"}],"about":[{"href":"https:\/\/diariodominicano.com\/index.php?rest_route=\/wp\/v2\/types\/post"}],"author":[{"embeddable":true,"href":"https:\/\/diariodominicano.com\/index.php?rest_route=\/wp\/v2\/users\/3"}],"replies":[{"embeddable":true,"href":"https:\/\/diariodominicano.com\/index.php?rest_route=%2Fwp%2Fv2%2Fcomments&post=192079"}],"version-history":[{"count":0,"href":"https:\/\/diariodominicano.com\/index.php?rest_route=\/wp\/v2\/posts\/192079\/revisions"}],"wp:attachment":[{"href":"https:\/\/diariodominicano.com\/index.php?rest_route=%2Fwp%2Fv2%2Fmedia&parent=192079"}],"wp:term":[{"taxonomy":"category","embeddable":true,"href":"https:\/\/diariodominicano.com\/index.php?rest_route=%2Fwp%2Fv2%2Fcategories&post=192079"},{"taxonomy":"post_tag","embeddable":true,"href":"https:\/\/diariodominicano.com\/index.php?rest_route=%2Fwp%2Fv2%2Ftags&post=192079"}],"curies":[{"name":"wp","href":"https:\/\/api.w.org\/{rel}","templated":true}]}}