{"id":192078,"date":"2007-10-26T02:24:25","date_gmt":"2007-10-26T02:24:25","guid":{"rendered":"http:\/\/diariodominicano.ddns.net\/?p=192078"},"modified":"2007-10-26T02:24:25","modified_gmt":"2007-10-26T02:24:25","slug":"alburquerque-acusa-a-la-jce-de-debilidad-y-falta-de-autoridad","status":"publish","type":"post","link":"https:\/\/diariodominicano.com\/?p=192078","title":{"rendered":"Alburquerque acusa a la JCE de debilidad y falta de autoridad"},"content":{"rendered":"<p><body><\/p>\n<p class=\"titulogrande1\"><strong>Alburquerque  acusa a la JCE de  debilidad y falta de autoridad<\/strong><\/p>\n<p>&#13;<\/p>\n<p align=\"justify\" class=\"text1noticias\"><strong><img loading=\"lazy\" decoding=\"async\" src=\"http:\/\/localhost:8080\/pictures\/ramon alburquerque.jpg\" width=\"269\" height=\"306\" hspace=\"4\" align=\"left\" \/>SANTO DOMINGO.-<\/strong> El presidente del Partido Revolucionario Dominicano (PRD)  consider\u00f3 que la Junta\u00a0 Central  Electoral ha actuado con debilidad y falta de autoridad, en relaci\u00f3n a un spot  publicitario del Partido de la Liberaci\u00f3n Dominicano (PLD).<br \/>&#13;<br \/>\n  <br \/>&#13;<br \/>\n  Ram\u00f3n Alburquerque dijo que el spot  publicitario, fuera de la violaci\u00f3n que representa contra la Constituci\u00f3n y las  leyes, al usar una persona que es militar activa, lo que \u201clamenta\u201d es la  debilidad en la que ha ca\u00eddo la Junta Central Electoral al no hacer acopio de  toda su autoridad.<br \/>&#13;<br \/>\n  <br \/>&#13;<br \/>\n  Expres\u00f3 que \u201c se revele el PLD, pero la JCE mayoritariamente debi\u00f3  haber dado la instrucci\u00f3n, porque si no act\u00faa as\u00ed, luego no podr\u00e1 con el  proceso electoral cuando se templen y agiten las pasiones\u201d.<br \/>&#13;<br \/>\n  <br \/>&#13;<br \/>\n  Un grupo de ex generales y almirantes  retirados de las Fuerzas Armadas sometieron una instancia ante la JCE, en la que afirman que el  actor del spot publicitario promoviendo la figura del presidente Leonel  Fern\u00e1ndez era un militar activo.<\/p>\n<p>&#13;<\/p>\n<h6> 2007-10-26 02:24:25 <\/h6>\n<p><!--\n<link rel=\"stylesheet\" href=\"css\/bootstrap.min.css\">\n\n\n<ul class=\"pagination\">\n\t    \n\t\n\n<li >\n\t<a href='?page_no=34825'>Previous<\/a>\n\t<\/li>\n\n\n       \n    \n\n<li><a href='?page_no=1'>1<\/a><\/li>\n\n\n\n<li><a href='?page_no=2'>2<\/a><\/li>\n\n\n\n<li><a>...<\/a><\/li>\n\n\n\n<li><a href='?page_no=34824'>34824<\/a><\/li>\n\n\n\n<li><a href='?page_no=34825'>34825<\/a><\/li>\n\n\n\n<li class='active'><a>34826<\/a><\/li>\n\n\n\n<li><a href='?page_no=34827'>34827<\/a><\/li>\n\n\n\n<li><a href='?page_no=34828'>34828<\/a><\/li>\n\n\n\n<li><a>...<\/a><\/li>\n\n\n\n<li><a href='?page_no=36999'>36999<\/a><\/li>\n\n\n\n<li><a href='?page_no=37000'>37000<\/a><\/li>\n\n    \n\t\n\n<li >\n\t<a href='?page_no=34827'>Next<\/a>\n\t<\/li>\n\n\n    \n\n<li><a href='?page_no=37000'>Last &rsaquo;&rsaquo;<\/a><\/li>\n\n<\/ul>\n\n\n--><br \/>\n<\/body><\/p>\n","protected":false},"excerpt":{"rendered":"<p>Alburquerque acusa a la JCE de debilidad y falta de autoridad &#13; SANTO DOMINGO.- El presidente del Partido Revolucionario Dominicano (PRD) consider\u00f3 que la Junta\u00a0 Central Electoral ha actuado con debilidad y falta de autoridad, en relaci\u00f3n a un spot publicitario del Partido de la Liberaci\u00f3n Dominicano (PLD).&#13; &#13; Ram\u00f3n Alburquerque dijo que el spot [&hellip;]<\/p>\n","protected":false},"author":3,"featured_media":0,"comment_status":"open","ping_status":"open","sticky":false,"template":"","format":"standard","meta":{"footnotes":""},"categories":[22],"tags":[],"class_list":["post-192078","post","type-post","status-publish","format-standard","hentry","category-politica"],"_links":{"self":[{"href":"https:\/\/diariodominicano.com\/index.php?rest_route=\/wp\/v2\/posts\/192078","targetHints":{"allow":["GET"]}}],"collection":[{"href":"https:\/\/diariodominicano.com\/index.php?rest_route=\/wp\/v2\/posts"}],"about":[{"href":"https:\/\/diariodominicano.com\/index.php?rest_route=\/wp\/v2\/types\/post"}],"author":[{"embeddable":true,"href":"https:\/\/diariodominicano.com\/index.php?rest_route=\/wp\/v2\/users\/3"}],"replies":[{"embeddable":true,"href":"https:\/\/diariodominicano.com\/index.php?rest_route=%2Fwp%2Fv2%2Fcomments&post=192078"}],"version-history":[{"count":0,"href":"https:\/\/diariodominicano.com\/index.php?rest_route=\/wp\/v2\/posts\/192078\/revisions"}],"wp:attachment":[{"href":"https:\/\/diariodominicano.com\/index.php?rest_route=%2Fwp%2Fv2%2Fmedia&parent=192078"}],"wp:term":[{"taxonomy":"category","embeddable":true,"href":"https:\/\/diariodominicano.com\/index.php?rest_route=%2Fwp%2Fv2%2Fcategories&post=192078"},{"taxonomy":"post_tag","embeddable":true,"href":"https:\/\/diariodominicano.com\/index.php?rest_route=%2Fwp%2Fv2%2Ftags&post=192078"}],"curies":[{"name":"wp","href":"https:\/\/api.w.org\/{rel}","templated":true}]}}