{"id":192077,"date":"2007-10-26T04:00:22","date_gmt":"2007-10-26T04:00:22","guid":{"rendered":"http:\/\/diariodominicano.ddns.net\/?p=192077"},"modified":"2007-10-26T04:00:22","modified_gmt":"2007-10-26T04:00:22","slug":"amable-dice-leonel-es-la-antitesis-de-balaguer-porque-gobierna-para-ayudar-un-grupito-de-allegados","status":"publish","type":"post","link":"https:\/\/diariodominicano.com\/?p=192077","title":{"rendered":"Amable dice  Leonel es la \u201cant\u00edtesis\u201d de Balaguer porque gobierna para ayudar un grupito de allegados"},"content":{"rendered":"<p><body><\/p>\n<p align=\"justify\" class=\"titulogrande1\">Amable dice Leonel es  la \u201cant\u00edtesis\u201d de Balaguer porque gobierna para ayudar un grupito de allegados<\/p>\n<p>&#13;<\/p>\n<p align=\"justify\" class=\"text1noticias\"><strong><img loading=\"lazy\" decoding=\"async\" src=\"http:\/\/localhost:8080\/pictures\/amablen.jpg\" width=\"269\" height=\"374\" hspace=\"4\" align=\"left\" \/>LOS ALCARRIZOS.- <\/strong>El candidato presidencial del Partido  Reformista Social Cristiano (PRSC), Amable Aristy, consider\u00f3\u00a0 este jueves que el presidente Leonel  Fern\u00e1ndez es la \u201cant\u00edtesis\u201d del  presidente \u00a0Joaqu\u00edn Balaguer porque  gobierna para favorecer a un \u00a0grupito de  allegados, ricos y poderosos.<\/p>\n<p>&#13;<\/p>\n<p align=\"justify\" class=\"text1noticias\">Sostuvo que la diferencia de gobernar entre Balaguer y  Leonel es abismal, porque el primero gobernaba para favorecer a los pobres y  excluidos, mientras el actual mandatario lo hace para enriquecer a unos  pocos, como ha quedado evidenciado en  sus dos administraciones.<\/p>\n<p>&#13;<\/p>\n<p align=\"justify\" class=\"text1noticias\">\u201cEl contraste entre ambos pol\u00edticos es muy profundo, a pesar  de los esfuerzos que hace el presidente Fern\u00e1ndez por pintarse de  m\u00e1s balaguerista que el propio Balaguer\u201d.<\/p>\n<p>&#13;<\/p>\n<p align=\"justify\" class=\"text1noticias\">Aristy insisti\u00f3 que la forma de Leonel gobernar es \u201cla  ant\u00edtesis\u201d del fenecido l\u00edder reformista y del propio fundador del Partido  de la Liberaci\u00f3n Dominicana (PLD), el profesor Juan Bosch, al que tambi\u00e9n ha  querido suplantar.<\/p>\n<p>&#13;<\/p>\n<p align=\"justify\" class=\"text1noticias\">Asegur\u00f3 que el mandatario y candidato pelede\u00edsta jam\u00e1s podr\u00e1  contar con el \u00a0voto balaguerista, \u201cel  cual decepcionado por los gobiernos de este est\u00e1 decidido a respaldar a nuestra organizaci\u00f3n en las  elecciones del 16 de mayo \u00a0para producir  un verdadero cambio a favor de los pobres e indigentes\u201d.<\/p>\n<p>&#13;<\/p>\n<p align=\"justify\" class=\"text1noticias\">Record\u00f3 que en las administraciones reformistas se dispon\u00eda  del 70 por ciento del Presupuesto Nacional para inversiones de capital  a favor de los pobres e indigentes y solo el 30% se dedicaba al gasto  corriente.<\/p>\n<p>&#13;<\/p>\n<p align=\"justify\" class=\"text1noticias\">Sin embargo, afirm\u00f3 que en los gobiernos del presidente  Fern\u00e1ndez ocurre todo lo contrario, el 80 por ciento de los ingresos  corresponde al gasto corriente \u201co sea, que se dilapida en salarios de lujos,  vi\u00e1ticos, viajes y otros gastos superfluos de los funcionarios\u201d.<\/p>\n<p>&#13;<\/p>\n<p align=\"justify\" class=\"text1noticias\">\u201cEn el Gobierno del PLD apenas el 20 por ciento se destina a  inversi\u00f3n de capital y casi siempre con recursos provenientes de  endeudamiento externo\u201d, \u00a0expres\u00f3.<\/p>\n<p>&#13;<\/p>\n<p align=\"justify\" class=\"text1noticias\">El candidato presidencial reformista dijo que Balaguer\u00a0 fue siempre un nacionalista, enemigo del endeudamiento externo e interno y  exageradamente \u00a0austero,\u00a0 adem\u00e1s un defensor del medio ambiente.<\/p>\n<p>&#13;<\/p>\n<p align=\"justify\" class=\"text1noticias\">\u201cSin embargo, Leonel que vive compar\u00e1ndose con Balaguer es  todo lo contrario, porque es un neoliberal a carta cabal, apegado al  endeudamiento externo y a la privatizaci\u00f3n de las empresas p\u00fablicas, como  ocurri\u00f3 en su primer gobierno, que se convirti\u00f3 en un gran fracaso\u201d, dijo.<\/p>\n<p>&#13;<\/p>\n<p align=\"justify\" class=\"text1noticias\">Indic\u00f3 que el Jefe del Estado es muy dado al endeudamiento  para desarrollar proyectos no prioritarios, como el Metro de Santo Domingo, que  pr\u00e1cticamente \u00a0se traga el Presupuesto  Nacional \u201cmientras hay millones de dominicanos \u00a0muri\u00e9ndose de hambre, hospitales sin medicina  y escuelas sin pupitres\u201d.<\/p>\n<p>&#13;<\/p>\n<p align=\"justify\" class=\"text1noticias\">\u201cLeonel puede incluso cambiar su jepeta por un viejo Lincoln  del 78 o caminar con traje y sombrero por el Mirador Sur, como lo  hac\u00eda Balaguer,\u00a0 y \u00a0sin embargo, nunca podr\u00e1 ser ni parecerse  jam\u00e1s al fundador y l\u00edder del PRSC\u201d, insisti\u00f3.<\/p>\n<p>&#13;<\/p>\n<p align=\"justify\" class=\"text1noticias\">Entiende que comparar a ambos ser\u00eda como hacerlo con el  patricio Juan Pablo \u00a0Duarte y el general  Pedro Santana, \u201cporque entre Balaguer y Leonel hay la \u00a0misma distancia que entre un pr\u00f3cer y un  desalmado\u201d.<\/p>\n<p>&#13;<\/p>\n<p align=\"justify\" class=\"text1noticias\">\u201cNosotros no hemos escrito ni le\u00eddo tantos libros como lo  hizo Balaguer, pero como un humilde disc\u00edpulo suyo hered\u00e9 el amor y la  sensibilidad por los \u00a0pobres, mujeres,  campesinos,\u00a0 ni\u00f1os, ancianos y la  juventud\u201d, expreso.<\/p>\n<p>&#13;<\/p>\n<p align=\"justify\" class=\"text1noticias\">Prometi\u00f3 \u00a0que  gobernar\u00e1 para que estos segmentos de la sociedad tengan un mejor porvenir, garantiz\u00e1ndole empleos, educaci\u00f3n, salud,  viviendas y sobre \u00a0todo la seguridad de  comer tres veces al d\u00eda.<\/p>\n<p>&#13;<\/p>\n<p align=\"justify\" class=\"text1noticias\">Amable Aristy habl\u00f3 en estos t\u00e9rminos en Los Alcarrizos,  donde encabez\u00f3 un \u00a0\u201ccacerolazo contra la  pobreza\u201d y donde dijo que este municipio es una muestra de la visi\u00f3n y la sensibilidad pol\u00edtica y social que  siempre tuvo Balaguer, porque en su administraci\u00f3n fue que se desarroll\u00f3  y creci\u00f3 esta comunidad.<\/p>\n<p>&#13;<\/p>\n<p align=\"justify\" class=\"text1noticias\">Se\u00f1al\u00f3 que Balaguer construy\u00f3 escuelas, apartamentos,  calles, zonas francas, hospitales, acueducto y los servicios esenciales para vivir  en condiciones digna.<\/p>\n<p>&#13;<\/p>\n<p align=\"justify\" class=\"text1noticias\">Pero dijo que todav\u00eda quedan muchas cosas por hacer a favor  de miles de familias humildes que habitan en condiciones infrahumanas en  esta comunidad, \u00a0\u201cpara los que tengo un  amplio programa de pol\u00edtica social que vamos a \u00a0desarrollar tan pronto nos juramentemos como  Presidente de la Rep\u00fablica\u201d.<\/p>\n<p>&#13;<\/p>\n<p align=\"justify\" class=\"text1noticias\">Prometi\u00f3 \u00a0que  gobernar\u00e1 para los pobres aplicando el librito de Balaguer porque es un fiel disc\u00edpulo formado y preparado por \u00e9l y  surgido de la misma \u00a0entra\u00f1a de la  pobreza\u00a0 en que vive la mayor\u00eda de la  poblaci\u00f3n, \u201clo que me \u00a0hace garante de  hacer un gobierno en que los pobres ser\u00e1n los primeros\u201d.<\/p>\n<p>&#13;<\/p>\n<p align=\"justify\" class=\"text1noticias\">En la actividad, que se inici\u00f3 pasada las once de la ma\u00f1ana  y se extendi\u00f3 por mas de tres horas, el candidato reformista distribuy\u00f3  miles de gallinas, cupones para obtener gas de cocinar, pl\u00e1tanos, mosquiteros,  sillas de ruedas, colchones, computadoras y dinero en efectivo a  familias necesitadas. <\/p>\n<p>&#13;<\/p>\n<p align=\"justify\" class=\"text1noticias\">Tambi\u00e9n se realizaron operativos m\u00e9dicos y de fumigaci\u00f3n.<br \/>&#13;<br \/>\n  <br \/>&#13;<br \/>\n\u201cBalaguer nunca apoyo a Leonel Fern\u00e1ndez, lo que hizo fue  una acuerdo con su \u00a0amigo Juan Bosch en  1996, del\u00a0 cual el actual presidente se  benefici\u00f3. Sin \u00a0embargo, ha traicionado  las memorias de ambos lideres\u201d.<\/p>\n<p>&#13;<\/p>\n<h6> 2007-10-26 04:00:22 <\/h6>\n<p><!--\n<link rel=\"stylesheet\" href=\"css\/bootstrap.min.css\">\n\n\n<ul class=\"pagination\">\n\t    \n\t\n\n<li >\n\t<a href='?page_no=34824'>Previous<\/a>\n\t<\/li>\n\n\n       \n    \n\n<li><a href='?page_no=1'>1<\/a><\/li>\n\n\n\n<li><a href='?page_no=2'>2<\/a><\/li>\n\n\n\n<li><a>...<\/a><\/li>\n\n\n\n<li><a href='?page_no=34823'>34823<\/a><\/li>\n\n\n\n<li><a href='?page_no=34824'>34824<\/a><\/li>\n\n\n\n<li class='active'><a>34825<\/a><\/li>\n\n\n\n<li><a href='?page_no=34826'>34826<\/a><\/li>\n\n\n\n<li><a href='?page_no=34827'>34827<\/a><\/li>\n\n\n\n<li><a>...<\/a><\/li>\n\n\n\n<li><a href='?page_no=36999'>36999<\/a><\/li>\n\n\n\n<li><a href='?page_no=37000'>37000<\/a><\/li>\n\n    \n\t\n\n<li >\n\t<a href='?page_no=34826'>Next<\/a>\n\t<\/li>\n\n\n    \n\n<li><a href='?page_no=37000'>Last &rsaquo;&rsaquo;<\/a><\/li>\n\n<\/ul>\n\n\n--><br \/>\n<\/body><\/p>\n","protected":false},"excerpt":{"rendered":"<p>Amable dice Leonel es la \u201cant\u00edtesis\u201d de Balaguer porque gobierna para ayudar un grupito de allegados &#13; LOS ALCARRIZOS.- El candidato presidencial del Partido Reformista Social Cristiano (PRSC), Amable Aristy, consider\u00f3\u00a0 este jueves que el presidente Leonel Fern\u00e1ndez es la \u201cant\u00edtesis\u201d del presidente \u00a0Joaqu\u00edn Balaguer porque gobierna para favorecer a un \u00a0grupito de allegados, ricos [&hellip;]<\/p>\n","protected":false},"author":3,"featured_media":0,"comment_status":"open","ping_status":"open","sticky":false,"template":"","format":"standard","meta":{"footnotes":""},"categories":[22],"tags":[],"class_list":["post-192077","post","type-post","status-publish","format-standard","hentry","category-politica"],"_links":{"self":[{"href":"https:\/\/diariodominicano.com\/index.php?rest_route=\/wp\/v2\/posts\/192077","targetHints":{"allow":["GET"]}}],"collection":[{"href":"https:\/\/diariodominicano.com\/index.php?rest_route=\/wp\/v2\/posts"}],"about":[{"href":"https:\/\/diariodominicano.com\/index.php?rest_route=\/wp\/v2\/types\/post"}],"author":[{"embeddable":true,"href":"https:\/\/diariodominicano.com\/index.php?rest_route=\/wp\/v2\/users\/3"}],"replies":[{"embeddable":true,"href":"https:\/\/diariodominicano.com\/index.php?rest_route=%2Fwp%2Fv2%2Fcomments&post=192077"}],"version-history":[{"count":0,"href":"https:\/\/diariodominicano.com\/index.php?rest_route=\/wp\/v2\/posts\/192077\/revisions"}],"wp:attachment":[{"href":"https:\/\/diariodominicano.com\/index.php?rest_route=%2Fwp%2Fv2%2Fmedia&parent=192077"}],"wp:term":[{"taxonomy":"category","embeddable":true,"href":"https:\/\/diariodominicano.com\/index.php?rest_route=%2Fwp%2Fv2%2Fcategories&post=192077"},{"taxonomy":"post_tag","embeddable":true,"href":"https:\/\/diariodominicano.com\/index.php?rest_route=%2Fwp%2Fv2%2Ftags&post=192077"}],"curies":[{"name":"wp","href":"https:\/\/api.w.org\/{rel}","templated":true}]}}